{"id":102342,"date":"2025-12-02T15:56:09","date_gmt":"2025-12-02T15:56:09","guid":{"rendered":"https:\/\/www.europesays.com\/no\/102342\/"},"modified":"2025-12-02T15:56:09","modified_gmt":"2025-12-02T15:56:09","slug":"vi-vil-utvikle-ikke-avvikle-store","status":"publish","type":"post","link":"https:\/\/www.europesays.com\/no\/102342\/","title":{"rendered":"Vi vil utvikle, ikke avvikle St\u00f8re"},"content":{"rendered":"\n<p class=\"_prefix_nfjwc_1 layout-padded\">Meninger<br \/>Debattinnlegg<\/p>\n<p class=\"_lead_o9xde_2 _lead_xtcu6_50 layout-component text-serif-m layout-normal text-serif-l _lead_1eue0_21 layout-component layout-normal layout-padded layout-padded\">MDG kommer aldri til \u00e5 st\u00f8tte en Frp-regjering. Men vi vil ha en St\u00f8re som statsminister som tar klimal\u00f8ftene han har gitt til sine barnebarn p\u00e5 alvor. <\/p>\n<p><img decoding=\"async\" class=\"_image_1pdwo_15\" itemprop=\"image\" loading=\"lazy\"  src=\"https:\/\/www.europesays.com\/no\/wp-content\/uploads\/2025\/12\/d5ade515-27f3-4e29-b6bd-85076d149807\"  width=\"40\"\/><strong>Fr\u00f8ya Sjurs\u00e6ter<\/strong><\/p>\n<p class=\"_description_1pdwo_10 text-sans-s\">stortingsrepresentant MDG<\/p>\n<p><img alt=\"Bildet er fra statsminister St\u00f8res tale p\u00e5 klimatoppm\u00f8tet i egyptiske Sharm el Sheikh i 2022. Foto: Javad Parsa \/ NTB\" class=\"_image_qp4xg_65 layout-component layout-wide\" data-fullscreen- data-track-element-type=\"Article image fullscreen\" data-track-name=\"ImageFullscreen\" fetchpriority=\"high\" decoding=\"sync\" loading=\"eager\" height=\"3668\" itemprop=\"image\"  src=\"https:\/\/www.europesays.com\/no\/wp-content\/uploads\/2025\/12\/057a6282-7afc-498a-8d4e-af7c99a4cb5a\"  style=\"object-position:0% 0%\" width=\"5503\"\/>Bildet er fra statsminister St\u00f8res tale p\u00e5 klimatoppm\u00f8tet i egyptiske Sharm el Sheikh i 2022. Foto: Javad Parsa \/ NTBTirsdag 2. desember kl. 14:50     <\/p>\n<p class=\"_paragraph_o9xde_4 _paragraph_xtcu6_10 layout-component text-serif-m layout-normal text-serif-m layout-padded\">Hanne Skartveit sp\u00f8r hva MDG og SV\u00a0<a href=\"https:\/\/www.vg.no\/nyheter\/i\/M7wydB\/hva-var-det-egentlig-de-trodde\" data-track-element-type=\"Link\" data-track-id=\"link:M7wydB\" class=\"_link_o9xde_39\" rel=\"nofollow noopener\" target=\"_blank\">\u00abegentlig trodde<\/a>\u00bb. <\/p>\n<p class=\"_paragraph_o9xde_4 _paragraph_xtcu6_10 layout-component text-serif-m layout-normal text-serif-m layout-padded\">Svaret er ganske enkelt for oss i MDG: Vi trodde at det historiske gr\u00f8nne flertallet p\u00e5 Stortinget \u2013 MDG, SV og R\u00f8dt, som til sammen er st\u00f8rre enn H\u00f8yre \u2013 kunne brukes til \u00e5 f\u00e5 p\u00e5 plass et solidarisk budsjett som faktisk kutter utslippene. <\/p>\n<p class=\"_paragraph_o9xde_4 _paragraph_xtcu6_10 layout-component text-serif-m layout-normal text-serif-m layout-padded\">Og som legger grunnlaget for en trygg omstilling for b\u00e5de folk og arbeidsplasser.<\/p>\n<p class=\"_paragraph_o9xde_4 _paragraph_xtcu6_10 layout-component text-serif-m layout-normal text-serif-m layout-padded\">Det burde ikke v\u00e6re et radikalt eller uansvarlig m\u00e5l i 2025. Det er egentlig bare helt n\u00f8dvendig.<\/p>\n<p class=\"_paragraph_o9xde_4 _paragraph_xtcu6_10 layout-component text-serif-m layout-normal text-serif-m layout-padded\">Dette handler ikke om \u00e5 male oss inn i et hj\u00f8rne. Det handler om \u00e5 st\u00e5 for det vi \u2013 <a href=\"https:\/\/www.wwf.no\/nyheter\/ap-velgere-sier-nei-til-oljeleting-og-gruvedrift-p%C3%A5-havbunnen\" class=\"_link_o9xde_39\" rel=\"nofollow noopener\" target=\"_blank\">og et flertall av Norges befolkning<\/a> \u2013 vet er n\u00f8dvendig.<\/p>\n<p class=\"_paragraph_o9xde_4 _paragraph_xtcu6_10 layout-component text-serif-m layout-normal text-serif-m layout-padded\">Likevel har vi v\u00e6rt fleksible fra start. Vi har skj\u00f8nner at vi m\u00e5 gi og ta i forhandlinger. <\/p>\n<p class=\"_paragraph_o9xde_4 _paragraph_xtcu6_10 layout-component text-serif-m layout-normal text-serif-m layout-padded\">Vi har v\u00e6rt villige til \u00e5 stemme for et budsjett med fortsatt oljeinvesteringer eller lavere priser for bensin og diesel. <\/p>\n<p class=\"_paragraph_o9xde_4 _paragraph_xtcu6_10 layout-component text-serif-m layout-normal text-serif-m layout-padded\">MDG \u00f8nsker at Norge leverer gass til Europa i mange \u00e5r fremover. Og ja, vi er \u00e5pne for \u00e5\u00a0<a href=\"https:\/\/www.vg.no\/nyheter\/i\/PdrwrR\/mdg-vi-kan-fortsette-aa-produsere-gass-utover-2040\" data-track-element-type=\"Link\" data-track-id=\"link:PdrwrR\" class=\"_link_o9xde_39\" rel=\"nofollow noopener\" target=\"_blank\">skyve p\u00e5 sluttdatoen<\/a> for oljen\u00e6ringen.<\/p>\n<p class=\"_paragraph_o9xde_4 _paragraph_xtcu6_10 layout-component text-serif-m layout-normal text-serif-m layout-padded\">Men vi kan ikke si ja til et budsjett som gj\u00f8r at utslippene g\u00e5r opp etter ukevis med forhandlinger, og som mangler de langsiktige planene Norge selv har lovet \u2013\u00a0<a href=\"https:\/\/www.vg.no\/nyheter\/i\/XMlmVg\/regjeringen-kan-ha-lovet-eu-det-de-nekter-aa-gi-mdg\" data-track-element-type=\"Link\" data-track-id=\"link:XMlmVg\" class=\"_link_o9xde_39\" rel=\"nofollow noopener\" target=\"_blank\">b\u00e5de til EU<\/a>\u00a0og i Arbeiderpartiets eget program.<\/p>\n<p class=\"_paragraph_o9xde_4 _paragraph_xtcu6_10 layout-component text-serif-m layout-normal text-serif-m layout-padded\">Da blir sp\u00f8rsm\u00e5let ikke hva vi trodde \u2013 men hva slags klimapolitikk Norge egentlig skal styre etter.<\/p>\n<p class=\"_paragraph_o9xde_4 _paragraph_xtcu6_10 layout-component text-serif-m layout-normal text-serif-m layout-padded\">Skartveit hevder at vi \u00abkaster Norge ut i regjeringskrise\u00bb. Men dersom alternativet er et budsjett som styrer oss inn i permanent klimakaos p\u00e5 autopilot, s\u00e5 er det faktisk v\u00e5r plikt \u00e5 si stopp.<\/p>\n<p class=\"_paragraph_o9xde_4 _paragraph_xtcu6_10 layout-component text-serif-m layout-normal text-serif-m layout-padded\">Uro i noen uker er mindre farlig enn uro i klimaet i flere ti\u00e5r.<\/p>\n<p class=\"_paragraph_o9xde_4 _paragraph_xtcu6_10 layout-component text-serif-m layout-normal text-serif-m layout-padded\">Dette handler ikke om et \u00f8nske om \u00e5 slukke lyset p\u00e5 norsk sokkel over natta. <\/p>\n<p class=\"_paragraph_o9xde_4 _paragraph_xtcu6_10 layout-component text-serif-m layout-normal text-serif-m layout-padded\">Det handler om \u00e5 gj\u00f8re den norske \u00f8konomien mindre s\u00e5rbar \u2013 og \u00e5 gi arbeidere p\u00e5 verftene reelle framtidsmuligheter, ikke tomme l\u00f8fter om plattformer Equinor selv sier at det ikke skal bygges flere av.<\/p>\n<p class=\"_paragraph_o9xde_4 _paragraph_xtcu6_10 layout-component text-serif-m layout-normal text-serif-m layout-padded\">Dette er ikke radikalt. Regjeringens eget klimautvalg ber om en omstillingsplan ut av olje. SSB ber om det. <a href=\"https:\/\/www.aftenposten.no\/norge\/politikk\/i\/43jX2G\/fagforbundet-stoetter-mdgs-oljekrav-i-budsjettforhandlingene\" class=\"_link_o9xde_39\" rel=\"nofollow noopener\" target=\"_blank\">Fagforbundet<\/a> ber om det. Statsforvalterne i Rogaland og Vestland ber om det.<\/p>\n<p class=\"_paragraph_o9xde_4 _paragraph_xtcu6_10 layout-component text-serif-m layout-normal text-serif-m layout-padded\"><a href=\"https:\/\/www.nrk.no\/urix\/xl\/det-danske-oljeeventyret-har-fatt-en-sluttdato-1.16437722\" class=\"_link_o9xde_39\" rel=\"nofollow noopener\" target=\"_blank\">Danmark<\/a>\u00a0og\u00a0<a href=\"https:\/\/www.nrk.no\/klima\/storbritannia-stanser-leting-etter-ny-olje-og-gass-1.17668829#:~:text=Det%20er%20melding%20fra%20b%C3%A5de,leting%20i%20helt%20nye%20omr%C3%A5der.\" class=\"_link_o9xde_39\" rel=\"nofollow noopener\" target=\"_blank\">Storbritannia<\/a>\u00a0stanser leting etter ny olje. Markedet rundt oss skifter for fullt. Skal Norge bare st\u00e5 og se p\u00e5?<\/p>\n<p class=\"_paragraph_o9xde_4 _paragraph_xtcu6_10 layout-component text-serif-m layout-normal text-serif-m layout-padded\">Ja, det er riktig at norsk gass har en rolle i Europas sikkerhet n\u00e5. Men det tryggeste vi kan gj\u00f8re for Europa \u2013 og for oss selv \u2013 er \u00e5 skape en planlagt overgang til fornybart, slik EU selv ber oss om. <\/p>\n<p class=\"_paragraph_o9xde_4 _paragraph_xtcu6_10 layout-component text-serif-m layout-normal text-serif-m layout-padded\">En uplanlagt overgang, drevet av markedskollaps, klimaskader eller geopolitiske sjokk? Det vil v\u00e6re skadelig.<\/p>\n<p class=\"_paragraph_o9xde_4 _paragraph_xtcu6_10 layout-component text-serif-m layout-normal text-serif-m layout-padded\">For \u00e5 sitere Aps eget oljeslagord: Vi vil utvikle, ikke avvikle St\u00f8re.<\/p>\n<p class=\"_paragraph_o9xde_4 _paragraph_xtcu6_10 layout-component text-serif-m layout-normal text-serif-m layout-padded\">Og n\u00e5r vi f\u00e5r et budsjett som faktisk kutter utslipp og bygger landet videre p\u00e5 en rettferdig og trygg m\u00e5te, er vi klare til \u00e5 st\u00f8tte St\u00f8re \u2013 slik at han kan holde sine <a href=\"https:\/\/www.vg.no\/nyheter\/i\/V9GLj1\/dette-er-stoeres-klimaloefte-til-barnebarna\" data-track-element-type=\"Link\" data-track-id=\"link:V9GLj1\" class=\"_link_o9xde_39\" rel=\"nofollow noopener\" target=\"_blank\">egne l\u00f8fter til sine barnebarn<\/a>.<\/p>\n<p>   Dette er en kronikk. Kronikken gir uttrykk for skribentens holdning. Du kan sende inn kronikker og debattinnlegg til <a class=\"_link_jv5ak_10\" href=\"https:\/\/www.vg.no\/nyheter\/i\/BxVOg9\/mailto:debatt@vg.no\" rel=\"nofollow noopener\" target=\"_blank\">debatt@vg.no<\/a>. <\/p>\n","protected":false},"excerpt":{"rendered":"MeningerDebattinnlegg MDG kommer aldri til \u00e5 st\u00f8tte en Frp-regjering. Men vi vil ha en St\u00f8re som statsminister som&hellip;\n","protected":false},"author":2,"featured_media":102343,"comment_status":"","ping_status":"","sticky":false,"template":"","format":"standard","meta":{"footnotes":""},"categories":[5],"tags":[20,21,24,25,12049,15,19,3810,22,23,17,18,13,30,28,29,14,16,568,26,27],"class_list":{"0":"post-102342","1":"post","2":"type-post","3":"status-publish","4":"format-standard","5":"has-post-thumbnail","7":"category-overskrifter","8":"tag-breaking-news","9":"tag-breakingnews","10":"tag-featured-news","11":"tag-featurednews","12":"tag-froya-skjold-sjursaether-mdg","13":"tag-headlines","14":"tag-hovedoppslag","15":"tag-klimapolitikk","16":"tag-latest-news","17":"tag-latestnews","18":"tag-main-news","19":"tag-mainnews","20":"tag-news","21":"tag-no","22":"tag-norge","23":"tag-norway","24":"tag-nyheter","25":"tag-overskrifter","26":"tag-store-regjeringen","27":"tag-top-stories","28":"tag-topstories"},"share_on_mastodon":{"url":"https:\/\/pubeurope.com\/@no\/115650794994878778","error":""},"_links":{"self":[{"href":"https:\/\/www.europesays.com\/no\/wp-json\/wp\/v2\/posts\/102342","targetHints":{"allow":["GET"]}}],"collection":[{"href":"https:\/\/www.europesays.com\/no\/wp-json\/wp\/v2\/posts"}],"about":[{"href":"https:\/\/www.europesays.com\/no\/wp-json\/wp\/v2\/types\/post"}],"author":[{"embeddable":true,"href":"https:\/\/www.europesays.com\/no\/wp-json\/wp\/v2\/users\/2"}],"replies":[{"embeddable":true,"href":"https:\/\/www.europesays.com\/no\/wp-json\/wp\/v2\/comments?post=102342"}],"version-history":[{"count":0,"href":"https:\/\/www.europesays.com\/no\/wp-json\/wp\/v2\/posts\/102342\/revisions"}],"wp:featuredmedia":[{"embeddable":true,"href":"https:\/\/www.europesays.com\/no\/wp-json\/wp\/v2\/media\/102343"}],"wp:attachment":[{"href":"https:\/\/www.europesays.com\/no\/wp-json\/wp\/v2\/media?parent=102342"}],"wp:term":[{"taxonomy":"category","embeddable":true,"href":"https:\/\/www.europesays.com\/no\/wp-json\/wp\/v2\/categories?post=102342"},{"taxonomy":"post_tag","embeddable":true,"href":"https:\/\/www.europesays.com\/no\/wp-json\/wp\/v2\/tags?post=102342"}],"curies":[{"name":"wp","href":"https:\/\/api.w.org\/{rel}","templated":true}]}}