{"id":102344,"date":"2025-12-02T15:57:14","date_gmt":"2025-12-02T15:57:14","guid":{"rendered":"https:\/\/www.europesays.com\/no\/102344\/"},"modified":"2025-12-02T15:57:14","modified_gmt":"2025-12-02T15:57:14","slug":"vm-bombe-galskap","status":"publish","type":"post","link":"https:\/\/www.europesays.com\/no\/102344\/","title":{"rendered":"VM-bombe: &#8211; Galskap"},"content":{"rendered":"<p class=\"kicker bg-gold color_mobile_bg-gold align-center mobile_text_align_align-center hasTextPadding mobile-hasTextPadding\" style=\"\">H\u00e5ndball-VM<\/p>\n<p>  F\u00e6r\u00f8yene sjokkerte h\u00e5ndballverden. N\u00e5 kan de bli Norges kvartfinalemotstander.<\/p>\n<p>\n    VIDERE: F\u00e6r\u00f8yene-spillerne feirer avansementet til mellomrunden. Foto: NTB\n  <\/p>\n<p>TRIER\/DORTMUND (Dagbladet): F\u00e6r\u00f8yenes seier over Spania var et lyn fra klar himmel i VM.\u00a0<\/p>\n<p>N\u00e5 g\u00e5r de til hovedrunden med to poeng i bagasjen. Det samme som Spania, Montenegro og Serbia. I en gruppe hvor hjemmenasjon Tyskland har fire poeng og er storfavoritt.\u00a0<\/p>\n<p>    <a itemprop=\"url\" href=\"https:\/\/www.dagbladet.no\/sport\/jeg-ble-redd\/83924403\" rel=\"nofollow noopener\" target=\"_blank\"><\/p>\n<p>      <img loading=\"lazy\" decoding=\"async\" src=\"https:\/\/www.europesays.com\/no\/wp-content\/uploads\/2025\/12\/83924800.webp\" width=\"980\" height=\"441\" title=\"Norge slo alarm: - Jeg ble redd\" alt=\"\" class=\"lazyload\" style=\"--aspect-ratio-image: 2.22; \"\/><\/p>\n<p>        Norge slo alarm: &#8211; Jeg ble redd<\/p>\n<p>    <\/a><\/p>\n<p>N\u00e5 har b\u00e5de det norske og f\u00e6r\u00f8yske laget og de norske h\u00e5ndballjentene beveget seg de 26 milene nordover fra Trier til Dortmund.\u00a0<\/p>\n<p>Tidlig i neste uke kan det faktisk bli en sensasjonell kvartfinale mot Norge &#8211; om F\u00e6r\u00f8yene skulle klare \u00e5 utrette noe stort p\u00e5 nytt. Norge er storfavoritter til \u00e5 vinne sin gruppe foran Sverige. I kvarten venter da lag nummer to fra F\u00e6r\u00f8yens gruppe. F\u00f8r mellomrunden er det bare seks m\u00e5l som skiller dem fra den plasseringen.<\/p>\n<p>        GULLFEIRING: Nora M\u00f8rk tilbragte fjor\u00e5rets h\u00e5ndballmesterskap som kommentator p\u00e5 grunn av graviditet, men etter finalen ble hun observert i mixed zone sammen med Henny Reistad. N\u00e5 forklarer hun bildene. Video: Myhrvold Simensen\/Skingen\/Dagbladet<\/p>\n<p>Men skal den sikres m\u00e5 de trolig sl\u00e5 b\u00e5de Island og Serbia. F\u00f8rst er de gigantiske under dogs mot hjemmenasjon Tyskland tirsdag kveld.<\/p>\n<p>&#8211; Det er veldig lite sannsynlig at F\u00e6r\u00f8yene kommer til kvartfinalen. De f\u00e5r en s\u00e6rdeles t\u00f8ff oppgave mot Tyskland. Greier de \u00e5 vinne en av kampene er det helt fantastisk, men \u00e5 vinne to, det kan jeg nesten helt garantere at de ikke klarer, sier NRK-ekspert og Storhamar-trener Kenneth Gabrielsen.\u00a0<\/p>\n<p>    <a itemprop=\"url\" href=\"https:\/\/www.dagbladet.no\/sport\/et-traume\/83920202\" rel=\"nofollow noopener\" target=\"_blank\"><\/p>\n<p>      <img loading=\"lazy\" decoding=\"async\" src=\"https:\/\/www.europesays.com\/no\/wp-content\/uploads\/2025\/12\/1764691031_659_83920256.webp\" width=\"980\" height=\"441\" title=\"- Et traume\" alt=\"\" class=\"lazyload\" style=\"--aspect-ratio-image: 2.22; \"\/><\/p>\n<p>        &#8211; Et traume<\/p>\n<p>    <\/a><\/p>\n<p>Han s\u00e5 F\u00e6r\u00f8yenes siste kamp fra tribuneplass i Trier.\u00a0<\/p>\n<p class=\"italic m-italic\" data-lab-italic=\"italic\">&#8211; Er du overrasket over det de har f\u00e5tt til?<\/p>\n<p>&#8211; Veldig overrasket over at de vinner mot Spania. Der f\u00e5r de til et voldsomt toppniv\u00e5 og lykkes taktisk. Det er meget imponerende at de sl\u00e5r et Spania som s\u00f8ndag til tider valset over Montenegro. Men n\u00e5r lagene forbereder seg litt ekstra mot F\u00e6r\u00f8yene, s\u00e5 tror jeg det er lett \u00e5 gjennomskue dem, svarer han.<\/p>\n<p>    <a itemprop=\"url\" href=\"https:\/\/www.dagbladet.no\/sport\/ble-sendt-hjem\/83912792\" rel=\"nofollow noopener\" target=\"_blank\"><\/p>\n<p>      <img loading=\"lazy\" decoding=\"async\" src=\"https:\/\/www.europesays.com\/no\/wp-content\/uploads\/2025\/12\/1764691032_920_83912968.webp\" width=\"980\" height=\"441\" title=\"Ble sendt hjem\" alt=\"\" class=\"lazyload\" style=\"--aspect-ratio-image: 2.22; \"\/><\/p>\n<p>        Ble sendt hjem<\/p>\n<p>    <\/a><\/p>\n<p>Gabrielsen er ogs\u00e5 trener for F\u00e6r\u00f8yenes kaptein, Pernille Brandenborg. Til daglig er hun linjespiller under hans ledelse i Storhamar.<\/p>\n<p>          <img loading=\"lazy\" decoding=\"async\" src=\"https:\/\/www.europesays.com\/no\/wp-content\/uploads\/2025\/12\/83924331.webp\" width=\"686\" height=\"392\" title=\"KAPTEINEN: Pernille Brandenborg etter at avansement til mellomrunden var sikret. Foto: NTB\" alt=\"\" class=\"\" style=\"--aspect-ratio-image: 1.75; \"\/><\/p>\n<p>\n          KAPTEINEN: Pernille Brandenborg etter at avansement til mellomrunden var sikret. Foto: NTB\n      <\/p>\n<p>&#8211; Den beste dagen i livet mitt, jeg er m\u00e5ll\u00f8s. Dette var dr\u00f8mmen v\u00e5r, en dr\u00f8m vi har trodd p\u00e5, og derfor klarte vi det. Dette er galskap, jeg kan ikke tro det, sa hun selv i et euforisk intervju rett etter Spania-seieren.<\/p>\n<p>Norge- og Storhamar-keeper Eli Marie Raasok gledet seg stort over den f\u00e6r\u00f8yske suksessen i f\u00f8rste uke av VM.<\/p>\n<p>&#8211; Vi fulgte med siden vi hadde en Storhamar-spiller som gjorde det veldig bra. Hun fikk en melding etterp\u00e5, hun var i fyr og flamme, ler Raasok.\u00a0<\/p>\n<p>          <img loading=\"lazy\" decoding=\"async\" src=\"https:\/\/www.europesays.com\/no\/wp-content\/uploads\/2025\/12\/83924349.webp\" width=\"980\" height=\"559\" title=\"F\u00d8LGER MED: Norge-keeper Eli Marie Raasok. Foto: Beate Oma Dahle \/ NTB\" alt=\"\" class=\"\" style=\"--aspect-ratio-image: 1.75; \"\/><\/p>\n<p>\n          F\u00d8LGER MED: Norge-keeper Eli Marie Raasok. Foto: Beate Oma Dahle \/ NTB\n      <\/p>\n<p class=\"italic m-italic\" data-lab-italic=\"italic\">&#8211; S\u00e5 du for deg at de kunne st\u00e5 bak en slik bombe?<\/p>\n<p>&#8211; Bombe og bombe. De har et godt samspilt lag og flere gode spillere, jeg synes de er flinke, svarer Raasok.<\/p>\n","protected":false},"excerpt":{"rendered":"H\u00e5ndball-VM F\u00e6r\u00f8yene sjokkerte h\u00e5ndballverden. N\u00e5 kan de bli Norges kvartfinalemotstander. VIDERE: F\u00e6r\u00f8yene-spillerne feirer avansementet til mellomrunden. Foto: NTB&hellip;\n","protected":false},"author":2,"featured_media":102345,"comment_status":"","ping_status":"","sticky":false,"template":"","format":"standard","meta":{"footnotes":""},"categories":[59],"tags":[4092,105,9443,30,28,29,83,82],"class_list":{"0":"post-102344","1":"post","2":"type-post","3":"status-publish","4":"format-standard","5":"has-post-thumbnail","7":"category-sport","8":"tag-faeroyene","9":"tag-handball","10":"tag-handball-vm","11":"tag-no","12":"tag-norge","13":"tag-norway","14":"tag-sport","15":"tag-sports"},"share_on_mastodon":{"url":"https:\/\/pubeurope.com\/@no\/115650799073001896","error":""},"_links":{"self":[{"href":"https:\/\/www.europesays.com\/no\/wp-json\/wp\/v2\/posts\/102344","targetHints":{"allow":["GET"]}}],"collection":[{"href":"https:\/\/www.europesays.com\/no\/wp-json\/wp\/v2\/posts"}],"about":[{"href":"https:\/\/www.europesays.com\/no\/wp-json\/wp\/v2\/types\/post"}],"author":[{"embeddable":true,"href":"https:\/\/www.europesays.com\/no\/wp-json\/wp\/v2\/users\/2"}],"replies":[{"embeddable":true,"href":"https:\/\/www.europesays.com\/no\/wp-json\/wp\/v2\/comments?post=102344"}],"version-history":[{"count":0,"href":"https:\/\/www.europesays.com\/no\/wp-json\/wp\/v2\/posts\/102344\/revisions"}],"wp:featuredmedia":[{"embeddable":true,"href":"https:\/\/www.europesays.com\/no\/wp-json\/wp\/v2\/media\/102345"}],"wp:attachment":[{"href":"https:\/\/www.europesays.com\/no\/wp-json\/wp\/v2\/media?parent=102344"}],"wp:term":[{"taxonomy":"category","embeddable":true,"href":"https:\/\/www.europesays.com\/no\/wp-json\/wp\/v2\/categories?post=102344"},{"taxonomy":"post_tag","embeddable":true,"href":"https:\/\/www.europesays.com\/no\/wp-json\/wp\/v2\/tags?post=102344"}],"curies":[{"name":"wp","href":"https:\/\/api.w.org\/{rel}","templated":true}]}}