{"id":102346,"date":"2025-12-02T15:58:10","date_gmt":"2025-12-02T15:58:10","guid":{"rendered":"https:\/\/www.europesays.com\/no\/102346\/"},"modified":"2025-12-02T15:58:10","modified_gmt":"2025-12-02T15:58:10","slug":"frykter-influensa","status":"publish","type":"post","link":"https:\/\/www.europesays.com\/no\/102346\/","title":{"rendered":"Frykter influensa"},"content":{"rendered":"<p class=\"kicker \" style=\"\">Juleturn\u00e9<\/p>\n<p>  Artistene tar ingen sjanser f\u00f8r jul.\u00a0<\/p>\n<p>\n    FLESLAND: Julekonsertene er i full gang, og tusenvis av nordmenn har kj\u00f8pt billetter. N\u00e5 gj\u00f8r artistene alt for \u00e5 holde seg p\u00e5 beina frem til jul. Skjermdump: Facebook \/ Anita Skorgan\n  <\/p>\n<p>Midt i \u00e5rets travle juleturn\u00e9 velger Anita Skorgan (67), Rein Alexander (54) og Elisabeth \u00abBettan\u00bb Andreassen (67) \u00e5 ta ekstra forholdsregler.<\/p>\n<p class=\"font-weight-bold m-font-weight-bold\" data-lab-font_weight=\"font-weight-bold\">Artistene frykter at influensa og vinterforkj\u00f8lelser skal sette en stopper for konsertene &#8211; og vil gj\u00f8re alt de kan for \u00e5 holde seg friske.<\/p>\n<p>        HYLLET KONG HARALD: Trygve Bennetsen avsl\u00f8rer at han snakket med venninnen Ingrid Alexandra f\u00f8r l\u00f8rdagens \u00abSkal vi danse\u00bb, hvor han hyllet hennes bestefar, kong Harald. Men influenseren r\u00f8per ogs\u00e5 at han fikk kjeft av produksjonen f\u00f8r sendingen. Reporter: Thea Hope. Video: Nora Skavhaug\/ Sanne Holt\/ \u00abSkal vi danse\u00bb\/ TV 2\/ R\u00f8d L\u00f8per<\/p>\n<p>I et ferskt innlegg p\u00e5 <a href=\"https:\/\/www.facebook.com\/anita.skorgan\/\" rel=\"nofollow noopener\" target=\"_blank\">Facebook <\/a>deler Anita et bilde av gjengen med munnbind fra Flesland.Til bildet skriver hun: \u00abHolde seg frisk p\u00e5 julekonsert-turn\u00e9! I dag p\u00e5 vei til Volda, s\u00e5 \u00c5lesund, Molde, Kristiansund, Oppdal, R\u00f8ros og Trondheim. Tjohei!\u00bb<\/p>\n<p>    <a itemprop=\"url\" href=\"https:\/\/www.seher.no\/kongelig\/ble-saksokt-av-prinsessen\/83877337\" rel=\"nofollow noopener\" target=\"_blank\"><\/p>\n<p>      <img loading=\"lazy\" decoding=\"async\" src=\"https:\/\/www.europesays.com\/no\/wp-content\/uploads\/2025\/12\/83877354.webp\" width=\"980\" height=\"441\" title=\"Pikant m\u00f8te i London\" alt=\"\" class=\"lazyload\" style=\"--aspect-ratio-image: 2.22; \"\/><\/p>\n<p>        Pikant m\u00f8te i London<\/p>\n<p>    <\/a><\/p>\n<p>De norske stjernene er midt i en tettpakket turn\u00e9 med konserten \u00abDeilig er jorden\u00bb. Anita Skorgan og hennes venner skal reise over store deler av landet, og ingen av dem \u00f8nsker at sykdom skal velte planene eller skuffe publikum som har ventet p\u00e5 juleklassikerne.<\/p>\n<p>Munnbind p\u00e5 fly\t<\/p>\n<p>N\u00e5r Se og H\u00f8r ringer er stjernelaget kommet til rosenes by, Molde:<\/p>\n<p class=\"font-weight-bold m-font-weight-bold\" data-lab-font_weight=\"font-weight-bold\">&#8211; For oss er det viktig \u00e5 pr\u00f8ve \u00e5 holde oss friske. Munnbind p\u00e5 fly og ingen klemming etter konsertene. Selfier er tillatt, med litt avstand. Vi tar det p\u00e5 alvor &#8211; med glimt i \u00f8yet, sier Anita &#8211;\u00a0 og sender oss et bilde av Bettan:<\/p>\n<p>          <img loading=\"lazy\" decoding=\"async\" src=\"https:\/\/www.europesays.com\/no\/wp-content\/uploads\/2025\/12\/83923353.webp\" width=\"686\" height=\"714\" title=\"TAR INGEN SJANSER: Elisabeth Andreassen i fullt verneutstyr med sydvest og munnbind: Foto: Anita Skorgan\" alt=\"\" class=\"\" style=\"--aspect-ratio-image: 0.96; \"\/><\/p>\n<p>\n          TAR INGEN SJANSER: Elisabeth Andreassen i fullt verneutstyr med sydvest og munnbind: Foto: Anita Skorgan\n      <\/p>\n<p>Stjernelag p\u00e5 scenen\t<\/p>\n<p>\u00abDeilig er jorden\u00bb-turn\u00e9en er st\u00f8rre enn tidligere.<br \/>\nAnita, Elisabeth og Rein Alexander deler scenen, og sammen byr de p\u00e5 kjente og kj\u00e6re julesanger som \u00abO helga natt\u00bb, \u00abDeilig er jorden\u00bb og flere av sine egne klassikere.<\/p>\n<p>          <img loading=\"lazy\" decoding=\"async\" src=\"https:\/\/www.europesays.com\/no\/wp-content\/uploads\/2025\/12\/83922441.webp\" width=\"686\" height=\"714\" title=\"JULESTEMNING: Bettan, Rein og Anita vil ikke skuffe publikum! Foto: Skjermdump \/ Eventim\" alt=\"\" class=\"\" style=\"--aspect-ratio-image: 0.96; \"\/><\/p>\n<p>\n          JULESTEMNING: Bettan, Rein og Anita vil ikke skuffe publikum! Foto: Skjermdump \/ Eventim\n      <\/p>\n<p>Med seg har de et solid band ledet av kapellmester Petter Anthon N\u00e6ss, samt musikerne Torbj\u00f8rn \u00d8kland og Tarjei Nystedt.\u00a0<\/p>\n<p>Selv om det er julemusikk som binder artistene sammen denne m\u00e5neden deler Bettan, Anita og Rein Alexander alle sin fascinasjon for MGP. Alle har deltatt i den norske finalen, men bare Bettan har g\u00e5tt til topps internasjonalt!<\/p>\n<p>          <img loading=\"lazy\" decoding=\"async\" src=\"https:\/\/www.europesays.com\/no\/wp-content\/uploads\/2025\/12\/83922518.webp\" width=\"686\" height=\"686\" title=\"1988: Karoline Kr\u00fcger sammen med Anita Skorgan etter seieren i den norske finalen i Melodi Grand Prix. Karoline Kr\u00fcger vant med sangen \u00abFor v\u00e5r jord\u00bb - som Anita skrev. Foto: Eystein Hanssen \/ NTB\" alt=\"\" class=\"\" style=\"--aspect-ratio-image: 1.00; \"\/><\/p>\n<p>\n          1988: Karoline Kr\u00fcger sammen med Anita Skorgan etter seieren i den norske finalen i Melodi Grand Prix. Karoline Kr\u00fcger vant med sangen \u00abFor v\u00e5r jord\u00bb &#8211; som Anita skrev. Foto: Eystein Hanssen \/ NTB\n      <\/p>\n<p>Tar ingen sjanser\t<\/p>\n<p>Flere konserter denne sesongen har allerede f\u00e5tt sv\u00e6rt gode tilbakemeldinger, og publikum har beskrevet stemningen som \u00absterk\u00bb, \u00abr\u00f8rende\u00bb og \u00abekte julemagi\u00bb.<\/p>\n<p>    <a itemprop=\"url\" href=\"https:\/\/www.seher.no\/kongelig\/ny-utvikling-etter-utroskandalen\/83897602\" rel=\"nofollow noopener\" target=\"_blank\"><\/p>\n<p>      <img loading=\"lazy\" decoding=\"async\" src=\"https:\/\/www.europesays.com\/no\/wp-content\/uploads\/2025\/12\/80494063.webp\" width=\"147\" height=\"98\" title=\"Ny utvikling etter \u00abutroskandalen\u00bb\" alt=\"\" class=\"lazyload\" style=\"--aspect-ratio-image: 1.50; \"\/><\/p>\n<p>        Ny utvikling etter \u00abutroskandalen\u00bb<\/p>\n<p>    <\/a><\/p>\n<p>At artistene velger munnbind er ikke et stunt, men et fors\u00f8k p\u00e5 \u00e5 sikre at hele turn\u00e9en kan gjennomf\u00f8res uten avlysninger. Med influensa, RS-virus og andre luftveisinfeksjoner i oml\u00f8p, er risikoen for sykdom stor i desember.<\/p>\n<p>Artistene har fullpakket program helt frem til siste konsert 22. desember. Og s\u00e5 kan \u00abjulestjernene\u00bb endelig ta en velfortjent juleferie.<\/p>\n","protected":false},"excerpt":{"rendered":"Juleturn\u00e9 Artistene tar ingen sjanser f\u00f8r jul.\u00a0 FLESLAND: Julekonsertene er i full gang, og tusenvis av nordmenn har&hellip;\n","protected":false},"author":2,"featured_media":102347,"comment_status":"","ping_status":"","sticky":false,"template":"","format":"standard","meta":{"footnotes":""},"categories":[58],"tags":[8086,2591,5475,71,479,30,28,29,12946,72],"class_list":{"0":"post-102346","1":"post","2":"type-post","3":"status-publish","4":"format-standard","5":"has-post-thumbnail","7":"category-underholdning","8":"tag-anita-skorgan","9":"tag-eksklusiv","10":"tag-elisabeth-andreassen","11":"tag-entertainment","12":"tag-kjendis","13":"tag-no","14":"tag-norge","15":"tag-norway","16":"tag-rein-alexander","17":"tag-underholdning"},"share_on_mastodon":{"url":"https:\/\/pubeurope.com\/@no\/115650802723754620","error":""},"_links":{"self":[{"href":"https:\/\/www.europesays.com\/no\/wp-json\/wp\/v2\/posts\/102346","targetHints":{"allow":["GET"]}}],"collection":[{"href":"https:\/\/www.europesays.com\/no\/wp-json\/wp\/v2\/posts"}],"about":[{"href":"https:\/\/www.europesays.com\/no\/wp-json\/wp\/v2\/types\/post"}],"author":[{"embeddable":true,"href":"https:\/\/www.europesays.com\/no\/wp-json\/wp\/v2\/users\/2"}],"replies":[{"embeddable":true,"href":"https:\/\/www.europesays.com\/no\/wp-json\/wp\/v2\/comments?post=102346"}],"version-history":[{"count":0,"href":"https:\/\/www.europesays.com\/no\/wp-json\/wp\/v2\/posts\/102346\/revisions"}],"wp:featuredmedia":[{"embeddable":true,"href":"https:\/\/www.europesays.com\/no\/wp-json\/wp\/v2\/media\/102347"}],"wp:attachment":[{"href":"https:\/\/www.europesays.com\/no\/wp-json\/wp\/v2\/media?parent=102346"}],"wp:term":[{"taxonomy":"category","embeddable":true,"href":"https:\/\/www.europesays.com\/no\/wp-json\/wp\/v2\/categories?post=102346"},{"taxonomy":"post_tag","embeddable":true,"href":"https:\/\/www.europesays.com\/no\/wp-json\/wp\/v2\/tags?post=102346"}],"curies":[{"name":"wp","href":"https:\/\/api.w.org\/{rel}","templated":true}]}}