{"id":102348,"date":"2025-12-02T16:01:10","date_gmt":"2025-12-02T16:01:10","guid":{"rendered":"https:\/\/www.europesays.com\/no\/102348\/"},"modified":"2025-12-02T16:01:10","modified_gmt":"2025-12-02T16:01:10","slug":"ukraina-krigen-russland-putin-europas-krav-er-uakseptable-for-russland","status":"publish","type":"post","link":"https:\/\/www.europesays.com\/no\/102348\/","title":{"rendered":"Ukraina-krigen, Russland | Putin: \u2013 Europas krav er uakseptable for Russland"},"content":{"rendered":"\n<p>\u2013 Hvis Europa \u00f8nsker \u00e5 f\u00f8re krig, er vi klare, uttaler den russiske presidenten tirsdag, if\u00f8lge Reuters.<\/p>\n<p>Uttalelsene kommer samme dag som USAs utsending Steve Witkoff m\u00f8tte Putin i Moskva, for samtaler om en mulig fredsprosess i Ukraina.<\/p>\n<p><b>Les ogs\u00e5: <a class=\"simple-relation related-teaser article--c-eRUmMG article--c-eRUmMG-fZoQSp-design-nettavisen article--c-eRUmMG-gwthdJ-cv\" href=\"https:\/\/www.nettavisen.no\/ukraina-avviser-putin-melding-sier-de-har-kontroll-nord-i-pokrovsk\/s\/5-95-2757961\" rel=\"nofollow noopener\" target=\"_blank\">Ukraina avviser Putin-melding: Sier de har kontroll nord i Pokrovsk<\/a><\/b><\/p>\n<p>Putin sa at europeiske makter stiller krav til et mulig fredsoppgj\u00f8r for Ukraina som Moskva anser som fullstendig uakseptable, og at europeerne hindrer USA og president Donald Trump i \u00e5 oppn\u00e5 fred gjennom samtaler.<\/p>\n<p>\u2013 Europas krav er uakseptable for Russland, sier Vladimir Putin if\u00f8lge Reuters.<\/p>\n<p>Ukrainas president Volodymyr Zelenskyj sa tidligere tirsdag at framtidige skritt mot fred vil avhenge av resultatene fra m\u00f8tet mellom USA og Russland.<\/p>\n<p>    Vil du se neste video?<\/p>\n<p>    <a href=\"https:\/\/www.nettavisen.no\/fredrik-solvang\/jonas-gahr-store\/debatten\/fredrik-solvang-himler-av-jonas-gahr-store-men-i-alle\/v\/5-95-2751917\" class=\"recommend-poster\" data-adp-clicklabel=\"video-recommend\" data-adp-clickvalue=\"poster\" rel=\"nofollow noopener\" target=\"_blank\"><br \/>\n      <img decoding=\"async\" width=\"200\" height=\"200\" loading=\"lazy\" src=\"https:\/\/www.europesays.com\/no\/wp-content\/uploads\/2025\/11\/Solvang+bredde.jpg\" alt=\"\" class=\"brick-c-cFOWSL\" style=\"--brick-image-ratio: 200 \/ 200;\"\/><\/p>\n<p>Himler av St\u00f8re: \u2013 Men i alle\u20261:06<\/p>\n<p>    <\/a><\/p>\n<p>        Flere lurer p\u00e5 hva som er galt med Putins stemme, etter en tale den russiske presidenten holdt i Kirgisistans hovedstad Bisjkek onsdag 26. november. Det var Dagbladet som f\u00f8rst omtalte saken.<\/p>\n","protected":false},"excerpt":{"rendered":"\u2013 Hvis Europa \u00f8nsker \u00e5 f\u00f8re krig, er vi klare, uttaler den russiske presidenten tirsdag, if\u00f8lge Reuters. Uttalelsene&hellip;\n","protected":false},"author":2,"featured_media":101749,"comment_status":"","ping_status":"","sticky":false,"template":"","format":"standard","meta":{"footnotes":""},"categories":[12],"tags":[20,21,24,25,15,22,23,13,30,28,29,14,16,26,27,42,43,44,45],"class_list":{"0":"post-102348","1":"post","2":"type-post","3":"status-publish","4":"format-standard","5":"has-post-thumbnail","7":"category-verden","8":"tag-breaking-news","9":"tag-breakingnews","10":"tag-featured-news","11":"tag-featurednews","12":"tag-headlines","13":"tag-latest-news","14":"tag-latestnews","15":"tag-news","16":"tag-no","17":"tag-norge","18":"tag-norway","19":"tag-nyheter","20":"tag-overskrifter","21":"tag-top-stories","22":"tag-topstories","23":"tag-verden","24":"tag-world","25":"tag-world-news","26":"tag-worldnews"},"share_on_mastodon":{"url":"https:\/\/pubeurope.com\/@no\/115650814782541257","error":""},"_links":{"self":[{"href":"https:\/\/www.europesays.com\/no\/wp-json\/wp\/v2\/posts\/102348","targetHints":{"allow":["GET"]}}],"collection":[{"href":"https:\/\/www.europesays.com\/no\/wp-json\/wp\/v2\/posts"}],"about":[{"href":"https:\/\/www.europesays.com\/no\/wp-json\/wp\/v2\/types\/post"}],"author":[{"embeddable":true,"href":"https:\/\/www.europesays.com\/no\/wp-json\/wp\/v2\/users\/2"}],"replies":[{"embeddable":true,"href":"https:\/\/www.europesays.com\/no\/wp-json\/wp\/v2\/comments?post=102348"}],"version-history":[{"count":0,"href":"https:\/\/www.europesays.com\/no\/wp-json\/wp\/v2\/posts\/102348\/revisions"}],"wp:featuredmedia":[{"embeddable":true,"href":"https:\/\/www.europesays.com\/no\/wp-json\/wp\/v2\/media\/101749"}],"wp:attachment":[{"href":"https:\/\/www.europesays.com\/no\/wp-json\/wp\/v2\/media?parent=102348"}],"wp:term":[{"taxonomy":"category","embeddable":true,"href":"https:\/\/www.europesays.com\/no\/wp-json\/wp\/v2\/categories?post=102348"},{"taxonomy":"post_tag","embeddable":true,"href":"https:\/\/www.europesays.com\/no\/wp-json\/wp\/v2\/tags?post=102348"}],"curies":[{"name":"wp","href":"https:\/\/api.w.org\/{rel}","templated":true}]}}