{"id":102351,"date":"2025-12-02T16:03:09","date_gmt":"2025-12-02T16:03:09","guid":{"rendered":"https:\/\/www.europesays.com\/no\/102351\/"},"modified":"2025-12-02T16:03:09","modified_gmt":"2025-12-02T16:03:09","slug":"aps-tonje-brenna-til-dagbladet-og-nrk-hap-om-budsjettenighet","status":"publish","type":"post","link":"https:\/\/www.europesays.com\/no\/102351\/","title":{"rendered":"Aps Tonje Brenna til Dagbladet og NRK: \u2013 H\u00e5p om budsjettenighet"},"content":{"rendered":"<p class=\"extendedContent hyperion-css-eyn926\" data-test-tag=\"lead-text\">Samtalene mellom Ap, SV og MDG er gode, if\u00f8lge parlamentarisk leder Tonje Brenna, som h\u00e5per p\u00e5 enighet, if\u00f8lge Dagbladet og NRK. <\/p>\n<p><img decoding=\"async\" class=\"image-asset hyperion-css-1i9cyw\" data-test-tag=\"image-asset\" src=\"https:\/\/www.europesays.com\/no\/wp-content\/uploads\/2025\/12\/c1b73276-efd8-4a04-adda-b71bb0ef0800\"  alt=\"Tonje Brenna (Ap) er optimistisk.\"  loading=\"eager\" fetchpriority=\"high\" style=\"aspect-ratio:2048 \/ 1365\"\/>Tonje Brenna (Ap) er optimistisk. Foto: Ketil Blom Haugstulen, Aftenposten<\/p>\n<p class=\"paywall hyperion-css-1j42uic\">\u2013 Vi har gode samtaler mellom alle fem partier, egentlig. Og det kommer vi til \u00e5 fortsette med, med m\u00e5l om \u00e5 f\u00e5 flertall for statsbudsjettet p\u00e5 fredag, sier Brenna, if\u00f8lge de to mediene. <\/p>\n<p class=\"paywall hyperion-css-1j42uic\">Hun ble ogs\u00e5 spurt om hun tror partiene blir enige.<\/p>\n<p class=\"paywall hyperion-css-1j42uic\">\u2013 Det er det som er h\u00e5pet, ellers hadde vi ikke fortsatt med disse samtalene, er svaret. <\/p>\n<p>Artikkelen er endret<\/p>\n<p class=\"hyperion-css-1j42uic\">I denne saken meldte vi f\u00f8rst at Tonje Brenna sa til NRK og Dagbladet at hun h\u00e5pet det ble budsjettenighet i dag. Det stemmer ikke, melder Arbeiderpartiet. Brenna sa if\u00f8lge Ap at hun h\u00e5pet p\u00e5 budsjettenighet, men ikke noe om n\u00e5r. <\/p>\n<p><a class=\"correction-link\" href=\"https:\/\/www.aftenposten.no\/rettelser\" rel=\"nofollow noopener\" target=\"_blank\">Endringslogg<\/a><\/p>\n","protected":false},"excerpt":{"rendered":"Samtalene mellom Ap, SV og MDG er gode, if\u00f8lge parlamentarisk leder Tonje Brenna, som h\u00e5per p\u00e5 enighet, if\u00f8lge&hellip;\n","protected":false},"author":2,"featured_media":102352,"comment_status":"","ping_status":"","sticky":false,"template":"","format":"standard","meta":{"footnotes":""},"categories":[5],"tags":[20,21,24,25,15,19,22,23,17,18,13,30,28,29,14,16,26,27],"class_list":{"0":"post-102351","1":"post","2":"type-post","3":"status-publish","4":"format-standard","5":"has-post-thumbnail","7":"category-overskrifter","8":"tag-breaking-news","9":"tag-breakingnews","10":"tag-featured-news","11":"tag-featurednews","12":"tag-headlines","13":"tag-hovedoppslag","14":"tag-latest-news","15":"tag-latestnews","16":"tag-main-news","17":"tag-mainnews","18":"tag-news","19":"tag-no","20":"tag-norge","21":"tag-norway","22":"tag-nyheter","23":"tag-overskrifter","24":"tag-top-stories","25":"tag-topstories"},"share_on_mastodon":{"url":"https:\/\/pubeurope.com\/@no\/115650822578359839","error":""},"_links":{"self":[{"href":"https:\/\/www.europesays.com\/no\/wp-json\/wp\/v2\/posts\/102351","targetHints":{"allow":["GET"]}}],"collection":[{"href":"https:\/\/www.europesays.com\/no\/wp-json\/wp\/v2\/posts"}],"about":[{"href":"https:\/\/www.europesays.com\/no\/wp-json\/wp\/v2\/types\/post"}],"author":[{"embeddable":true,"href":"https:\/\/www.europesays.com\/no\/wp-json\/wp\/v2\/users\/2"}],"replies":[{"embeddable":true,"href":"https:\/\/www.europesays.com\/no\/wp-json\/wp\/v2\/comments?post=102351"}],"version-history":[{"count":0,"href":"https:\/\/www.europesays.com\/no\/wp-json\/wp\/v2\/posts\/102351\/revisions"}],"wp:featuredmedia":[{"embeddable":true,"href":"https:\/\/www.europesays.com\/no\/wp-json\/wp\/v2\/media\/102352"}],"wp:attachment":[{"href":"https:\/\/www.europesays.com\/no\/wp-json\/wp\/v2\/media?parent=102351"}],"wp:term":[{"taxonomy":"category","embeddable":true,"href":"https:\/\/www.europesays.com\/no\/wp-json\/wp\/v2\/categories?post=102351"},{"taxonomy":"post_tag","embeddable":true,"href":"https:\/\/www.europesays.com\/no\/wp-json\/wp\/v2\/tags?post=102351"}],"curies":[{"name":"wp","href":"https:\/\/api.w.org\/{rel}","templated":true}]}}