{"id":102353,"date":"2025-12-02T16:04:07","date_gmt":"2025-12-02T16:04:07","guid":{"rendered":"https:\/\/www.europesays.com\/no\/102353\/"},"modified":"2025-12-02T16:04:07","modified_gmt":"2025-12-02T16:04:07","slug":"jeg-tror-det-er-bare-en-grunn-til-at-han-ikke-allerede-har-fatt-united-debuten","status":"publish","type":"post","link":"https:\/\/www.europesays.com\/no\/102353\/","title":{"rendered":"\u00abJeg tror det er bare \u00e9n grunn til at han ikke allerede har f\u00e5tt United-debuten\u00bb"},"content":{"rendered":"<p>        Zohaib Alam &#8211; MUFC\n    <\/p>\n<p class=\"kicker font-weight-bold m-font-weight-bold tertiary color_mobile_tertiary\" style=\"\">AKADEMIOPPSUMMERING:<\/p>\n<p>Det er p\u00e5 tide \u00e5 oppsummere akademim\u00e5neden igjen!<\/p>\n<p>Ikke alt som skjedde i november var bra, men n\u00e5r en avslutter m\u00e5neden med en 7-0-seier borte mot Liverpool s\u00e5 blir det jo ganske hyggelig likevel.<\/p>\n<p>U21-kamper i november<\/p>\n<p>                F\u00e5 med deg alt fra Supporterklubben<\/p>\n<ul>\n<li>Tilgang til alt innhold p\u00e5 united.no<\/li>\n<li>Tilgang til podkasten Uno+<\/li>\n<li>Billetter og turer til Old Trafford<\/li>\n<li>Gode rabatter i nettbutikken<\/li>\n<li>Medlemspris p\u00e5 Viaplay Total<\/li>\n<\/ul>\n<p class=\"price_description\">Kun kr 29,- \/m\u00e5ned. Betales \u00e5rlig.<\/p>\n<p>\n                    <a href=\"https:\/\/api.united.no\/paywall\/order?providerUrl=https%3A%2F%2Fminside.united.no%2Fno%2Fcheckout%2Funitedmedlemsskap&amp;siteAlias=united&amp;&amp;siteId=2&amp;contentUrl=https%3A%2F%2Fwww.united.no%2Fnyheter%2Fjeg-tror-det-er-bare-en-grunn-til-at-han-ikke-allerede-har-fatt-united-debuten%2F1405385\" rel=\"nofollow noopener\" target=\"_blank\">Bli medlem n\u00e5<\/a>\n                <\/p>\n","protected":false},"excerpt":{"rendered":"Zohaib Alam &#8211; MUFC AKADEMIOPPSUMMERING: Det er p\u00e5 tide \u00e5 oppsummere akademim\u00e5neden igjen! Ikke alt som skjedde i&hellip;\n","protected":false},"author":2,"featured_media":102354,"comment_status":"","ping_status":"","sticky":false,"template":"","format":"standard","meta":{"footnotes":""},"categories":[59],"tags":[30,28,29,83,82],"class_list":{"0":"post-102353","1":"post","2":"type-post","3":"status-publish","4":"format-standard","5":"has-post-thumbnail","7":"category-sport","8":"tag-no","9":"tag-norge","10":"tag-norway","11":"tag-sport","12":"tag-sports"},"share_on_mastodon":{"url":"https:\/\/pubeurope.com\/@no\/115650826343578921","error":""},"_links":{"self":[{"href":"https:\/\/www.europesays.com\/no\/wp-json\/wp\/v2\/posts\/102353","targetHints":{"allow":["GET"]}}],"collection":[{"href":"https:\/\/www.europesays.com\/no\/wp-json\/wp\/v2\/posts"}],"about":[{"href":"https:\/\/www.europesays.com\/no\/wp-json\/wp\/v2\/types\/post"}],"author":[{"embeddable":true,"href":"https:\/\/www.europesays.com\/no\/wp-json\/wp\/v2\/users\/2"}],"replies":[{"embeddable":true,"href":"https:\/\/www.europesays.com\/no\/wp-json\/wp\/v2\/comments?post=102353"}],"version-history":[{"count":0,"href":"https:\/\/www.europesays.com\/no\/wp-json\/wp\/v2\/posts\/102353\/revisions"}],"wp:featuredmedia":[{"embeddable":true,"href":"https:\/\/www.europesays.com\/no\/wp-json\/wp\/v2\/media\/102354"}],"wp:attachment":[{"href":"https:\/\/www.europesays.com\/no\/wp-json\/wp\/v2\/media?parent=102353"}],"wp:term":[{"taxonomy":"category","embeddable":true,"href":"https:\/\/www.europesays.com\/no\/wp-json\/wp\/v2\/categories?post=102353"},{"taxonomy":"post_tag","embeddable":true,"href":"https:\/\/www.europesays.com\/no\/wp-json\/wp\/v2\/tags?post=102353"}],"curies":[{"name":"wp","href":"https:\/\/api.w.org\/{rel}","templated":true}]}}