{"id":102355,"date":"2025-12-02T16:05:10","date_gmt":"2025-12-02T16:05:10","guid":{"rendered":"https:\/\/www.europesays.com\/no\/102355\/"},"modified":"2025-12-02T16:05:10","modified_gmt":"2025-12-02T16:05:10","slug":"nrk-slo-tv-2-i-julekalender-duellen-vg","status":"publish","type":"post","link":"https:\/\/www.europesays.com\/no\/102355\/","title":{"rendered":"NRK slo TV 2 i julekalender-duellen &#8211; VG"},"content":{"rendered":"<ol>\n<li><a href=\"https:\/\/news.google.com\/rss\/articles\/CBMie0FVX3lxTE95a3ljc1R2dWpPclhhd1VVSGp5NktlTHk5VGNBMnRrcGVmb2ZJV3BONU02YU9VWjN3UDdiVGxLTlhQeXNkWWtXNVNRY1pXcjFHOTR4U01qZmdzaThMZ0ltZTQzZU95R0drOGlkUF8tdkY5b1pLczNuV1ZCMA?oc=5\" target=\"_blank\" rel=\"nofollow noopener\">NRK slo TV 2 i julekalender-duellen<\/a>&nbsp;&nbsp;VG<\/li>\n<li><a href=\"https:\/\/news.google.com\/rss\/articles\/CBMisgFBVV95cUxNRzVDRHltZkhVMGNjb0lCUHRnZjh2YTdXZGtiZWZpb2xDcmVLX0NRUWZQSEE1SWdOSGRWdGhOcU1mel8tOFBZUXVHbFNRaHEzeHNaejRmTVU4a1hSR2VPMGhaWGgyZkRfcVZTaGVoWG9La0Q0aFJDSE5OLWNITV81NHBQUlF1RDhrNDRtZ19WUU9IVWpaUUQ0VlhRUGlTNXBqMWJFRW8xdjVfQV9iLU02OFJn?oc=5\" target=\"_blank\" rel=\"nofollow noopener\">Julekalender-duell: Resirkulerte rampenisser til jul<\/a>&nbsp;&nbsp;VG<\/li>\n<li><a href=\"https:\/\/news.google.com\/rss\/articles\/CBMixAFBVV95cUxPU0tOTENsazBBdnI5dThXRlJkNzRyS0tQSUhzaHk1OXU4ZGtnT3AwNlJ3TjBfalgzaW1JT1FxckkycmJ3emxmSFhXWXhnOEhoUkNKWkNfTjIzLWNOUDZkbVMzMEk0VzBiQjdza1NNNnpSbW9TMXBWN3E4ekpvU0g0SFlSU2lVdWdkdTJlaEs0NzlSWngydFd5aWYwNW9oQlJ1WFdhYjljNmxaeFVGWVBoOFg0Q0YtUzRIaDlJZFlVWlpuVHZa?oc=5\" target=\"_blank\" rel=\"nofollow noopener\">\u00abNissene i skjul\u00bb: \u2013 G\u00f8y \u00e5 vere ein bl\u00e6rete, usympatisk rullestolbrukar<\/a>&nbsp;&nbsp;NRK<\/li>\n<li><a href=\"https:\/\/news.google.com\/rss\/articles\/CBMi3AFBVV95cUxNa0JMREJBZ1FKVXNNVXE1a2RnaEV6UHhNM2FMVHdhSmdfU29VM0dWb3NNNXBwTWo5MVE4aDVFczBLVEpOLXBPVV85YVZnSnM3d3pxeldmU3VQbWx1R1d6THhTdnlRYUNNdUFXeElFaWN6c0xSdlYxZVk1TDJfWVcweDNpOXZGZHZDWFVsMjJ4d2hzcVFuSXdmTzVFTFp3cldheXp2V1RZRGFDUzFnWmtXblJRNno3ZU1MZ1MwZ2tWcExSUE1nemlOZkR3NDMxVG91Q0hUMWUzazAzTjVB?oc=5\" target=\"_blank\" rel=\"nofollow noopener\">Skapte overskrifter landet rundt. Satte preg p\u00e5 innspillingen<\/a>&nbsp;&nbsp;Nettavisen<\/li>\n<li><a href=\"https:\/\/news.google.com\/rss\/articles\/CBMigAFBVV95cUxQNFJMeUxDZUI1Q2Zpd2FTUW53S2VCcTFDQTZDekVlRmZ0d2tabFJBSjJFODJNdFl2MVYwcDQ1aGRQRHVZTElVN1F2WW5ibWFIWVMteVV3STNKYlRLOHk0OW5Yc1hpbXVTWTVuUWwxWnVyWW9lS2t1RFZ4ZTlnQ1pPRA?oc=5\" target=\"_blank\" rel=\"nofollow noopener\">(+) \u00c5rets julekalenderserier speiler hverandre. \u00c9n av dem er morsom<\/a>&nbsp;&nbsp;Morgenbladet<\/li>\n<\/ol>\n","protected":false},"excerpt":{"rendered":"NRK slo TV 2 i julekalender-duellen&nbsp;&nbsp;VG Julekalender-duell: Resirkulerte rampenisser til jul&nbsp;&nbsp;VG \u00abNissene i skjul\u00bb: \u2013 G\u00f8y \u00e5 vere&hellip;\n","protected":false},"author":2,"featured_media":102356,"comment_status":"","ping_status":"","sticky":false,"template":"","format":"standard","meta":{"footnotes":""},"categories":[58],"tags":[71,5593,30,28,29,207,72],"class_list":{"0":"post-102355","1":"post","2":"type-post","3":"status-publish","4":"format-standard","5":"has-post-thumbnail","7":"category-underholdning","8":"tag-entertainment","9":"tag-jul","10":"tag-no","11":"tag-norge","12":"tag-norway","13":"tag-tv","14":"tag-underholdning"},"share_on_mastodon":{"url":"https:\/\/pubeurope.com\/@no\/115650830213684962","error":""},"_links":{"self":[{"href":"https:\/\/www.europesays.com\/no\/wp-json\/wp\/v2\/posts\/102355","targetHints":{"allow":["GET"]}}],"collection":[{"href":"https:\/\/www.europesays.com\/no\/wp-json\/wp\/v2\/posts"}],"about":[{"href":"https:\/\/www.europesays.com\/no\/wp-json\/wp\/v2\/types\/post"}],"author":[{"embeddable":true,"href":"https:\/\/www.europesays.com\/no\/wp-json\/wp\/v2\/users\/2"}],"replies":[{"embeddable":true,"href":"https:\/\/www.europesays.com\/no\/wp-json\/wp\/v2\/comments?post=102355"}],"version-history":[{"count":0,"href":"https:\/\/www.europesays.com\/no\/wp-json\/wp\/v2\/posts\/102355\/revisions"}],"wp:featuredmedia":[{"embeddable":true,"href":"https:\/\/www.europesays.com\/no\/wp-json\/wp\/v2\/media\/102356"}],"wp:attachment":[{"href":"https:\/\/www.europesays.com\/no\/wp-json\/wp\/v2\/media?parent=102355"}],"wp:term":[{"taxonomy":"category","embeddable":true,"href":"https:\/\/www.europesays.com\/no\/wp-json\/wp\/v2\/categories?post=102355"},{"taxonomy":"post_tag","embeddable":true,"href":"https:\/\/www.europesays.com\/no\/wp-json\/wp\/v2\/tags?post=102355"}],"curies":[{"name":"wp","href":"https:\/\/api.w.org\/{rel}","templated":true}]}}