{"id":102359,"date":"2025-12-02T16:08:11","date_gmt":"2025-12-02T16:08:11","guid":{"rendered":"https:\/\/www.europesays.com\/no\/102359\/"},"modified":"2025-12-02T16:08:11","modified_gmt":"2025-12-02T16:08:11","slug":"nato-mark-rutte-natos-generalsekretaer-vi-vil-at-denne-krigen-skal-ta-slutt","status":"publish","type":"post","link":"https:\/\/www.europesays.com\/no\/102359\/","title":{"rendered":"Nato, Mark Rutte | Natos generalsekret\u00e6r: \u2013 Vi vil at denne krigen skal ta slutt"},"content":{"rendered":"\n<p>\u2013 Vi erkjenner at Ukrainas og v\u00e5r sikkerhet er tett forbundet. Vi vil at denne krigen skal ende og at Russland aldri skal pr\u00f8ve seg igjen. Alle Natos allierte jobber for det.<\/p>\n<p>Det sa Natos generalsekret\u00e6r Mark Rutte p\u00e5 et pressetreff f\u00f8r onsdagens utenriksministerm\u00f8te.<\/p>\n<p>Rutte sier han f\u00f8ler seg trygg p\u00e5 at den USA-ledede innsatsen for \u00e5 f\u00e5 slutt p\u00e5 Ukraina-krigen etter hvert vil gjenopprette freden i Europa, melder NTB.<\/p>\n<p><b>Les ogs\u00e5: <a class=\"simple-relation related-teaser article--c-eRUmMG article--c-eRUmMG-fZoQSp-design-nettavisen article--c-eRUmMG-gwthdJ-cv\" href=\"https:\/\/www.nettavisen.no\/i-dag-skal-putin-mote-usas-forhandlere\/s\/5-95-2757616\" rel=\"nofollow noopener\" target=\"_blank\">I dag skal Putin m\u00f8te USAs forhandlere<\/a><\/b><\/p>\n<p>Nye Ukraina-bidrag p\u00e5 trappene<\/p>\n<p>Han sier videre at han venter \u00e5 se kunngj\u00f8ringer av nye bidrag fra Nato-land til Ukraina i l\u00f8pet av de neste dagene. Bidragene vil v\u00e6re del av det s\u00e5kalte Purl-programmet.<\/p>\n<p>\u2013 Vi skal sikre at Ukraina har vi hva de trenger for \u00e5 forsvare seg n\u00e5 og kunne avskrekke senere, sa han.<\/p>\n<p><b>Les ogs\u00e5: <a class=\"simple-relation related-teaser article--c-eRUmMG article--c-eRUmMG-fZoQSp-design-nettavisen article--c-eRUmMG-gwthdJ-cv\" href=\"https:\/\/www.nettavisen.no\/ukraina-avviser-putin-melding-sier-de-har-kontroll-nord-i-pokrovsk\/s\/5-95-2757961\" rel=\"nofollow noopener\" target=\"_blank\">Ukraina avviser Putin-melding: Sier de har kontroll nord i Pokrovsk<\/a><\/b><\/p>\n<p>\u2013 To for \u00e5 danse tango<\/p>\n<p>\u2013 Tror du virkelig at de samtalene som n\u00e5 p\u00e5g\u00e5r vil ende i en fredsavtale? l\u00f8d et av sp\u00f8rsm\u00e5lene p\u00e5 pressekonferansen.<\/p>\n<p>\u2013 Det er vanskelig \u00e5 si. Amerikanerne gj\u00f8r alt de kan for \u00e5 f\u00e5 dette til, men det m\u00e5 to til for \u00e5 danse tango. Vi ser at ukrainerne er villige. N\u00e5 tester vi hva Russland vil, svarte Rutte p\u00e5 sp\u00f8rsm\u00e5let om de USA-ledete forhandlingene.<\/p>\n<p>   <img decoding=\"async\" width=\"4384\" height=\"2923\" fetchpriority=\"low\"  loading=\"lazy\"  src=\"https:\/\/www.europesays.com\/no\/wp-content\/uploads\/2025\/12\/NTB_iFdQe6nN7D4.jpg\" alt=\"N\u00c6R FRONTEN: 2. november er dag 1378 av Russlands fullskala krig mot Ukraina. Bildet viser en \u00f8delagt kirke i den ukrainske byen Kostianynivka i Donetsk-regionen n\u00e6r fronten.\" class=\"brick-c-cFOWSL\" style=\"--brick-image-ratio: 4384 \/ 2923;\"\/><\/p>\n<p>      N\u00c6R FRONTEN: 2. november er dag 1378 av Russlands fullskala krig mot Ukraina. Bildet viser en \u00f8delagt kirke i den ukrainske byen Kostianynivka i Donetsk-regionen n\u00e6r fronten.<br \/>\n      Foto: Ukrainas v\u00e6pnede styrker\n    <\/p>\n<p>  \u2013 En kj\u00f8ttkvern<\/p>\n<p>\u2013 Jeg st\u00f8tter det amerikanske initiativet fullt ut, og vi m\u00e5 f\u00e5 satt en stopper for krigen. For Russlands del er det, som president Trump har sagt, en kj\u00f8ttkvern. I g\u00e5r s\u00e5 vi bilder av Vladimir Putin, i uniform, langt unna fronten. P\u00e5 hans side vet vi at det er er 20.000 d\u00f8de hver m\u00e5ned, sa Rutte.<\/p>\n<p>Rutte fikk mange sp\u00f8rsm\u00e5l om fredsplan-utkastet og Natos eventuelle rolle i forhandlingene og fremtidige sikkerhetsgarantier for Ukraina. Han var sv\u00e6rt forsiktig med svarene.<\/p>\n<p>\u2013 Jo mindre jeg sier om dette, desto bedre er det, sa Rutte.<\/p>\n<p>Tirsdag skal de amerikanske utsendingene Steve Witkoff og Jared Kushner m\u00f8te Russlands president Vladimir Putin i Moskva, melder NTB.<\/p>\n<p>    Vil du se neste video?<\/p>\n<p>    <a href=\"https:\/\/www.nettavisen.no\/nyheter\/mener-donald-trump-er-avslort-blir-hans-skjebne\/v\/5-95-2734907\" class=\"recommend-poster\" data-adp-clicklabel=\"video-recommend\" data-adp-clickvalue=\"poster\" rel=\"nofollow noopener\" target=\"_blank\"><br \/>\n      <img decoding=\"async\" width=\"200\" height=\"200\" loading=\"lazy\" src=\"https:\/\/www.europesays.com\/no\/wp-content\/uploads\/2025\/11\/donald+trump+-+cue+NTB_xH9RsT9o9wA+copy.jpg\" alt=\"\" class=\"brick-c-cFOWSL\" style=\"--brick-image-ratio: 200 \/ 200;\"\/><\/p>\n<p>Mener Trump er avsl\u00f8rt: \u2013 Blir hans skjebne7:46<\/p>\n<p>    <\/a><\/p>\n<p>        Blir det fred i Ukraina n\u00e5? Tross forslag om fredsavtaler, er det tr\u00f8bbel. \u2013 Det er absolutte krav fra Putin, sier Anders Magnus i denne episoden av \u00abHelt Texas\u00bb.<\/p>\n","protected":false},"excerpt":{"rendered":"\u2013 Vi erkjenner at Ukrainas og v\u00e5r sikkerhet er tett forbundet. Vi vil at denne krigen skal ende&hellip;\n","protected":false},"author":2,"featured_media":102360,"comment_status":"","ping_status":"","sticky":false,"template":"","format":"standard","meta":{"footnotes":""},"categories":[12],"tags":[20,21,24,25,15,22,23,13,30,28,29,14,16,26,27,42,43,44,45],"class_list":{"0":"post-102359","1":"post","2":"type-post","3":"status-publish","4":"format-standard","5":"has-post-thumbnail","7":"category-verden","8":"tag-breaking-news","9":"tag-breakingnews","10":"tag-featured-news","11":"tag-featurednews","12":"tag-headlines","13":"tag-latest-news","14":"tag-latestnews","15":"tag-news","16":"tag-no","17":"tag-norge","18":"tag-norway","19":"tag-nyheter","20":"tag-overskrifter","21":"tag-top-stories","22":"tag-topstories","23":"tag-verden","24":"tag-world","25":"tag-world-news","26":"tag-worldnews"},"share_on_mastodon":{"url":"https:\/\/pubeurope.com\/@no\/115650842328933547","error":""},"_links":{"self":[{"href":"https:\/\/www.europesays.com\/no\/wp-json\/wp\/v2\/posts\/102359","targetHints":{"allow":["GET"]}}],"collection":[{"href":"https:\/\/www.europesays.com\/no\/wp-json\/wp\/v2\/posts"}],"about":[{"href":"https:\/\/www.europesays.com\/no\/wp-json\/wp\/v2\/types\/post"}],"author":[{"embeddable":true,"href":"https:\/\/www.europesays.com\/no\/wp-json\/wp\/v2\/users\/2"}],"replies":[{"embeddable":true,"href":"https:\/\/www.europesays.com\/no\/wp-json\/wp\/v2\/comments?post=102359"}],"version-history":[{"count":0,"href":"https:\/\/www.europesays.com\/no\/wp-json\/wp\/v2\/posts\/102359\/revisions"}],"wp:featuredmedia":[{"embeddable":true,"href":"https:\/\/www.europesays.com\/no\/wp-json\/wp\/v2\/media\/102360"}],"wp:attachment":[{"href":"https:\/\/www.europesays.com\/no\/wp-json\/wp\/v2\/media?parent=102359"}],"wp:term":[{"taxonomy":"category","embeddable":true,"href":"https:\/\/www.europesays.com\/no\/wp-json\/wp\/v2\/categories?post=102359"},{"taxonomy":"post_tag","embeddable":true,"href":"https:\/\/www.europesays.com\/no\/wp-json\/wp\/v2\/tags?post=102359"}],"curies":[{"name":"wp","href":"https:\/\/api.w.org\/{rel}","templated":true}]}}