{"id":102365,"date":"2025-12-02T16:20:12","date_gmt":"2025-12-02T16:20:12","guid":{"rendered":"https:\/\/www.europesays.com\/no\/102365\/"},"modified":"2025-12-02T16:20:12","modified_gmt":"2025-12-02T16:20:12","slug":"menighet-overvaket-medlemmer-politiet-erklaerer-seg-inhabile-nrk-buskerud-lokale-nyheter-tv-og-radio","status":"publish","type":"post","link":"https:\/\/www.europesays.com\/no\/102365\/","title":{"rendered":"Menighet overv\u00e5ket medlemmer \u2013 politiet erkl\u00e6rer seg inhabile \u2013 NRK Buskerud \u2013 Lokale nyheter, TV og radio"},"content":{"rendered":"<p>Den st\u00f8rste muslimske menigheten i Drammen innr\u00f8mmer \u00e5 ha <a href=\"https:\/\/www.nrk.no\/buskerud\/det-tyrkiske-trossamfunnet-i-drammen-har-overvaket-og-avlyttet-medlemmer-1.17667975\" ec-id=\"pp:article:1.17667975\" ec-name=\"overv\u00e5ket medlemmer i flere \u00e5r\" rel=\"nofollow noopener\" target=\"_blank\">overv\u00e5ket medlemmer i flere \u00e5r<\/a>.<\/p>\n<p>I interne dokumenter beskriver menigheten overv\u00e5kingen som ulovlig. De har tatt opp b\u00e5de lyd og bilde, kunne NRK fortelle forrige uke.<\/p>\n<p>S\u00f8r-\u00d8st politidistrikt bekreftet at de hadde mottatt en anmeldelse om ulovlig avlytting, overv\u00e5king og grove trusler. Politiet skulle deretter unders\u00f8ke om det er grunnlag for \u00e5 etterforske saken.<\/p>\n<p><strong>N\u00e5 blir det arbeidet flyttet ut av politidistriktet.<\/strong><\/p>\n<p><img decoding=\"async\"   src=\"data:image\/gif;base64,R0lGODlhAQABAIAAAAAAAP\/\/\/yH5BAEAAAAALAAAAAABAAEAAAIBRAA7\" loading=\"eager\" alt=\"Kjell Johan Abrahamsen, p\u00e5taleansvarlig i S\u00f8r\u00f8st politidistrikt. \" title=\"Foto: PHILIP HOFGAARD \/ NRK\"\/><\/p>\n<p class=\"\">Kjell Johan Abrahamsen i S\u00f8r-\u00d8st politidistrikt sier saken er flyttet til Oslo.<\/p>\n<p>Foto: PHILIP HOFGAARD \/ NRK<\/p>\n<p>Oslo overtar<\/p>\n<p>\u2013 Vi bekrefter \u00e5 ha mottatt en anmeldelse som beskrevet. S\u00f8r-\u00d8st politidistrikt har etter en konkret vurdering erkl\u00e6rt oss inhabile til \u00e5 etterforske og p\u00e5taleavgj\u00f8re saken, skriver p\u00e5taleleder i S\u00f8r-\u00d8st, Kjell Johan Abrahamsen, i en e-post til NRK.<\/p>\n<p>\u2013 Ytterligere henvendelser m\u00e5 derfor rettes til oppnevnt settepolitidistrikt, som er Oslo politidistrikt.<\/p>\n<p><strong>Abrahamsen vil ikke svare p\u00e5 sp\u00f8rsm\u00e5l om hvorfor S\u00f8r-\u00d8st er inhabile, og \u00f8nsker ikke kommentere saken ytterligere.<\/strong><\/p>\n<p>Oslo politidistrikt sier det er for tidlig \u00e5 si noe om saken forel\u00f8pig.<\/p>\n<p>1500 medlemmer<\/p>\n<p>Menigheten har 1500 medlemmer og holder til midt i Drammen sentrum.<\/p>\n<p>Inne i b\u00f8nnerommet er det montert fire kameraer. Der har mange medlemmer fortrolige samtaler med Gud.<\/p>\n<p>\u2013 Det er rett og slett ekkelt at noen kan overv\u00e5ke et religi\u00f8st rom p\u00e5 denne m\u00e5ten. Hva er hensikten med \u00e5 ha lydopptak og overv\u00e5king i et milj\u00f8 der ogs\u00e5 barn og kvinner oppholder seg? sier et av medlemmene i menigheten til NRK.<\/p>\n<p>Dette er punktene i anmeldelsen mot det tyrkiske trossamfunnet: <\/p>\n<ul>\n<li>Ulovlig skjult lydopptak av medlemmer og bes\u00f8kende i moskeen over flere \u00e5r. Det er minst ti kameraer inne i moskeens lokaler, ogs\u00e5 i b\u00f8nnerommet.<\/li>\n<li>Misbruk av ulovlige lydopptak.<\/li>\n<li>Grove trusler mot enkeltmedlemmer<\/li>\n<li>Manglende varsling og mulig tildekking av overv\u00e5kning i moskeen.<\/li>\n<li>Habilitetsproblemer og trenering i Disiplin\u00e6rr\u00e5det som handler om at styret ikke skal ha tatt tak i dette vel vitende om at dette ikke er lov.<\/li>\n<\/ul>\n<p>N\u00e5v\u00e6rende styreleder Orhan Al <a href=\"https:\/\/www.nrk.no\/buskerud\/moske-om-overvaking_-_-dette-tar-vi-svaert-alvorlig-1.17674523\" ec-id=\"pp:article:1.17674523\" ec-name=\"sendte mandag ut en pressemelding\" rel=\"nofollow noopener\" target=\"_blank\">sendte mandag ut en pressemelding<\/a> om saken.<\/p>\n<p>\u2013 Medlemmene v\u00e5re og alle som bes\u00f8ker v\u00e5re lokaler skal kunne v\u00e6re trygge p\u00e5 at deres personvern ivaretas p\u00e5 en korrekt og lovlig m\u00e5te. Dette tar vi sv\u00e6rt alvorlig, skriver styreleder Al.<\/p>\n<p>I en styreprotokoll NRK har f\u00e5tt innsyn i, innr\u00f8mmer styret at kameraene har tatt opp b\u00e5de lyd og bilde ulovlig i fire \u00e5r og at \u00ablydopptak n\u00e5 er skrudd av\u00bb.<\/p>\n<p><img decoding=\"async\"   src=\"data:image\/gif;base64,R0lGODlhAQABAIAAAAAAAP\/\/\/yH5BAEAAAAALAAAAAABAAEAAAIBRAA7\" loading=\"eager\" alt=\"P\u00e5 trossamfunnets Facebook-side har de lagt ut flere bilder der kameraene er synlige.\" title=\"Foto: Diyanet Drammen\/Facebook\"\/><\/p>\n<p class=\"\">Her jobber helgeelevene ved moskeen med kunst. I bakgrunnen kan man se et av overv\u00e5kingskameraene. Bildet er hentet fra moskeen Facebook-side.<\/p>\n<p>Foto: Diyanet Drammen\/Facebook<\/p>\n<p>\u2013 S\u00e6rlig inngripende<\/p>\n<p>Det er ogs\u00e5 opprettet sak hos Datatilsynet. De informerer om at overv\u00e5king kun er lovlig n\u00e5r den gj\u00f8res for konkrete form\u00e5l, og den m\u00e5 ogs\u00e5 ha et rettslig grunnlag.<\/p>\n<p><strong>Gruppen som skal overv\u00e5kes, m\u00e5 ogs\u00e5 f\u00e5 tydelig og god informasjon om hvorfor overv\u00e5kingen blir gjort.<\/strong><\/p>\n<p>\u2013 Overv\u00e5king av steder der en ut\u00f8ver religion er s\u00e6rlig inngripende og det hever terskelen for at overv\u00e5king skal v\u00e6re lovlig, sier Anders Ballangrud, senior kommunikasjonsr\u00e5dgiver i Datatilsynet.<\/p>\n<p>    Ta kontakt med oss<\/p>\n<p>Har du meninger om denne saken eller tips om andre ting?\u00a0Ta gjerne kontakt med oss.<\/p>\n<p>Publisert<\/p>\n<p>02.12.2025, kl. 13.56<\/p>\n<p>Oppdatert<\/p>\n<p>02.12.2025, kl. 15.28<\/p>\n","protected":false},"excerpt":{"rendered":"Den st\u00f8rste muslimske menigheten i Drammen innr\u00f8mmer \u00e5 ha overv\u00e5ket medlemmer i flere \u00e5r. I interne dokumenter beskriver&hellip;\n","protected":false},"author":2,"featured_media":102366,"comment_status":"","ping_status":"","sticky":false,"template":"","format":"standard","meta":{"footnotes":""},"categories":[10],"tags":[20,21,24,25,15,22,23,13,30,28,29,14,16,26,27],"class_list":{"0":"post-102365","1":"post","2":"type-post","3":"status-publish","4":"format-standard","5":"has-post-thumbnail","7":"category-norge","8":"tag-breaking-news","9":"tag-breakingnews","10":"tag-featured-news","11":"tag-featurednews","12":"tag-headlines","13":"tag-latest-news","14":"tag-latestnews","15":"tag-news","16":"tag-no","17":"tag-norge","18":"tag-norway","19":"tag-nyheter","20":"tag-overskrifter","21":"tag-top-stories","22":"tag-topstories"},"share_on_mastodon":{"url":"https:\/\/pubeurope.com\/@no\/115650889388996962","error":""},"_links":{"self":[{"href":"https:\/\/www.europesays.com\/no\/wp-json\/wp\/v2\/posts\/102365","targetHints":{"allow":["GET"]}}],"collection":[{"href":"https:\/\/www.europesays.com\/no\/wp-json\/wp\/v2\/posts"}],"about":[{"href":"https:\/\/www.europesays.com\/no\/wp-json\/wp\/v2\/types\/post"}],"author":[{"embeddable":true,"href":"https:\/\/www.europesays.com\/no\/wp-json\/wp\/v2\/users\/2"}],"replies":[{"embeddable":true,"href":"https:\/\/www.europesays.com\/no\/wp-json\/wp\/v2\/comments?post=102365"}],"version-history":[{"count":0,"href":"https:\/\/www.europesays.com\/no\/wp-json\/wp\/v2\/posts\/102365\/revisions"}],"wp:featuredmedia":[{"embeddable":true,"href":"https:\/\/www.europesays.com\/no\/wp-json\/wp\/v2\/media\/102366"}],"wp:attachment":[{"href":"https:\/\/www.europesays.com\/no\/wp-json\/wp\/v2\/media?parent=102365"}],"wp:term":[{"taxonomy":"category","embeddable":true,"href":"https:\/\/www.europesays.com\/no\/wp-json\/wp\/v2\/categories?post=102365"},{"taxonomy":"post_tag","embeddable":true,"href":"https:\/\/www.europesays.com\/no\/wp-json\/wp\/v2\/tags?post=102365"}],"curies":[{"name":"wp","href":"https:\/\/api.w.org\/{rel}","templated":true}]}}