{"id":102367,"date":"2025-12-02T16:21:16","date_gmt":"2025-12-02T16:21:16","guid":{"rendered":"https:\/\/www.europesays.com\/no\/102367\/"},"modified":"2025-12-02T16:21:16","modified_gmt":"2025-12-02T16:21:16","slug":"isw-russland-vil-avvise-fredsplan","status":"publish","type":"post","link":"https:\/\/www.europesays.com\/no\/102367\/","title":{"rendered":"ISW: Russland vil avvise fredsplan"},"content":{"rendered":"<p class=\"kicker \" style=\"\">USA til Russland:<\/p>\n<p>  Tirsdag m\u00f8ter USAs spesialutsendinger Russlands president. If\u00f8lge ISW planlegger Russland \u00e5 avvise forslaget og unng\u00e5 \u00e5 p\u00e5dra seg skylden for \u00e5 stanse fredsprosessen.<\/p>\n<p>\n    M\u00d8TER USA: Russlands president Vladimir Putin skal tirsdag m\u00f8te USAs spesialutsendinger Steve Witkoff og Jared Kushner for \u00e5 diskutere Donald Trupms forslag til fredsplan i krigen mellom Russland og Ukraina. Foto: Alexander Nemenov\/Pool Photo via AP\/NTB\n  <\/p>\n<p>    Kort fortalt<\/p>\n<ul lang=\"nb-NO\">\n<li>USAs spesialutsendinger Steve Witkoff og Jared Kushner m\u00f8ter Russlands president Vladimir Putin for samtaler om Trumps fredsforslag.<\/li>\n<li>Trump har ingen tidsfrist for avtalen, mens utenriksminister Rubio fokuserer p\u00e5 Ukrainas langsiktige sikkerhet.<\/li>\n<li>Kreml forbereder seg p\u00e5 \u00e5 holde m\u00f8tets resultater skjult, if\u00f8lge ISW, for \u00e5 unng\u00e5 \u00e5 f\u00e5 skylden for \u00e5 stanse fredsprosessen.<\/li>\n<li>Russiske milit\u00e6rbloggere kritiserer Kremls fremstilling av en uunng\u00e5elig seier, som ikke samsvarer med situasjonen p\u00e5 bakken.<\/li>\n<\/ul>\n<p class=\"italic ai-disclaimer\" data-lab-italic=\"italic\">Sammendraget er laget av ChatGPT og godkjent av Dagbladet.<\/p>\n<p>      Vis mer<br \/>\n      Vis mindre<\/p>\n<p>USAs spesialutsendinger Steve Witkoff og Jared Kushner skal m\u00f8te Russlands president Vladimir Putin for samtaler tirsdag, der de skal snakke om USAs president Donald Trumps fredsforslag.<\/p>\n<p> Trump sier han ikke har noen tidsfrist for en avtale, mens utenriksminister Rubio understreker at m\u00e5let er \u00e5 sikre Ukrainas langsiktige sikkerhet. <\/p>\n<p>          <img loading=\"lazy\" decoding=\"async\" src=\"https:\/\/www.europesays.com\/no\/wp-content\/uploads\/2025\/12\/83926388.webp\" width=\"686\" height=\"392\" title=\"M\u00d8TER PUTIN: Donald Trumps svigers\u00f8nn, forretningsmannen Jared Kushner (t.v.), og USAs spesialutsending Steve Witkoff skal tirsdag m\u00f8te Russlands president Vladimir Putin i Moskva. Her er de to avbildet i Israel i september. Foto: Reuters\/NTB\" alt=\"\" class=\"\" style=\"--aspect-ratio-image: 1.75; \"\/><\/p>\n<p>\n          M\u00d8TER PUTIN: Donald Trumps svigers\u00f8nn, forretningsmannen Jared Kushner (t.v.), og USAs spesialutsending Steve Witkoff skal tirsdag m\u00f8te Russlands president Vladimir Putin i Moskva. Her er de to avbildet i Israel i september. Foto: Reuters\/NTB\n      <\/p>\n<p>Hva som vil komme ut av m\u00f8tet mellom delegasjonen fra USA og den russiske presidenten, er enn\u00e5 uvisst.\u00a0<\/p>\n<p>    <a itemprop=\"url\" href=\"https:\/\/www.dagbladet.no\/nyheter\/erdogan-reagerer-uakseptabelt\/83924207\" rel=\"nofollow noopener\" target=\"_blank\"><\/p>\n<p>      <img loading=\"lazy\" decoding=\"async\" src=\"https:\/\/www.europesays.com\/no\/wp-content\/uploads\/2025\/12\/83924214.webp\" width=\"980\" height=\"441\" title=\"Erdogan reagerer: - Uakseptabelt\" alt=\"\" class=\"lazyload\" style=\"--aspect-ratio-image: 2.22; \"\/><\/p>\n<p>        Erdogan reagerer: &#8211; Uakseptabelt<\/p>\n<p>    <\/a><\/p>\n<p class=\"font-weight-bold m-font-weight-bold\" data-lab-font_weight=\"font-weight-bold\">Men if\u00f8lge en analyse fra <a href=\"https:\/\/understandingwar.org\/research\/russia-ukraine\/russian-offensive-campaign-assessment-december-1-2025\/\" rel=\"nofollow noopener\" target=\"_blank\">ISW <\/a>(Institute for the study of war) forbereder Kreml seg p\u00e5 \u00e5\u00a0holde resultatene av m\u00f8tet skjult, trolig fordi Russland vil avvise forslaget og lagt planer for hvordan de skal\u00a0unng\u00e5 \u00e5 p\u00e5dra seg skylden for \u00e5 stanse fredsprosessen.<\/p>\n<p>If\u00f8lge ISW har Putins Kreml-talsperson Dmitrij Peskov uttalt at\u00a0Russland ikke har til hensikt \u00e5 forhandle \u00abgjennom media\u00bb. <\/p>\n<p>Peskov uttalte at Kreml vil offentliggj\u00f8re opptak fra starten av m\u00f8tet mellom Putin og Witkoff, men at det er for tidlig \u00e5 snakke om eventuelle offentlige uttalelser etterp\u00e5.<\/p>\n<p>         ANGREP: To b\u00e5ter tilh\u00f8rende den russiske \u00abskyggefl\u00e5ten\u00bb ble angrepet av ukrainske undervannsdroner. Video: SBU. Reporter: Marte Nyl\u00f8kken Helseth. <\/p>\n<p>I Ukraina-samtaler\t<\/p>\n<p>USA og Russland-m\u00f8tet, som if\u00f8lge Kreml skal finne sted p\u00e5 ettermiddagen eller kvelden, f\u00f8lger en seanse i delstaten Florida i USA s\u00f8ndag og mandag mellom amerikanske og ukrainske forhandlere.\u00a0<\/p>\n<p class=\"font-weight-bold m-font-weight-bold\" data-lab-font_weight=\"font-weight-bold\">Der skal det ha blitt gjort framgang rundt en fredsplan for Ukraina-krigen. Men det ble understreket at mer arbeid gjenst\u00e5r.<\/p>\n<p>Diskusjonene knytter seg til en fredsplan p\u00e5 28 punkter, fremmet av USAs president Donald Trump. Fredsplanen har f\u00e5tt kritikk for \u00e5 ligne en russisk \u00f8nskeliste.<\/p>\n<p>Europeiske land og Ukraina har siden bearbeidet deler av planen sammen med amerikanske forhandlere, men det er ukjent hvilke deler det dreier seg om.<\/p>\n<p>    <a itemprop=\"url\" href=\"https:\/\/www.dagbladet.no\/nyheter\/de-er-putins-storste-problem\/83881341\" rel=\"nofollow noopener\" target=\"_blank\"><\/p>\n<p>      <img loading=\"lazy\" decoding=\"async\" src=\"https:\/\/www.europesays.com\/no\/wp-content\/uploads\/2025\/12\/1764692476_999_83898607.webp\" width=\"980\" height=\"441\" title=\"- De er Putins st\u00f8rste problem\" alt=\"\" class=\"lazyload\" style=\"--aspect-ratio-image: 2.22; \"\/><\/p>\n<p>        &#8211; De er Putins st\u00f8rste problem<\/p>\n<p>    <\/a><\/p>\n<p>Milit\u00e6rbloggere kritiserer Kreml\t<\/p>\n<p>H\u00f8ytst\u00e5ende Kreml-tjenestemenn og russiske milit\u00e6rbloggere har konsekvent avvist fredsplanen siden den f\u00f8rst ble lagt fram i november, fordi forslagene ikke innfrir alle Russlands krigskrav.<\/p>\n<p>Samtidig kritiserer ledende\u00a0russiske milit\u00e6rbloggere Kreml for \u00e5 framstille\u00a0en russisk seier som uunng\u00e5elig.\u00a0Dette samsvarer ikke med situasjonen p\u00e5 bakken, og selv pro-russiske bloggere ser seg n\u00f8dt til \u00e5 korrigere myndighetenes p\u00e5stander, if\u00f8lge ISW.<\/p>\n","protected":false},"excerpt":{"rendered":"USA til Russland: Tirsdag m\u00f8ter USAs spesialutsendinger Russlands president. If\u00f8lge ISW planlegger Russland \u00e5 avvise forslaget og unng\u00e5&hellip;\n","protected":false},"author":2,"featured_media":102368,"comment_status":"","ping_status":"","sticky":false,"template":"","format":"standard","meta":{"footnotes":""},"categories":[5],"tags":[20,21,24,25,15,19,22,23,17,18,13,30,28,29,14,16,188,26,27,489,50,412,186],"class_list":{"0":"post-102367","1":"post","2":"type-post","3":"status-publish","4":"format-standard","5":"has-post-thumbnail","7":"category-overskrifter","8":"tag-breaking-news","9":"tag-breakingnews","10":"tag-featured-news","11":"tag-featurednews","12":"tag-headlines","13":"tag-hovedoppslag","14":"tag-latest-news","15":"tag-latestnews","16":"tag-main-news","17":"tag-mainnews","18":"tag-news","19":"tag-no","20":"tag-norge","21":"tag-norway","22":"tag-nyheter","23":"tag-overskrifter","24":"tag-russland","25":"tag-top-stories","26":"tag-topstories","27":"tag-ukraina","28":"tag-usa","29":"tag-utenriks","30":"tag-vladimir-putin"},"share_on_mastodon":{"url":"https:\/\/pubeurope.com\/@no\/115650893470684294","error":""},"_links":{"self":[{"href":"https:\/\/www.europesays.com\/no\/wp-json\/wp\/v2\/posts\/102367","targetHints":{"allow":["GET"]}}],"collection":[{"href":"https:\/\/www.europesays.com\/no\/wp-json\/wp\/v2\/posts"}],"about":[{"href":"https:\/\/www.europesays.com\/no\/wp-json\/wp\/v2\/types\/post"}],"author":[{"embeddable":true,"href":"https:\/\/www.europesays.com\/no\/wp-json\/wp\/v2\/users\/2"}],"replies":[{"embeddable":true,"href":"https:\/\/www.europesays.com\/no\/wp-json\/wp\/v2\/comments?post=102367"}],"version-history":[{"count":0,"href":"https:\/\/www.europesays.com\/no\/wp-json\/wp\/v2\/posts\/102367\/revisions"}],"wp:featuredmedia":[{"embeddable":true,"href":"https:\/\/www.europesays.com\/no\/wp-json\/wp\/v2\/media\/102368"}],"wp:attachment":[{"href":"https:\/\/www.europesays.com\/no\/wp-json\/wp\/v2\/media?parent=102367"}],"wp:term":[{"taxonomy":"category","embeddable":true,"href":"https:\/\/www.europesays.com\/no\/wp-json\/wp\/v2\/categories?post=102367"},{"taxonomy":"post_tag","embeddable":true,"href":"https:\/\/www.europesays.com\/no\/wp-json\/wp\/v2\/tags?post=102367"}],"curies":[{"name":"wp","href":"https:\/\/api.w.org\/{rel}","templated":true}]}}