{"id":102375,"date":"2025-12-02T16:29:11","date_gmt":"2025-12-02T16:29:11","guid":{"rendered":"https:\/\/www.europesays.com\/no\/102375\/"},"modified":"2025-12-02T16:29:11","modified_gmt":"2025-12-02T16:29:11","slug":"aleksandr-bolsjunov-russland-aleksandr-bolsjunov-straffes-etter-skandale-i-russland","status":"publish","type":"post","link":"https:\/\/www.europesays.com\/no\/102375\/","title":{"rendered":"Aleksandr Bolsjunov, Russland | Aleksandr Bolsjunov straffes etter skandale i Russland"},"content":{"rendered":"\n<p>Den russiske skistjernen ble i helgen diskvalifisert for usportslig oppf\u00f8rsel under sesong\u00e5pningen i den russiske skicupen.<\/p>\n<p>N\u00e5 er det klart at Bolsjunov straffes ytterligere.<\/p>\n<p>Sergej Krayanin i Det russiske langrennsforbundet opplyser at Bolsjunov suspenderes etter at han dultet Aleksandr Bakurov over ende i m\u00e5lomr\u00e5det.<\/p>\n<p>\u2013 Bolsunov vil ikke kunne delta i russiske konkurranser f\u00f8r Bakurov er tilbake fra skade. I tillegg til \u00e5 bli diskvalifisert fra l\u00f8pet, er dette ogs\u00e5 en straff. Jeg mener dette er rettferdig, sier Krayanin, if\u00f8lge <a rel=\"Follow nofollow noopener\" href=\"https:\/\/www.sport-express.ru\/skiing\/news\/bolshunov-otstranen-ot-vserossiyskih-sorevnovaniy-do-vosstanovleniya-lyzhnika-bakurova-2380536\/\" target=\"_blank\">Sport-Express<\/a>.<\/p>\n<p>If\u00f8lge nettstedet er det ventet at Bakurov kan konkurrere igjen om to uker.<\/p>\n<p>    Vil du se neste video?<\/p>\n<p>    <a href=\"https:\/\/www.nettavisen.no\/fredrik-solvang\/jonas-gahr-store\/debatten\/fredrik-solvang-himler-av-jonas-gahr-store-men-i-alle\/v\/5-95-2751917\" class=\"recommend-poster\" data-adp-clicklabel=\"video-recommend\" data-adp-clickvalue=\"poster\" rel=\"nofollow noopener\" target=\"_blank\"><br \/>\n      <img decoding=\"async\" width=\"200\" height=\"200\" loading=\"lazy\" src=\"https:\/\/www.europesays.com\/no\/wp-content\/uploads\/2025\/11\/Solvang+bredde.jpg\" alt=\"\" class=\"brick-c-cFOWSL\" style=\"--brick-image-ratio: 200 \/ 200;\"\/><\/p>\n<p>Himler av St\u00f8re: \u2013 Men i alle\u20261:06<\/p>\n<p>    <\/a><\/p>\n<p>\u2013 Veldig leit<\/p>\n<p>Den kontroversielle hendelsen skjedde i semifinalen i l\u00f8rdagens sprintrenn. Bolsjunov pr\u00f8vde \u00e5 passere Aleksandr Bakurov i siste sving f\u00f8r oppl\u00f8pet, men de to l\u00f8perne gikk i hverandre.<\/p>\n<p>Det endte med at Bolsjunov falt, mens Bakurov knakk staven og fikk spurten \u00f8delagt.<\/p>\n<p>I m\u00e5lomr\u00e5det ga Bolsjunov ham en skikkelig knuff i ryggen, som f\u00f8rte til at Bakurov falt over et gjerde. I etterkant kunne man se han halte.<\/p>\n<p>If\u00f8lge Russlands skipresident Jelena V\u00e4lbe ble Bakurov s\u00e5 skadet at han ikke kan g\u00e5 skirenn p\u00e5 to uker. Etter hendelsen la ikke V\u00e4lbe skjul p\u00e5 at hun var skuffet over Bolsjunov.<\/p>\n<p>\u2013 Jeg synes det er veldig leit at den store Aleksandr Bolsjunov ikke holder tilbake f\u00f8lelsene sine, sa V\u00e4lbe, if\u00f8lge Sport Express.<\/p>\n<p>Bakurov var selv forbannet etter Bolsjunovs overfall.<\/p>\n<p>\u2013 En unnskyldning vil ikke endre situasjonen. Dette m\u00e5 definitivt stoppes, sa Bakurov til Match TV.<\/p>\n<p>Bolsjunov knakk staven<\/p>\n<p>Bolsjunov uttalte seg ogs\u00e5 om situasjonen.<\/p>\n<p>\u2013 Jeg \u00f8nsker en rettferdig duell fra start til slutt. Jeg likte ikke Bakurovs holdning under l\u00f8pet, sa han til TV-kanalen Rossija 1.<\/p>\n<p>Den russiske skistjernen sa samtidig at han var klar for \u00e5 ta en eventuell straff.<\/p>\n<p>\u2013 De kommer sikkert til \u00e5 diskvalifisere meg fra fem l\u00f8p n\u00e5, fordi jeg er sannsynligvis den ut\u00f8veren alle elsker og vil ta ut ting p\u00e5. Jeg tar st\u00f8yten, uansett hvor vanskelig det er, sa han.<\/p>\n<p>Dette er imidlertid ikke f\u00f8rste gang Bolsjunov er involvert i br\u00e5k. Den mest kjente situasjonen er da Johannes H\u00f8sflot Kl\u00e6bo kom i kontakt med russeren p\u00e5 oppl\u00f8pet under VM-femmila i 2021.<\/p>\n<p>Bolsjunov knakk staven, mens Kl\u00e6bo ble disket og mistet gullet. Emil Iversen endte opp med \u00e5 ta gullet, mens Bolsjunov tok s\u00f8lv.<\/p>\n<p>I en verdenscupstafett i 2022 kj\u00f8rte Bolsjunov ned finske Joni M\u00e4ki i m\u00e5lomr\u00e5det, mens forrige vinter var det kontroverser mellom Bolsjunov og Sergej Ustjugov i den russiske skicupen.<\/p>\n","protected":false},"excerpt":{"rendered":"Den russiske skistjernen ble i helgen diskvalifisert for usportslig oppf\u00f8rsel under sesong\u00e5pningen i den russiske skicupen. N\u00e5 er&hellip;\n","protected":false},"author":2,"featured_media":102376,"comment_status":"","ping_status":"","sticky":false,"template":"","format":"standard","meta":{"footnotes":""},"categories":[59],"tags":[30,28,29,83,82],"class_list":{"0":"post-102375","1":"post","2":"type-post","3":"status-publish","4":"format-standard","5":"has-post-thumbnail","7":"category-sport","8":"tag-no","9":"tag-norge","10":"tag-norway","11":"tag-sport","12":"tag-sports"},"share_on_mastodon":{"url":"https:\/\/pubeurope.com\/@no\/115650924660165890","error":""},"_links":{"self":[{"href":"https:\/\/www.europesays.com\/no\/wp-json\/wp\/v2\/posts\/102375","targetHints":{"allow":["GET"]}}],"collection":[{"href":"https:\/\/www.europesays.com\/no\/wp-json\/wp\/v2\/posts"}],"about":[{"href":"https:\/\/www.europesays.com\/no\/wp-json\/wp\/v2\/types\/post"}],"author":[{"embeddable":true,"href":"https:\/\/www.europesays.com\/no\/wp-json\/wp\/v2\/users\/2"}],"replies":[{"embeddable":true,"href":"https:\/\/www.europesays.com\/no\/wp-json\/wp\/v2\/comments?post=102375"}],"version-history":[{"count":0,"href":"https:\/\/www.europesays.com\/no\/wp-json\/wp\/v2\/posts\/102375\/revisions"}],"wp:featuredmedia":[{"embeddable":true,"href":"https:\/\/www.europesays.com\/no\/wp-json\/wp\/v2\/media\/102376"}],"wp:attachment":[{"href":"https:\/\/www.europesays.com\/no\/wp-json\/wp\/v2\/media?parent=102375"}],"wp:term":[{"taxonomy":"category","embeddable":true,"href":"https:\/\/www.europesays.com\/no\/wp-json\/wp\/v2\/categories?post=102375"},{"taxonomy":"post_tag","embeddable":true,"href":"https:\/\/www.europesays.com\/no\/wp-json\/wp\/v2\/tags?post=102375"}],"curies":[{"name":"wp","href":"https:\/\/api.w.org\/{rel}","templated":true}]}}