{"id":102377,"date":"2025-12-02T16:34:08","date_gmt":"2025-12-02T16:34:08","guid":{"rendered":"https:\/\/www.europesays.com\/no\/102377\/"},"modified":"2025-12-02T16:34:08","modified_gmt":"2025-12-02T16:34:08","slug":"har-sperret-av-boligen-til-savnet-kvinne-vi-jobber-pa-spreng-varden-no","status":"publish","type":"post","link":"https:\/\/www.europesays.com\/no\/102377\/","title":{"rendered":"Har sperret av boligen til savnet kvinne: \u2013 Vi jobber p\u00e5 spreng &#8211; varden.no"},"content":{"rendered":"<ol>\n<li><a href=\"https:\/\/news.google.com\/rss\/articles\/CBMiogFBVV95cUxQV2tZZllCLW5xNGt6RF9oR1Q1QXFTNVB0WXVQTmd2b3NlUUVEc1JTOEMzSV9sZHY5N3piZ0VkQURHVXhWclJGVkJxbDlLdVpBOW14RjNybU5Td0VObFA4M3RMMHNiai1qRGlKOVpUdGdLbmo4UXVicnp4M2hYRUh4eHRpZEp0bE12MndPQnBKTFVGVGx3ZzVDdmZvU0NzZWVybkE?oc=5\" target=\"_blank\" rel=\"nofollow noopener\">Har sperret av boligen til savnet kvinne: \u2013 Vi jobber p\u00e5 spreng<\/a>&nbsp;&nbsp;varden.no<\/li>\n<li><a href=\"https:\/\/news.google.com\/rss\/articles\/CBMilgFBVV95cUxPc2hPRFhQWkdlOG11WFQyYkVpZ1lVS2ZhLWdyN1dBRTdYa2xYVEdfOEZtd0dKMkJSLVM1LWp6c29YTW5TWl9WTWY4TlhMaVR0c0xhRFFNRjQ5ZFV3VnpUaU84Nzh5STVMU1BLRGZ4c2E0aGhZREVua3JUR0FEZFRXUm5nbXJoRDBoZkZ2eWFqdXZzazNsOFE?oc=5\" target=\"_blank\" rel=\"nofollow noopener\">Fant bilen her: \u2013\u2060 Hvis noen skal klare seg ute, er det henne<\/a>&nbsp;&nbsp;VG<\/li>\n<li><a href=\"https:\/\/news.google.com\/rss\/articles\/CBMifEFVX3lxTE5rTEctamVLYkQwcklqVjJJVG1Jd0czZS0wUnFoY3RrWlRjQjdXVEFWT2dTekxJWF9fZWtPRGZWb1R1ZGh3OHY5S3B2WHVZRk5HQ2czVm5LV180RmRqUkFERklVV3ZJQzNOa0tuMEQ1Zi1ETlQ0cUFUT2g4TUg?oc=5\" target=\"_blank\" rel=\"nofollow noopener\">Stor leteaksjon i Dalen<\/a>&nbsp;&nbsp;NRK<\/li>\n<li><a href=\"https:\/\/news.google.com\/rss\/articles\/CBMiiAFBVV95cUxOVW1JX0JrVjZpcHhDYktMWUU3V283N3FpaVRuWFlyb0JPWkFhS19pRWVfM1ZEN3NJMEE2a0tzNWxGWi1lZTNoekhXd1ZvdG1iMUVwOTZiZWUxOEFvdW9TN0FUbGJtdlpEeS1LV2t5cFFFOU1pSjlFdzY4U0c2Y3YyZ2ZyTXRCX0pL?oc=5\" target=\"_blank\" rel=\"nofollow noopener\">Tror hun kan leve: &#8211; Leter for \u00e5 redde liv<\/a>&nbsp;&nbsp;Dagbladet<\/li>\n<li><a href=\"https:\/\/news.google.com\/rss\/articles\/CBMilgFBVV95cUxPVmdSVFBjTDZJTmtDTEg2ekxVM3RKX2FOYV9ISnFaQzJhZTJES1NTRVZnSE5hajhsQkZCcjV4dE5uWXlyMXZ4bEx0Z0MzeTZqTS1LTW1aZ1czLXQ1WWNpM1NmV1B0WEpOOEpiRVNGQlp1ZmVHcUcyQVRLT0cxQ3FYbkxDNnNPUWJzcVZ2VjNBb2dZV2NjQ2c?oc=5\" target=\"_blank\" rel=\"nofollow noopener\">Savnet, Leteaksjon | S\u00f8ker p\u00e5 fjerde d\u00f8gnet: Familie og venner deltar i letingen<\/a>&nbsp;&nbsp;Telemarksavisa<\/li>\n<\/ol>\n","protected":false},"excerpt":{"rendered":"Har sperret av boligen til savnet kvinne: \u2013 Vi jobber p\u00e5 spreng&nbsp;&nbsp;varden.no Fant bilen her: \u2013\u2060 Hvis noen&hellip;\n","protected":false},"author":2,"featured_media":102378,"comment_status":"","ping_status":"","sticky":false,"template":"","format":"standard","meta":{"footnotes":""},"categories":[10],"tags":[20,21,24,25,15,22,23,13,30,28,29,14,16,26,27],"class_list":{"0":"post-102377","1":"post","2":"type-post","3":"status-publish","4":"format-standard","5":"has-post-thumbnail","7":"category-norge","8":"tag-breaking-news","9":"tag-breakingnews","10":"tag-featured-news","11":"tag-featurednews","12":"tag-headlines","13":"tag-latest-news","14":"tag-latestnews","15":"tag-news","16":"tag-no","17":"tag-norge","18":"tag-norway","19":"tag-nyheter","20":"tag-overskrifter","21":"tag-top-stories","22":"tag-topstories"},"share_on_mastodon":{"url":"https:\/\/pubeurope.com\/@no\/115650944324380482","error":""},"_links":{"self":[{"href":"https:\/\/www.europesays.com\/no\/wp-json\/wp\/v2\/posts\/102377","targetHints":{"allow":["GET"]}}],"collection":[{"href":"https:\/\/www.europesays.com\/no\/wp-json\/wp\/v2\/posts"}],"about":[{"href":"https:\/\/www.europesays.com\/no\/wp-json\/wp\/v2\/types\/post"}],"author":[{"embeddable":true,"href":"https:\/\/www.europesays.com\/no\/wp-json\/wp\/v2\/users\/2"}],"replies":[{"embeddable":true,"href":"https:\/\/www.europesays.com\/no\/wp-json\/wp\/v2\/comments?post=102377"}],"version-history":[{"count":0,"href":"https:\/\/www.europesays.com\/no\/wp-json\/wp\/v2\/posts\/102377\/revisions"}],"wp:featuredmedia":[{"embeddable":true,"href":"https:\/\/www.europesays.com\/no\/wp-json\/wp\/v2\/media\/102378"}],"wp:attachment":[{"href":"https:\/\/www.europesays.com\/no\/wp-json\/wp\/v2\/media?parent=102377"}],"wp:term":[{"taxonomy":"category","embeddable":true,"href":"https:\/\/www.europesays.com\/no\/wp-json\/wp\/v2\/categories?post=102377"},{"taxonomy":"post_tag","embeddable":true,"href":"https:\/\/www.europesays.com\/no\/wp-json\/wp\/v2\/tags?post=102377"}],"curies":[{"name":"wp","href":"https:\/\/api.w.org\/{rel}","templated":true}]}}