{"id":102379,"date":"2025-12-02T16:35:22","date_gmt":"2025-12-02T16:35:22","guid":{"rendered":"https:\/\/www.europesays.com\/no\/102379\/"},"modified":"2025-12-02T16:35:22","modified_gmt":"2025-12-02T16:35:22","slug":"debatt-leserbrev-vindkraftsaken-en-ulmebrann-i-bygda-var","status":"publish","type":"post","link":"https:\/\/www.europesays.com\/no\/102379\/","title":{"rendered":"Debatt, Leserbrev | Vindkraftsaken &#8211; en ulmebrann i bygda v\u00e5r"},"content":{"rendered":"\n<p><b>Ordf\u00f8reren i Hattfjelldal<\/b> uttalte til avisa Helgelendingen at det tidlig var et stort engasjement rundt vindkraftsaken, men at det n\u00e5 har blitt stille. Vi som bor her, og som er dypt ber\u00f8rt, er ikke stille. Men kanskje har vi har en ordf\u00f8rer som velger \u00e5 ikke h\u00f8re? I tidligere avisinnlegg fra samme dame, var vi for krasse, for harde i ordbruken? Ja det er ikke enkelt \u00e5 tilpasse seg ordf\u00f8rer S\u00f8lvi Andersens balanse i vindkraftsaker. Kanskje er det s\u00e5 enkelt at det er motstand ordf\u00f8reren i Hattfjelldal ikke liker?<\/p>\n<p><b>I Hattfjelldal <\/b>er det ikke vanlig at folk lager oppr\u00f8r n\u00e5r kommunens styrende organer har bestemt seg for en sak, eller tar jeg feil? Ble kommunen tatt litt p\u00e5 senga i en sak der de hadde begge hender p\u00e5 rattet?<\/p>\n<p><b>Vindkraftsaken i Hattfjelldal<\/b> er ikke en privat sak, og det er heller ikke bare en regional eller nasjonal sak. Den ber\u00f8rer to land \u2013 b\u00e5de Norge og Sverige \u2013 og m\u00e5 behandles deretter.<\/p>\n<p>B\u00e5de de som driver aktiv reindrift, og vi som driver fjellg\u00e5rdene i Hattfjelldal opplever at v\u00e5re rettigheter ikke blir ivaretatt. Plan- og bygningsloven sier klart at alle ber\u00f8rte skal tas med tidligst mulig i prosessen. Det skjer ikke i praksis.<\/p>\n<p><b>Vindkraft kan ikke<\/b> g\u00e5 p\u00e5 bekostning av v\u00e5re fjell, v\u00e5rt kultur- og naturgrunnlag, og ikke minst verditapet p\u00e5 v\u00e5re eiendommer. Det handler om mye mer enn bare str\u00f8mproduksjon \u2013 det handler om identitet, tradisjon og framtid. \u00c5 binde kapital til g\u00e5rdsbruk og driftsenheter i reindrifta uten \u00e5 ha ei aning om hvordan vinkraftindustrien ber\u00f8rer oss fremover er utelukket.<\/p>\n<p>Vi krever at kommunen og de folkevalgte tar v\u00e5rt engasjement p\u00e5 alvor, f\u00f8lger lovverket, og inkluderer alle ber\u00f8rte parter tidligst mulig i prosessen. Her burde i tillegg til beiten\u00e6ringene selvsagt alle ber\u00f8rte som jegere, fiskere, b\u00e6rplukkere, fjellvandrere, steinpukkere, hundekj\u00f8rere, scooterkj\u00f8rere og andre brukergrupper f\u00e5tt slippe til \u00e5 si hvilken m\u00e5te de blir ber\u00f8rt av dette. Og igjen dette oppfordres det til tidligst mulig, ikke etter at det meste er vedtatt!<\/p>\n<p><b>N\u00e5 er det helt stille p\u00e5 kommunen, eller skjer det noe?<\/b><\/p>\n<p>For oss ber\u00f8rte oppleves dette som terror i kommunal regi. Det \u00e5 ikke bli tatt p\u00e5 alvor n\u00e5r eget eksistensgrunnlag og livsverk trues av vindkraftutbygging er ikke et demokrati verdig. Sm\u00e5 lokalsamfunn som Hattfjelldal er s\u00e5rbare, ser vi til andre sm\u00e5kommuner har prosessene om vindkraft \u00f8delagt mye. Det er sterke krefter som settes i sving n\u00e5r folks livsgrunnlag st\u00e5r p\u00e5 spill. Det er ulmebrann i bygda v\u00e5r, og den sprer seg.<\/p>\n","protected":false},"excerpt":{"rendered":"Ordf\u00f8reren i Hattfjelldal uttalte til avisa Helgelendingen at det tidlig var et stort engasjement rundt vindkraftsaken, men at&hellip;\n","protected":false},"author":2,"featured_media":102380,"comment_status":"","ping_status":"","sticky":false,"template":"","format":"standard","meta":{"footnotes":""},"categories":[5],"tags":[36,20,21,37,24,25,197,15,19,22,23,38,17,18,13,30,28,29,14,1533,16,26,27,1454],"class_list":{"0":"post-102379","1":"post","2":"type-post","3":"status-publish","4":"format-standard","5":"has-post-thumbnail","7":"category-overskrifter","8":"tag-art","9":"tag-breaking-news","10":"tag-breakingnews","11":"tag-debatt","12":"tag-featured-news","13":"tag-featurednews","14":"tag-hattfjelldal","15":"tag-headlines","16":"tag-hovedoppslag","17":"tag-latest-news","18":"tag-latestnews","19":"tag-leserbrev","20":"tag-main-news","21":"tag-mainnews","22":"tag-news","23":"tag-no","24":"tag-norge","25":"tag-norway","26":"tag-nyheter","27":"tag-opinion","28":"tag-overskrifter","29":"tag-top-stories","30":"tag-topstories","31":"tag-vindkraft"},"share_on_mastodon":{"url":"https:\/\/pubeurope.com\/@no\/115650948277755261","error":""},"_links":{"self":[{"href":"https:\/\/www.europesays.com\/no\/wp-json\/wp\/v2\/posts\/102379","targetHints":{"allow":["GET"]}}],"collection":[{"href":"https:\/\/www.europesays.com\/no\/wp-json\/wp\/v2\/posts"}],"about":[{"href":"https:\/\/www.europesays.com\/no\/wp-json\/wp\/v2\/types\/post"}],"author":[{"embeddable":true,"href":"https:\/\/www.europesays.com\/no\/wp-json\/wp\/v2\/users\/2"}],"replies":[{"embeddable":true,"href":"https:\/\/www.europesays.com\/no\/wp-json\/wp\/v2\/comments?post=102379"}],"version-history":[{"count":0,"href":"https:\/\/www.europesays.com\/no\/wp-json\/wp\/v2\/posts\/102379\/revisions"}],"wp:featuredmedia":[{"embeddable":true,"href":"https:\/\/www.europesays.com\/no\/wp-json\/wp\/v2\/media\/102380"}],"wp:attachment":[{"href":"https:\/\/www.europesays.com\/no\/wp-json\/wp\/v2\/media?parent=102379"}],"wp:term":[{"taxonomy":"category","embeddable":true,"href":"https:\/\/www.europesays.com\/no\/wp-json\/wp\/v2\/categories?post=102379"},{"taxonomy":"post_tag","embeddable":true,"href":"https:\/\/www.europesays.com\/no\/wp-json\/wp\/v2\/tags?post=102379"}],"curies":[{"name":"wp","href":"https:\/\/api.w.org\/{rel}","templated":true}]}}