{"id":102381,"date":"2025-12-02T16:36:14","date_gmt":"2025-12-02T16:36:14","guid":{"rendered":"https:\/\/www.europesays.com\/no\/102381\/"},"modified":"2025-12-02T16:36:14","modified_gmt":"2025-12-02T16:36:14","slug":"finsk-sjokk-wierer-vant-thriller","status":"publish","type":"post","link":"https:\/\/www.europesays.com\/no\/102381\/","title":{"rendered":"Finsk sjokk &#8211; Wierer vant thriller"},"content":{"rendered":"<p>Sonja Leinamo (23) sjokkerte verdenseliten. Finnen l\u00e5 lenge an til seier p\u00e5 normaldistansen i \u00d6stersund.<\/p>\n<p class=\"bold m-bold\" data-lab-font_weight=\"bold\">\u2013 Det er en sjokkseier, sa NRK-ekspert Ole Kristian Stoltenberg da Leinamo gikk i m\u00e5l til ledelse.<\/p>\n<p data-lab-font_weight=\"\">Men seier ble det ikke. Dorothea Wierer vartet opp med en voldsom sluttspurt og vant med tre tideler.<\/p>\n<p data-lab-font_weight=\"\"> \u2013 Jeg ble litt overrasket. Jeg f\u00f8lte meg litt syk i morges. Men det er vilt bra, sier Wierer til NRK. <\/p>\n<p>        <img class=\"image__img lazyload\" itemprop=\"image\" title=\"Foto: BJORN LARSSON ROSVALL \/ AFP \/ NTB\" alt=\"SEIRET: Den italienske stjernen viste storform i Sverige. Foto: BJORN LARSSON ROSVALL \/ AFP \/ NTB\" width=\"978\" height=\"551\" bad-src=\"https:\/\/www.europesays.com\/no\/wp-content\/uploads\/2025\/12\/18345199.webp\" fetchpriority=\"auto\" \/><\/p>\n<p>      SEIRET: Den italienske stjernen viste storform i Sverige.<br \/>\n         Foto: BJORN LARSSON ROSVALL \/ AFP \/ NTB<\/p>\n<p data-lab-font_weight=\"\">Leinamo hadde en \u00e5ttendeplass som sin individuelle bestenotering i verdenscupen f\u00f8r tirsdagens renn.<\/p>\n<p data-lab-font_weight=\"\">\u2013 Det er r\u00f8rende, sier NRK-ekspert Stoltenberg.<\/p>\n<p data-lab-font_weight=\"\">Finnen var str\u00e5lende forn\u00f8yd selv om seieren glapp.<\/p>\n<p data-lab-font_weight=\"bold\" class=\"bold m-bold\">\u2013 Det er en dr\u00f8m. Jeg kan ikke forst\u00e5 hva som har skjedd. Jeg var veldig sliten og visste ikke hvordan jeg l\u00e5 an. Jeg er ikke irritert over Wierer, men bare glad for alt, sier Leinamo til NRK.<\/p>\n<p>        <img class=\"image__img lazyload\" itemprop=\"image\" title=\"Foto: Mathias Bergeld \/ BILDBYR\u00c5N\" alt=\"BARE NESTEN: Sonja Leinamo ga alt p\u00e5 sisterunden, men det holdt akkurat ikke til seier. Foto: Mathias Bergeld \/ BILDBYR\u00c5N\" width=\"978\" height=\"551\" bad-src=\"https:\/\/www.europesays.com\/no\/wp-content\/uploads\/2025\/12\/18345191.webp\" fetchpriority=\"auto\" \/><\/p>\n<p>      BARE NESTEN: Sonja Leinamo ga alt p\u00e5 sisterunden, men det holdt akkurat ikke til seier.<br \/>\n         Foto: Mathias Bergeld \/ BILDBYR\u00c5N<\/p>\n<p data-lab-font_weight=\"\">Lagvenninne\u00a0Suvi Minkkinen var stolt over det Leinamo viste.<\/p>\n<p data-lab-font_weight=\"\">\u2013 Jeg er s\u00e5 glad p\u00e5 hennes vegne. Jeg tror ikke hun var s\u00e5 forn\u00f8yd etter stafetten. N\u00e5 starter hun slik. Hun overrasket b\u00e5de seg selv og oss andre, sier Minkkinen til TV 2.<\/p>\n<p>Tandrevold best av de norske<\/p>\n<p data-lab-font_weight=\"\">Ingen av de norske var med i kampen om de beste plasseringene.\u00a0Ingrid Landmark Tandrevold ble beste norske med sin ellevteplass, 1:34 bak Wierer.<\/p>\n<p>Tandrevold startet med \u00e9n bom p\u00e5 f\u00f8rste liggende, men p\u00e5 st\u00e5ende ble det fullt hus. Hun gjentok suksessen p\u00e5 tredjeskytingen, og var dermed med i en pallkamp f\u00f8r siste st\u00e5ende. Der ble det dessverre to bom.\u00a0<\/p>\n<p class=\"bold m-bold\" data-lab-font_weight=\"bold\">\u2013 Det var ok pluss. Jeg mangler det siste lille for \u00e5 v\u00e6re helt der oppe. Det var et stort steg i riktig retning, sier Tandrevold til TV 2.<\/p>\n<p>\u00d8vrige norske plasseringer: Maren Hjelmeset Kirkeeide (12), Karoline Knotten (14), Marthe Kr\u00e5kstad Johansen (41), Marit \u00d8ygard (65), Ragnhild Femsteinevik (66).<\/p>\n","protected":false},"excerpt":{"rendered":"Sonja Leinamo (23) sjokkerte verdenseliten. Finnen l\u00e5 lenge an til seier p\u00e5 normaldistansen i \u00d6stersund. \u2013 Det er&hellip;\n","protected":false},"author":2,"featured_media":102382,"comment_status":"","ping_status":"","sticky":false,"template":"","format":"standard","meta":{"footnotes":""},"categories":[59],"tags":[30,28,29,83,82],"class_list":{"0":"post-102381","1":"post","2":"type-post","3":"status-publish","4":"format-standard","5":"has-post-thumbnail","7":"category-sport","8":"tag-no","9":"tag-norge","10":"tag-norway","11":"tag-sport","12":"tag-sports"},"share_on_mastodon":{"url":"https:\/\/pubeurope.com\/@no\/115650952082384057","error":""},"_links":{"self":[{"href":"https:\/\/www.europesays.com\/no\/wp-json\/wp\/v2\/posts\/102381","targetHints":{"allow":["GET"]}}],"collection":[{"href":"https:\/\/www.europesays.com\/no\/wp-json\/wp\/v2\/posts"}],"about":[{"href":"https:\/\/www.europesays.com\/no\/wp-json\/wp\/v2\/types\/post"}],"author":[{"embeddable":true,"href":"https:\/\/www.europesays.com\/no\/wp-json\/wp\/v2\/users\/2"}],"replies":[{"embeddable":true,"href":"https:\/\/www.europesays.com\/no\/wp-json\/wp\/v2\/comments?post=102381"}],"version-history":[{"count":0,"href":"https:\/\/www.europesays.com\/no\/wp-json\/wp\/v2\/posts\/102381\/revisions"}],"wp:featuredmedia":[{"embeddable":true,"href":"https:\/\/www.europesays.com\/no\/wp-json\/wp\/v2\/media\/102382"}],"wp:attachment":[{"href":"https:\/\/www.europesays.com\/no\/wp-json\/wp\/v2\/media?parent=102381"}],"wp:term":[{"taxonomy":"category","embeddable":true,"href":"https:\/\/www.europesays.com\/no\/wp-json\/wp\/v2\/categories?post=102381"},{"taxonomy":"post_tag","embeddable":true,"href":"https:\/\/www.europesays.com\/no\/wp-json\/wp\/v2\/tags?post=102381"}],"curies":[{"name":"wp","href":"https:\/\/api.w.org\/{rel}","templated":true}]}}