{"id":102383,"date":"2025-12-02T16:41:16","date_gmt":"2025-12-02T16:41:16","guid":{"rendered":"https:\/\/www.europesays.com\/no\/102383\/"},"modified":"2025-12-02T16:41:16","modified_gmt":"2025-12-02T16:41:16","slug":"trafikk-ulykker-og-hendelser-matte-ta-i-bruk-spikermatte-i-biljakt","status":"publish","type":"post","link":"https:\/\/www.europesays.com\/no\/102383\/","title":{"rendered":"Trafikk, Ulykker og hendelser | M\u00e5tte ta i bruk spikermatte i biljakt"},"content":{"rendered":"\n<p>Politiet meldte om hendelsen like etter klokka 02 natt til tirsdag.<\/p>\n<p>\u2013 Meldt om personbil som hadde uforsvarlig kj\u00f8ring langs E6 ved Brumunddal. Nektet \u00e5 stanse for kontroll, og det ble en forf\u00f8lgelse. Bilen ble etter hvert stanset ved bruk av spikermatte, opplyser operasjonsleder Ove Stian Ovrum om nattens hendelse.<\/p>\n<p>Overfor Ringsaker Blad utdyper han: <\/p>\n<p>Punkterte to dekk<\/p>\n<p>\u2013 Det var en innringer som meldte om kj\u00f8ringen som ble beskrevet som generell tullekj\u00f8ring, som sladding og bremsing foran melder, sier Ovrum. <\/p>\n<p>Da var bilen p\u00e5 veg s\u00f8rover p\u00e5 E6 i Brumunddal. Politiet fikk kontakt med f\u00f8rer i Hamar. Men til tross for gjentatte oppfordringer om \u00e5 stanse, fortsatte kj\u00f8returen med politiet hakk i h\u00e6l.<\/p>\n<p>Ferden gikk n\u00e5 igjen mot Ringsaker. <\/p>\n<p>\u2013 Vi rullet ut spikermatta ved avkj\u00f8ring E6 i Brumunddal. Det varierer jo hvor mange dekk som punkterer ved bruk av matte. I dette tilfellet var det det to av fire, sier Ovrum til RB. <\/p>\n<p>Ga opp<\/p>\n<p>Heller ikke dette fikk mannen i slutten av ten\u00e5ra til \u00e5 innse at det var lurt \u00e5 stanse. Med to punkterte dekk kj\u00f8rte han videre nordover. <\/p>\n<p>\u2013 Vi fikk etter hvert ogs\u00e5 kontakt med ham p\u00e5 telefonen, og slapp \u00e5 g\u00e5 enda hardere til verks da han inns\u00e5 at slaget var tapt, sier operasjonslederen. <\/p>\n<p>Det hele var imidlertid ikke over f\u00f8r bilen ankom Rudsh\u00f8gda. P\u00e5gripelsen skal ha g\u00e5tt forholdsvis rolig for seg, if\u00f8lge Ovrum som videre sier at mannen var alene i bilen.<\/p>\n<p>Den unge sj\u00e5f\u00f8ren, som ikke er fra Ringsaker, har aldri hatt f\u00f8rerkort. Han bl\u00e5ste over lovlig verdi p\u00e5 stedet, f\u00e5r RB opplyst. <\/p>\n<p>\u2013 Han anmeldes i hvert fall for rusp\u00e5virket kj\u00f8ring, kj\u00f8ring uten f\u00f8rerkort, for ikke \u00e5 ha stanset for kontroll og for farefull kj\u00f8ring, sier Ovrum til RB. <\/p>\n<p>Mannen er framstilt for lege for ytterligere bevissikring.<\/p>\n","protected":false},"excerpt":{"rendered":"Politiet meldte om hendelsen like etter klokka 02 natt til tirsdag. \u2013 Meldt om personbil som hadde uforsvarlig&hellip;\n","protected":false},"author":2,"featured_media":15979,"comment_status":"","ping_status":"","sticky":false,"template":"","format":"standard","meta":{"footnotes":""},"categories":[10],"tags":[36,20,21,3759,24,25,15,22,23,13,30,28,29,14,16,5911,1510,26,27,224,941],"class_list":{"0":"post-102383","1":"post","2":"type-post","3":"status-publish","4":"format-standard","5":"has-post-thumbnail","7":"category-norge","8":"tag-art","9":"tag-breaking-news","10":"tag-breakingnews","11":"tag-brumunddal","12":"tag-featured-news","13":"tag-featurednews","14":"tag-headlines","15":"tag-latest-news","16":"tag-latestnews","17":"tag-news","18":"tag-no","19":"tag-norge","20":"tag-norway","21":"tag-nyheter","22":"tag-overskrifter","23":"tag-rudshogda","24":"tag-story","25":"tag-top-stories","26":"tag-topstories","27":"tag-trafikk","28":"tag-ulykker-og-hendelser"},"share_on_mastodon":{"url":"https:\/\/pubeurope.com\/@no\/115650971721495062","error":""},"_links":{"self":[{"href":"https:\/\/www.europesays.com\/no\/wp-json\/wp\/v2\/posts\/102383","targetHints":{"allow":["GET"]}}],"collection":[{"href":"https:\/\/www.europesays.com\/no\/wp-json\/wp\/v2\/posts"}],"about":[{"href":"https:\/\/www.europesays.com\/no\/wp-json\/wp\/v2\/types\/post"}],"author":[{"embeddable":true,"href":"https:\/\/www.europesays.com\/no\/wp-json\/wp\/v2\/users\/2"}],"replies":[{"embeddable":true,"href":"https:\/\/www.europesays.com\/no\/wp-json\/wp\/v2\/comments?post=102383"}],"version-history":[{"count":0,"href":"https:\/\/www.europesays.com\/no\/wp-json\/wp\/v2\/posts\/102383\/revisions"}],"wp:featuredmedia":[{"embeddable":true,"href":"https:\/\/www.europesays.com\/no\/wp-json\/wp\/v2\/media\/15979"}],"wp:attachment":[{"href":"https:\/\/www.europesays.com\/no\/wp-json\/wp\/v2\/media?parent=102383"}],"wp:term":[{"taxonomy":"category","embeddable":true,"href":"https:\/\/www.europesays.com\/no\/wp-json\/wp\/v2\/categories?post=102383"},{"taxonomy":"post_tag","embeddable":true,"href":"https:\/\/www.europesays.com\/no\/wp-json\/wp\/v2\/tags?post=102383"}],"curies":[{"name":"wp","href":"https:\/\/api.w.org\/{rel}","templated":true}]}}