{"id":102386,"date":"2025-12-02T16:48:10","date_gmt":"2025-12-02T16:48:10","guid":{"rendered":"https:\/\/www.europesays.com\/no\/102386\/"},"modified":"2025-12-02T16:48:10","modified_gmt":"2025-12-02T16:48:10","slug":"arendal-kommune-har-ikke-innfridd-nrk-sorlandet-lokale-nyheter-tv-og-radio","status":"publish","type":"post","link":"https:\/\/www.europesays.com\/no\/102386\/","title":{"rendered":"\u2013 Arendal kommune har ikke innfridd \u2013 NRK S\u00f8rlandet \u2013 Lokale nyheter, TV og radio"},"content":{"rendered":"<p>Saken oppsummert:<\/p>\n<p>\u2022 Inger Liv Mihaila (91) d\u00f8de en uke etter en voldshendelse p\u00e5 et bokollektiv i Arendal. <br \/>\u2022 Familien mener kommunen ikke ga henne den tryggheten og helsehjelpen hun hadde krav p\u00e5. <br \/>\u2022 En mannlig beboer i 50-\u00e5rene er siktet for kroppskrenkelse, men politiet avventer obduksjonsrapport for \u00e5 fastsl\u00e5 d\u00f8ds\u00e5rsaken. <br \/>\u2022 S\u00f8sknene hevder at kommunens helsevesen drives p\u00e5 sparebluss, og at morens behov ble nedprioritert. <br \/>\u2022 Kommunedirekt\u00f8ren avviser kritikken og mener tjenestene er trygge, men kommenterer ikke den konkrete saken. <br \/>\u2022 Familien har varslet Statsforvalteren, Ukom og pasientombudet, og \u00f8nsker \u00e5 rette oppmerksomhet mot mangler i eldreomsorgen.<\/p>\n<p>Oppsummeringen er laget av en KI-tjeneste fra OpenAI. Innholdet er kvalitetssikret av NRKs journalister f\u00f8r publisering.<\/p>\n<p>I Arendal er fire s\u00f8sken i dyp sorg. Deres 91 \u00e5r gamle mor er d\u00f8d.<\/p>\n<p>Inger Liv Mihaila d\u00f8de i oktober, en uke etter en alvorlig voldshendelse p\u00e5 et bokollektiv i kommunen.<\/p>\n<p><strong>\u2013 Det vi har opplevd, b\u00f8r ikke forbig\u00e5s i stillhet, sier s\u00f8sknene.<\/strong><\/p>\n<p>Politiet har unders\u00f8kt hendelsen, og avventer n\u00e5 en obduksjonsrapport for \u00e5 se om d\u00f8dsfallet henger sammen med selve hendelsen.<\/p>\n<p>Det oppsto en situasjon mellom Inger og en mannlig beboer i 50-\u00e5rene. Moren skal if\u00f8lge s\u00f8sknene ha f\u00e5tt en hjernebl\u00f8dning i forbindelse med hendelsen. Legene mente det ikke var forsvarlig \u00e5 behandle skaden.\n<\/p>\n<p><img decoding=\"async\"   src=\"data:image\/gif;base64,R0lGODlhAQABAIAAAAAAAP\/\/\/yH5BAEAAAAALAAAAAABAAEAAAIBRAA7\" loading=\"eager\" alt=\"Bilde av Inger Liv Mihaila Hansen, som d\u00f8de en uke etter en voldshendelse p\u00e5 et bokollektiv.\" title=\"Foto: Privat\"\/><\/p>\n<p class=\"\">Her ser vi Inger Liv Mihaila sammen med hunden sin utenfor sitt hjem.<\/p>\n<p>Foto: Privat<\/p>\n<p>Mener kommunen har sviktet<\/p>\n<p>Tirsdag formiddag inviterte s\u00f8sknene pressen til barndomshjemmet. De mener Arendal kommune b\u00e6rer deler av ansvaret for at det kunne g\u00e5 slik.<\/p>\n<p><strong>Familien hevder f\u00f8lgende:<\/strong><\/p>\n<ul>\n<li>Ingers helsetilstand ble aldri tilstrekkelig vurdert, selv p\u00e5 gjentatte foresp\u00f8rsler fra p\u00e5r\u00f8rende og privatlege. <\/li>\n<li>Helse-Norges \u00abbo trygt hjemme\u00bb-reform ble ikke hensyntatt av kommunen.<\/li>\n<\/ul>\n<p><strong>\u2013 Det er v\u00e5r p\u00e5stand at kommunen ikke har innfridd p\u00e5 \u00e5 gi v\u00e5r mor omsorgsfull og forsvarlig helsehjelp, sier Linda Iren Mihaila Hansen. Hun er \u00e9n av d\u00f8trene.<\/strong><\/p>\n<p>B\u00f8rge Toft er kommunedirekt\u00f8r i Arendal. Han var ikke p\u00e5 de p\u00e5r\u00f8rendes pressekonferanse. <\/p>\n<p>Han er forelagt kritikken fra familien, men velger \u00e5 svare p\u00e5 generelt grunnlag.<\/p>\n<p><strong>\u2013 Vi mener det er nok folk p\u00e5 jobb i forhold til bemanningsplanene og de behovene vi til enhver tid har, sier Toft.<\/strong><\/p>\n<p>Les mer om tilsvaret fra kommunen lenger ned i saken.<\/p>\n<p>En annen beboer er siktet<\/p>\n<p><strong>En mann i 50-\u00e5rene, som var involvert i hendelsen, er siktet for kroppskrenkelse. Mannen er ogs\u00e5 beboer i bokollektivet.<\/strong><\/p>\n<p>\u2013 P\u00e5 grunn av hans helsemessige utfordringer, har jeg ikke v\u00e6rt i kontakt med han. Men jeg har hatt en del kontakt med familien hans. Han er per dags dato ikke avh\u00f8rt, sier mannens advokat Ole Devold.<\/p>\n<p>Han vet ikke hvordan mannen stiller seg til siktelsen.<\/p>\n<p>\u2013 Hva kan du si om hans relasjon til den avd\u00f8de?<\/p>\n<p>\u2013 De var begge brukere av bokollektivet. Noen annen relasjon er jeg ikke kjent med, sier Devold.<\/p>\n<p>Avventer obduksjonsrapport<\/p>\n<p>S\u00f8sknene tror voldshendelsen for\u00e5rsaket morens d\u00f8d. Politiet har ikke villet konkludere.<\/p>\n<p>Obduksjonsrapporten kan gi svar p\u00e5 hva d\u00f8dsfallet skyldes, men den er ikke klar enn\u00e5.<\/p>\n<p><strong>\u2013 Vi har etterforsket voldshendelsen, og avventer en obduksjonsrapport. Inntil denne foreligger kan vi ikke si at hendelsen for\u00e5rsaket d\u00f8dsfallet \u00e9n uke senere, skriver politiadvokat Unni Guldberg i Agder politidistrikt i en SMS til NRK tirsdag.<\/strong><\/p>\n<p>\u2013 Kommunen har ikke innfridd<\/p>\n<p>S\u00f8sknene mener kommunen reduserte tilbudet til moren, fordi familien var hos henne s\u00e5 ofte. Dette p\u00e5 tross av b\u00e5de morens og familiens \u00f8nske.<\/p>\n<p><img decoding=\"async\"   src=\"data:image\/gif;base64,R0lGODlhAQABAIAAAAAAAP\/\/\/yH5BAEAAAAALAAAAAABAAEAAAIBRAA7\" loading=\"eager\" alt=\"Et gammelt familiebilde i barndomshjemmet til de fire s\u00f8sknene.\" title=\"Foto: Privat\"\/><\/p>\n<p class=\"\">Et gammelt familiebilde som henger p\u00e5 veggen i barndomshjemmet.<\/p>\n<p>Foto: Privat<\/p>\n<p><strong>Familien mener heller ikke kommunen tilb\u00f8d Inger den tryggheten hun ble lovet da hun fikk plassen i bokollektivet.<\/strong><\/p>\n<p>De mener kommunen driver helsevesen p\u00e5 sparebudsjett, og har sendt klage til Statsforvalteren og Ukom. De har ogs\u00e5 orientert pasientombudet.<\/p>\n<p>Mener det er sikkert<\/p>\n<p>Kommunedirekt\u00f8ren vil ikke g\u00e5 inn i den aktuelle saken, og svarer ikke p\u00e5 familiens konkrete anklager.<\/p>\n<p><strong>\u2013 Vi mener det er sikkert \u00e5 v\u00e6re i v\u00e5re tjenester, selv om vi n\u00e5 har hatt en veldig tragisk hendelse med verst mulige utgang, sier kommunedirekt\u00f8r B\u00f8rge Toft.<\/strong><\/p>\n<p><img decoding=\"async\"   src=\"data:image\/gif;base64,R0lGODlhAQABAIAAAAAAAP\/\/\/yH5BAEAAAAALAAAAAABAAEAAAIBRAA7\" loading=\"eager\" alt=\"en mann i dress\" title=\"Foto: Tom Nicolai Kolstad \/ NRK\"\/><\/p>\n<p class=\"\">B\u00f8rge Toft er kommunedirekt\u00f8r i Arendal, og svarer p\u00e5 kritikken familien kommer med.<\/p>\n<p>Foto: Tom Nicolai Kolstad \/ NRK<\/p>\n<p>\u2013 Familien mener moren har blitt utsatt for vold av en annen pasient?<\/p>\n<p>\u2013 Jeg kan ikke g\u00e5 inn p\u00e5 det. Det har jeg ikke mulighet til \u00e5 gj\u00f8re. S\u00e5nn sett s\u00e5 m\u00e5 jeg bare registrere det de sier.<\/p>\n<p>Familien roper varsko<\/p>\n<p>De fire s\u00f8sknene velger \u00e5 g\u00e5 ut med informasjon om moren for \u00e5 gi et varsko.<\/p>\n<p><strong>De forteller at moren den siste tiden skal ha fortalt at hun ikke f\u00f8lte seg trygg p\u00e5 bokollektivet.<\/strong><\/p>\n<p>De synes det er vondt at de ikke fikk en sorgprosess som andre f\u00e5r n\u00e5r de mister sine kj\u00e6re.<\/p>\n<p><strong>\u2013 Det er en uvirkelig f\u00f8lelse. Vi sa til mamma at her er du trygg. Her passer de p\u00e5 deg, sier Linda Iren Mihaila Hansen.<\/strong><\/p>\n<p>Publisert<\/p>\n<p>02.12.2025, kl. 15.22<\/p>\n","protected":false},"excerpt":{"rendered":"Saken oppsummert: \u2022 Inger Liv Mihaila (91) d\u00f8de en uke etter en voldshendelse p\u00e5 et bokollektiv i Arendal.&hellip;\n","protected":false},"author":2,"featured_media":102387,"comment_status":"","ping_status":"","sticky":false,"template":"","format":"standard","meta":{"footnotes":""},"categories":[10],"tags":[20,21,24,25,15,22,23,13,30,28,29,14,16,26,27],"class_list":{"0":"post-102386","1":"post","2":"type-post","3":"status-publish","4":"format-standard","5":"has-post-thumbnail","7":"category-norge","8":"tag-breaking-news","9":"tag-breakingnews","10":"tag-featured-news","11":"tag-featurednews","12":"tag-headlines","13":"tag-latest-news","14":"tag-latestnews","15":"tag-news","16":"tag-no","17":"tag-norge","18":"tag-norway","19":"tag-nyheter","20":"tag-overskrifter","21":"tag-top-stories","22":"tag-topstories"},"share_on_mastodon":{"url":"https:\/\/pubeurope.com\/@no\/115650999327388435","error":""},"_links":{"self":[{"href":"https:\/\/www.europesays.com\/no\/wp-json\/wp\/v2\/posts\/102386","targetHints":{"allow":["GET"]}}],"collection":[{"href":"https:\/\/www.europesays.com\/no\/wp-json\/wp\/v2\/posts"}],"about":[{"href":"https:\/\/www.europesays.com\/no\/wp-json\/wp\/v2\/types\/post"}],"author":[{"embeddable":true,"href":"https:\/\/www.europesays.com\/no\/wp-json\/wp\/v2\/users\/2"}],"replies":[{"embeddable":true,"href":"https:\/\/www.europesays.com\/no\/wp-json\/wp\/v2\/comments?post=102386"}],"version-history":[{"count":0,"href":"https:\/\/www.europesays.com\/no\/wp-json\/wp\/v2\/posts\/102386\/revisions"}],"wp:featuredmedia":[{"embeddable":true,"href":"https:\/\/www.europesays.com\/no\/wp-json\/wp\/v2\/media\/102387"}],"wp:attachment":[{"href":"https:\/\/www.europesays.com\/no\/wp-json\/wp\/v2\/media?parent=102386"}],"wp:term":[{"taxonomy":"category","embeddable":true,"href":"https:\/\/www.europesays.com\/no\/wp-json\/wp\/v2\/categories?post=102386"},{"taxonomy":"post_tag","embeddable":true,"href":"https:\/\/www.europesays.com\/no\/wp-json\/wp\/v2\/tags?post=102386"}],"curies":[{"name":"wp","href":"https:\/\/api.w.org\/{rel}","templated":true}]}}