{"id":102388,"date":"2025-12-02T16:50:15","date_gmt":"2025-12-02T16:50:15","guid":{"rendered":"https:\/\/www.europesays.com\/no\/102388\/"},"modified":"2025-12-02T16:50:15","modified_gmt":"2025-12-02T16:50:15","slug":"raymond-hamar-blir-ny-trener","status":"publish","type":"post","link":"https:\/\/www.europesays.com\/no\/102388\/","title":{"rendered":"Raymond Hamar blir ny trener"},"content":{"rendered":"<p> Raymond Hamar (42) blir ny trener for Moldes kvinnelag i h\u00e5ndball fra neste sesong. Det bekrefter klubben i en pressemelding tirsdag.<\/p>\n<p> \u2013 Gjennom prosessen ble vi stadig sikrere p\u00e5 at Raymond har de kvalitetene som klubben \u00f8nsker, sier Teamkoordinator i Molde Elite, Carl Henrik Indbj\u00f8r. <\/p>\n<p> Hamar har i mange \u00e5r v\u00e6rt trener for Elverum H\u00e5ndball herrer. Der har han\u00a0 jobbet tett sammen med flere trenerprofiler som Michael Apelgren, B\u00f8rge Lund og Christian Berge. I tillegg til sin erfaring som trener har han jobbet for Norges H\u00e5ndballforbund og i flere \u00e5r som sportssjef ved WANG Toppidrett Hamar.<\/p>\n<p>\u2013 Jeg har ventet p\u00e5 et prosjekt som Molde. En klubb som har gjort mye bra, utviklet seg til \u00e5 bli en toppklubb, men som fortsatt har potensialet til \u00e5 ta ytterligere steg. Jeg trigges av Moldes ambisjon om \u00e5 v\u00e6re blant de ledende lagene i Norge og ser ingen grunn til at Molde ikke skal v\u00e6re med \u00e5 kjempe om titler. Jeg gleder meg til \u00e5 begi meg ut p\u00e5 reisen sammen med alle flinke folk i Molde, sier Hamar.<\/p>\n<p>Han f\u00e5r gode skussm\u00e5l fra jobben i Elverum.<\/p>\n<p>\u2013 Jeg har alltid hatt stor respekt for Raymond og det tror jeg er gjensidig. Siden min f\u00f8rste samtale med Raymond tenkte jeg med en gang at det er merkelig at han ikke er hovedtrener noe sted. Jeg er selvf\u00f8lgelig glad for at jeg fikk jobbet med han i Elverum. N\u00e5 tar han endelig muligheten jeg har ventet lenge p\u00e5 at han skal ta: \u00c5 bli hovedtrener for et lag som \u00f8nsker \u00e5 vinne. Han kommer til \u00e5 gli rett inn og sette preg i Molde fra f\u00f8rste sekund, sier tidligere Elverum-spiller Tobias Gr\u00f8ndahl.\u00a0<\/p>\n","protected":false},"excerpt":{"rendered":"Raymond Hamar (42) blir ny trener for Moldes kvinnelag i h\u00e5ndball fra neste sesong. Det bekrefter klubben i&hellip;\n","protected":false},"author":2,"featured_media":102389,"comment_status":"","ping_status":"","sticky":false,"template":"","format":"standard","meta":{"footnotes":""},"categories":[59],"tags":[30,28,29,83,82],"class_list":{"0":"post-102388","1":"post","2":"type-post","3":"status-publish","4":"format-standard","5":"has-post-thumbnail","7":"category-sport","8":"tag-no","9":"tag-norge","10":"tag-norway","11":"tag-sport","12":"tag-sports"},"share_on_mastodon":{"url":"https:\/\/pubeurope.com\/@no\/115651007199850515","error":""},"_links":{"self":[{"href":"https:\/\/www.europesays.com\/no\/wp-json\/wp\/v2\/posts\/102388","targetHints":{"allow":["GET"]}}],"collection":[{"href":"https:\/\/www.europesays.com\/no\/wp-json\/wp\/v2\/posts"}],"about":[{"href":"https:\/\/www.europesays.com\/no\/wp-json\/wp\/v2\/types\/post"}],"author":[{"embeddable":true,"href":"https:\/\/www.europesays.com\/no\/wp-json\/wp\/v2\/users\/2"}],"replies":[{"embeddable":true,"href":"https:\/\/www.europesays.com\/no\/wp-json\/wp\/v2\/comments?post=102388"}],"version-history":[{"count":0,"href":"https:\/\/www.europesays.com\/no\/wp-json\/wp\/v2\/posts\/102388\/revisions"}],"wp:featuredmedia":[{"embeddable":true,"href":"https:\/\/www.europesays.com\/no\/wp-json\/wp\/v2\/media\/102389"}],"wp:attachment":[{"href":"https:\/\/www.europesays.com\/no\/wp-json\/wp\/v2\/media?parent=102388"}],"wp:term":[{"taxonomy":"category","embeddable":true,"href":"https:\/\/www.europesays.com\/no\/wp-json\/wp\/v2\/categories?post=102388"},{"taxonomy":"post_tag","embeddable":true,"href":"https:\/\/www.europesays.com\/no\/wp-json\/wp\/v2\/tags?post=102388"}],"curies":[{"name":"wp","href":"https:\/\/api.w.org\/{rel}","templated":true}]}}