{"id":102392,"date":"2025-12-02T16:55:12","date_gmt":"2025-12-02T16:55:12","guid":{"rendered":"https:\/\/www.europesays.com\/no\/102392\/"},"modified":"2025-12-02T16:55:12","modified_gmt":"2025-12-02T16:55:12","slug":"datatilsynet-kritiserer-helseplattformen-etter-tilsyn-varsler-palegg-om-retting","status":"publish","type":"post","link":"https:\/\/www.europesays.com\/no\/102392\/","title":{"rendered":"Datatilsynet kritiserer Helseplattformen etter tilsyn \u2013 varsler p\u00e5legg om retting"},"content":{"rendered":"<p>\u2013 Vi har identifisert svakheter i organiseringen og ansvarsforhold. Det viktigste n\u00e5 er at eksisterende feil blir rettet. At mye har fungert godt nok i praksis, skyldes at akt\u00f8rene som bruker Helseplattformen \u2013 og da s\u00e6rlig helseforetakene \u2013 har tatt et ansvar de juridisk sett ikke har, sier direkt\u00f8r Line Coll i Datatilsynet.<\/p>\n<p>De \u00e5pnet tilsynet med journalsystemet etter \u00e5 ha f\u00e5tt flere bekymringsmeldinger og meldinger om brudd p\u00e5 personopplysningssikkerheten.<\/p>\n<p>Helseplattformen leverer journall\u00f8sning og samhandlingsl\u00f8sning til sykehus og kommuner i Midt-Norge. Systemet har f\u00e5tt kritikk for feil og mangler blant annet ved St. Olavs hospital i Trondheim.<\/p>\n<p>Flere tilsyn<\/p>\n<p>Under tilsynet har Datatilsynet unders\u00f8kt Helseplattformen AS, samt St. Olavs hospital og Melhus kommune, som bruker l\u00f8sningen.<\/p>\n<p>Datatilsynet har ikke kontrollert forhold som har direkte betydning for pasientsikkerheten, for eksempel henvisninger som ikke har kommet fram til mottakeren.<\/p>\n<p>\u2013 Dette har v\u00e6rt alvorlige feil, men de faller likevel ikke naturlig inn under v\u00e5r tilsynsmyndighet, understreker Coll. Datatilsynet er heller ikke rette myndighet til \u00e5 vurdere om Helseplattformen er et godt og egnet arbeidsverkt\u00f8y for helsepersonell.<\/p>\n<p>Parallelt har imidlertid Statens helsetilsyn og Statsforvalteren gjennomf\u00f8rt tilsyn med deler av Helseplattformen som g\u00e5r p\u00e5 pasientsikkerhet.<\/p>\n<p>Varsel om vedtak<\/p>\n<p>Datatilsynet varsler n\u00e5 p\u00e5legg om retting, og Helseplattformen AS m\u00e5 utarbeide en tidsplan for dette arbeidet.<\/p>\n<p>\u2013 Dette er kun er varsel om vedtak. Helseplattformen AS har frist til 6. januar med \u00e5 uttale seg om saken f\u00f8r endelig vedtak fattes, skriver Datatilsynet.<\/p>\n<p>Stortinget vedtok i februar en gjennomgang av Helseplattformen, som inneb\u00e6rer uavhengige \u00f8konomiske, samfunnsmessige, kvalitetsmessige og juridiske analyser av fordeler og ulemper med Helseplattformen.<\/p>\n<p>Tidligere har Riksrevisjonen gitt sterk kritikk til innf\u00f8ringen av Helseplattformen, og mener at den har truet pasientsikkerheten.<\/p>\n","protected":false},"excerpt":{"rendered":"\u2013 Vi har identifisert svakheter i organiseringen og ansvarsforhold. Det viktigste n\u00e5 er at eksisterende feil blir rettet.&hellip;\n","protected":false},"author":2,"featured_media":102393,"comment_status":"","ping_status":"","sticky":false,"template":"","format":"standard","meta":{"footnotes":""},"categories":[10],"tags":[20,21,24,25,15,22,23,13,30,28,29,14,16,26,27],"class_list":{"0":"post-102392","1":"post","2":"type-post","3":"status-publish","4":"format-standard","5":"has-post-thumbnail","7":"category-norge","8":"tag-breaking-news","9":"tag-breakingnews","10":"tag-featured-news","11":"tag-featurednews","12":"tag-headlines","13":"tag-latest-news","14":"tag-latestnews","15":"tag-news","16":"tag-no","17":"tag-norge","18":"tag-norway","19":"tag-nyheter","20":"tag-overskrifter","21":"tag-top-stories","22":"tag-topstories"},"share_on_mastodon":{"url":"https:\/\/pubeurope.com\/@no\/115651027192794379","error":""},"_links":{"self":[{"href":"https:\/\/www.europesays.com\/no\/wp-json\/wp\/v2\/posts\/102392","targetHints":{"allow":["GET"]}}],"collection":[{"href":"https:\/\/www.europesays.com\/no\/wp-json\/wp\/v2\/posts"}],"about":[{"href":"https:\/\/www.europesays.com\/no\/wp-json\/wp\/v2\/types\/post"}],"author":[{"embeddable":true,"href":"https:\/\/www.europesays.com\/no\/wp-json\/wp\/v2\/users\/2"}],"replies":[{"embeddable":true,"href":"https:\/\/www.europesays.com\/no\/wp-json\/wp\/v2\/comments?post=102392"}],"version-history":[{"count":0,"href":"https:\/\/www.europesays.com\/no\/wp-json\/wp\/v2\/posts\/102392\/revisions"}],"wp:featuredmedia":[{"embeddable":true,"href":"https:\/\/www.europesays.com\/no\/wp-json\/wp\/v2\/media\/102393"}],"wp:attachment":[{"href":"https:\/\/www.europesays.com\/no\/wp-json\/wp\/v2\/media?parent=102392"}],"wp:term":[{"taxonomy":"category","embeddable":true,"href":"https:\/\/www.europesays.com\/no\/wp-json\/wp\/v2\/categories?post=102392"},{"taxonomy":"post_tag","embeddable":true,"href":"https:\/\/www.europesays.com\/no\/wp-json\/wp\/v2\/tags?post=102392"}],"curies":[{"name":"wp","href":"https:\/\/api.w.org\/{rel}","templated":true}]}}