{"id":102396,"date":"2025-12-02T16:57:14","date_gmt":"2025-12-02T16:57:14","guid":{"rendered":"https:\/\/www.europesays.com\/no\/102396\/"},"modified":"2025-12-02T16:57:14","modified_gmt":"2025-12-02T16:57:14","slug":"ikke-skjedd-pa-985-dager","status":"publish","type":"post","link":"https:\/\/www.europesays.com\/no\/102396\/","title":{"rendered":"Ikke skjedd p\u00e5 985 dager"},"content":{"rendered":"<p class=\"kicker \" style=\"\">Russland:<\/p>\n<p>  Samme dag som USAs spesialutsending Steve Witkoff er i Moskva for fredssamtaler, kommer Russlands president Vladimir Putin med kraftig skyts mot Europa.<\/p>\n<p>\n    RASER: Putin g\u00e5r hardt ut mot Europa og sier blant annet at europeere har hindret USA i fredsforhandlingene. Foto: NTB\n  <\/p>\n<p> Uttalelsene kommer samtidig som USAs utsending Steve Witkoff er p\u00e5 plass i den russiske hovedstaden for samtaler om en mulig fredsprosess i Ukraina. <\/p>\n<p>Putin mener Europa hindrer USA og Trump \u00e5 oppn\u00e5 fred i Ukraina. Han sier europerenes krav er \u00abuakseptable\u00bb for Russland, if\u00f8lge nyhetsbyr\u00e5et Reuters.<\/p>\n<p>    <a itemprop=\"url\" href=\"https:\/\/www.dagbladet.no\/nyheter\/isw-russland-vil-avvise-fredsplan\/83925192\" rel=\"nofollow noopener\" target=\"_blank\"><\/p>\n<p>      <img loading=\"lazy\" decoding=\"async\" src=\"https:\/\/www.europesays.com\/no\/wp-content\/uploads\/2025\/12\/83925460.webp\" width=\"980\" height=\"441\" title=\"ISW: Russland vil avvise fredsplan\" alt=\"\" class=\"lazyload\" style=\"--aspect-ratio-image: 2.22; \"\/><\/p>\n<p>        ISW: Russland vil avvise fredsplan<\/p>\n<p>    <\/a><\/p>\n<p>&#8211; Hvis Europa \u00f8nsker \u00e5 f\u00f8re krig, er vi klare n\u00e5, sier den russiske presidenten.<\/p>\n<p>Putin forsetter med \u00e5 si at krav fra Europa er uakseptable for Russland.<\/p>\n<p>Forhandlinger tirsdag<\/p>\n<p> Tirsdag ettermiddag er USAs president Donald Trumps spesialutsending, Steve Witkoff, og svigers\u00f8nnen Jared Kushner p\u00e5 plass i Russland for \u00e5 m\u00f8te Russlands president Vladimir Putin for samtaler om en mulig vei ut av krigen i Ukraina.<\/p>\n<p>        AVSL\u00d8RT: Bloomberg News har lekket en telefonsamtale hvor USAs spesialutsending til Russland gir Putin r\u00e5d om hvordan han skal h\u00e5ndtere Trump. Video: AP \/ Telegram \/ NTB. Reporter: Vegard Kr\u00fcger<\/p>\n<p> Ukrainas president Volodymyr Zelenskyj sa tidligere tirsdag at framtidige skritt mot fred vil avhenge av resultatene fra m\u00f8tet mellom USA og Russland.<\/p>\n<p>\u2013 N\u00e5 mer enn noen gang er det en sjanse til \u00e5 avslutte denne krigen, sier Zelenskyj if\u00f8lge BBC.<\/p>\n<p>    <a itemprop=\"url\" href=\"https:\/\/www.dagbladet.no\/video\/freser-du-er-ikke-kapabel\/Koey42Og\" rel=\"nofollow noopener\" target=\"_blank\"><\/p>\n<p>      <img loading=\"lazy\" decoding=\"async\" src=\"https:\/\/www.europesays.com\/no\/wp-content\/uploads\/2025\/12\/83924879.webp\" width=\"980\" height=\"441\" title=\"Freser: - Du er ikke kapabel\" alt=\"\" class=\"lazyload\" style=\"--aspect-ratio-image: 2.22; \"\/><\/p>\n<p>        Freser: &#8211; Du er ikke kapabel <\/p>\n<p>    <\/a><\/p>\n<p>Han viser til m\u00f8tet mellom Russland og den amerikanske delegasjonen i Moskva tirsdag, og sier USA vil rapportere til ham etterp\u00e5.<\/p>\n<p> Hva som vil komme ut av m\u00f8tet mellom delegasjonen fra USA og den russiske presidenten, er enn\u00e5 uvisst.<\/p>\n<p>Vil holde resultatet av m\u00f8te skjult<\/p>\n<p> Men if\u00f8lge en analyse fra den amerikanske tenketanken\u00a0<a href=\"https:\/\/understandingwar.org\/research\/russia-ukraine\/russian-offensive-campaign-assessment-december-1-2025\/\" rel=\"nofollow noopener\" target=\"_blank\">ISW\u00a0<\/a>(Institute for the study of war) forbereder Kreml seg p\u00e5 \u00e5\u00a0holde resultatene av m\u00f8tet <a href=\"https:\/\/www.dagbladet.no\/nyheter\/isw-russland-vil-avvise-fredsplan\/83925192\" rel=\"nofollow noopener\" target=\"_blank\">skjult<\/a>, trolig fordi Russland vil avvise forslaget og lagt planer for hvordan de skal\u00a0unng\u00e5 \u00e5 p\u00e5dra seg skylden for \u00e5 stanse fredsprosessen. <\/p>\n<p>    <a itemprop=\"url\" href=\"https:\/\/www.dagbladet.no\/nyheter\/plattformen-kritisk-odelagt-dypt-forfall\/83919673\" rel=\"nofollow noopener\" target=\"_blank\"><\/p>\n<p>      <img loading=\"lazy\" decoding=\"async\" src=\"https:\/\/www.europesays.com\/no\/wp-content\/uploads\/2025\/12\/83919837.webp\" width=\"980\" height=\"441\" title=\"Plattformen kritisk \u00f8delagt: - Dypt forfall\" alt=\"\" class=\"lazyload\" style=\"--aspect-ratio-image: 2.22; \"\/><\/p>\n<p>        Plattformen kritisk \u00f8delagt: &#8211; Dypt forfall<\/p>\n<p>    <\/a><\/p>\n<p>If\u00f8lge ISW har Putins Kreml-talsperson Dmitrij Peskov uttalt at\u00a0Russland ikke har til hensikt \u00e5 forhandle \u00abgjennom media\u00bb.<\/p>\n<p>Peskov uttalte at Kreml vil offentliggj\u00f8re opptak fra starten av m\u00f8tet mellom Putin og Witkoff, men at det er for tidlig \u00e5 snakke om eventuelle offentlige uttalelser etterp\u00e5.<\/p>\n<p> Intense kamper i Pokrovsk <\/p>\n<p>Kort tid f\u00f8r Witkoffs bes\u00f8k hevdet Putin at Russland hadde tatt kontroll over Pokrovsk etter rundt ett \u00e5rs tid kamp.<\/p>\n<p>    <a itemprop=\"url\" href=\"https:\/\/www.dagbladet.no\/nyheter\/tatt-grep-etter-trump-advarsel\/83926599\" rel=\"nofollow noopener\" target=\"_blank\"><\/p>\n<p>      <img loading=\"lazy\" decoding=\"async\" src=\"https:\/\/www.europesays.com\/no\/wp-content\/uploads\/2025\/12\/83927516.webp\" width=\"980\" height=\"441\" title=\"Tatt grep etter Trump-advarsel\" alt=\"\" class=\"lazyload\" style=\"--aspect-ratio-image: 2.22; \"\/><\/p>\n<p>        Tatt grep etter Trump-advarsel<\/p>\n<p>    <\/a><\/p>\n<p>Ukrainske styrker tilbakeviste senere dette og sa de fortsatt kontrollerer nordlige deler av byen. De mener de russiske meldingene var et propagandastunt, og sa ogs\u00e5 at de gj\u00f8r klar nye logistikkruter for \u00e5 levere forsyninger og soldater til omr\u00e5det.<\/p>\n<p>Den strategisk viktige byen i fylket Donetsk hadde f\u00f8r krigen 60.000 innbyggere.<\/p>\n<p>    <a itemprop=\"url\" href=\"https:\/\/www.dagbladet.no\/video\/suser-mot-rampen\/nhfAKyLC\" rel=\"nofollow noopener\" target=\"_blank\"><\/p>\n<p>      <img loading=\"lazy\" decoding=\"async\" src=\"https:\/\/www.europesays.com\/no\/wp-content\/uploads\/2025\/12\/83928952.webp\" width=\"980\" height=\"441\" title=\"Suser mot rampen\" alt=\"\" class=\"lazyload\" style=\"--aspect-ratio-image: 2.22; \"\/><\/p>\n<p>        Suser mot rampen<\/p>\n<p>    <\/a><\/p>\n<p>Hvis russerne inntar Pokrovsk, kan de if\u00f8lge analytikere bruke den som springbrett til \u00e5 innta de to st\u00f8rste byene i Donetsk som fortsatt er under ukrainsk kontroll: Kramatorsk og Slavjansk. De hadde f\u00f8r krigen til sammen n\u00e6rmere 280.000 innbyggere.<\/p>\n","protected":false},"excerpt":{"rendered":"Russland: Samme dag som USAs spesialutsending Steve Witkoff er i Moskva for fredssamtaler, kommer Russlands president Vladimir Putin&hellip;\n","protected":false},"author":2,"featured_media":102397,"comment_status":"","ping_status":"","sticky":false,"template":"","format":"standard","meta":{"footnotes":""},"categories":[59],"tags":[30,28,29,83,82],"class_list":{"0":"post-102396","1":"post","2":"type-post","3":"status-publish","4":"format-standard","5":"has-post-thumbnail","7":"category-sport","8":"tag-no","9":"tag-norge","10":"tag-norway","11":"tag-sport","12":"tag-sports"},"share_on_mastodon":{"url":"https:\/\/pubeurope.com\/@no\/115651034768442134","error":""},"_links":{"self":[{"href":"https:\/\/www.europesays.com\/no\/wp-json\/wp\/v2\/posts\/102396","targetHints":{"allow":["GET"]}}],"collection":[{"href":"https:\/\/www.europesays.com\/no\/wp-json\/wp\/v2\/posts"}],"about":[{"href":"https:\/\/www.europesays.com\/no\/wp-json\/wp\/v2\/types\/post"}],"author":[{"embeddable":true,"href":"https:\/\/www.europesays.com\/no\/wp-json\/wp\/v2\/users\/2"}],"replies":[{"embeddable":true,"href":"https:\/\/www.europesays.com\/no\/wp-json\/wp\/v2\/comments?post=102396"}],"version-history":[{"count":0,"href":"https:\/\/www.europesays.com\/no\/wp-json\/wp\/v2\/posts\/102396\/revisions"}],"wp:featuredmedia":[{"embeddable":true,"href":"https:\/\/www.europesays.com\/no\/wp-json\/wp\/v2\/media\/102397"}],"wp:attachment":[{"href":"https:\/\/www.europesays.com\/no\/wp-json\/wp\/v2\/media?parent=102396"}],"wp:term":[{"taxonomy":"category","embeddable":true,"href":"https:\/\/www.europesays.com\/no\/wp-json\/wp\/v2\/categories?post=102396"},{"taxonomy":"post_tag","embeddable":true,"href":"https:\/\/www.europesays.com\/no\/wp-json\/wp\/v2\/tags?post=102396"}],"curies":[{"name":"wp","href":"https:\/\/api.w.org\/{rel}","templated":true}]}}