{"id":102398,"date":"2025-12-02T16:59:07","date_gmt":"2025-12-02T16:59:07","guid":{"rendered":"https:\/\/www.europesays.com\/no\/102398\/"},"modified":"2025-12-02T16:59:07","modified_gmt":"2025-12-02T16:59:07","slug":"one-ui-8-0-er-ferdig-rullet-ut-dette-planlegger-samsung-for-galaxy-enheter-framover","status":"publish","type":"post","link":"https:\/\/www.europesays.com\/no\/102398\/","title":{"rendered":"One UI 8.0 er ferdig rullet ut: Dette planlegger Samsung for Galaxy-enheter framover"},"content":{"rendered":"<p>I stedet for den vanlige mellomutgaven er utviklingen av One UI 8.5 allerede godt i gang.<\/p>\n<p>Tidlig start for One UI 8.5<\/p>\n<p>If\u00f8lge lekkede tidsplaner starter testperioden 8. desember, tidligere enn mange hadde ventet. De f\u00f8rste betautgavene for Galaxy S25-serien er allerede observert i regioner som Korea, India, Europa og USA. Planen viser tre betaversjoner: den f\u00f8rste 8. desember, en oppdatert versjon 22. desember og en tredje testversjon tidlig i januar 2026.<\/p>\n<p><strong>Les ogs\u00e5: <\/strong><a href=\"https:\/\/teksiden.no\/teknologi\/du-kan-gjore-det-pa-fa-minutter-helt-gratis-alle-gmail-brukere-bor-lese-dette1\/\" rel=\"nofollow noopener\" target=\"_blank\">Du kan gj\u00f8re det p\u00e5 f\u00e5 minutter helt gratis: Alle Gmail-brukere b\u00f8r lese dette<\/a><\/p>\n<p>Ogs\u00e5 de kommende brettbare modellene Galaxy Z Fold 7 og Z Flip 7 skal inkluderes i testfasen f\u00f8r \u00e5ret er omme. Den ferdige utgaven av One UI 8.5 ventes lansert sammen med Galaxy S26-serien p\u00e5 Samsungs Unpacked-arrangement i begynnelsen av 2026. Utrullingen til eksisterende modeller som Galaxy S25, S24 og de nyeste Fold- og Flip-utgavene skal etter planen starte i midten av mars. Oppdateringer for A-, M- og F-seriene vil komme gradvis fram til slutten av mai 2026.<\/p>\n<p>Nyheter i One UI 8.5<\/p>\n<p>One UI 8.5 bygger p\u00e5 Android 16 QPR2 og f\u00f8rer med seg flere endringer i b\u00e5de utseende og funksjon. Systemapper som Telefon, Meldinger og Innstillinger f\u00e5r oppdaterte layouter. Hurtigpanelet blir mer tilpassbart, skjermopptakeren f\u00e5r nye muligheter og Game Booster f\u00e5r et nytt design med flere valg for optimalisering. Det skriver <a href=\"https:\/\/www.chip.de\/news\/handy\/update-auf-one-ui-8-0-abgeschlossen-was-samsung-jetzt-fuer-ihr-galaxy-geraet-plant_35f9da07-8474-45cb-8fc5-0370a67448e0.html\" target=\"_blank\" rel=\"noopener nofollow\">chip.<\/a><\/p>\n<p>Utvidet st\u00f8tte for Now Bar og Live Activity<\/p>\n<p>To funksjoner som trolig f\u00e5r st\u00f8rre rekkevidde, er Now Bar og Live Activity. Disse skal kunne brukes av flere apper enn tidligere og gi bedre oversikt over viktige varsler og l\u00f8pende informasjon direkte p\u00e5 skjermen.<\/p>\n<p>Den endelige listen over modeller som f\u00e5r oppdateringen, er enn\u00e5 ikke offentliggjort. Likevel regnes det som sannsynlig at alle enheter som har mottatt One UI 8.0 ogs\u00e5 vil v\u00e6re med videre n\u00e5r 8.5 lanseres.<\/p>\n<p><strong>Les ogs\u00e5: <\/strong><a href=\"https:\/\/teksiden.no\/mobil\/na-er-det-slutt-her-er-erstatteren-for-det-klassiske-sim-kortet2\/\" rel=\"nofollow noopener\" target=\"_blank\">N\u00e5 er det slutt: Her er erstatteren for det klassiske SIM-kortet<\/a><\/p>\n","protected":false},"excerpt":{"rendered":"I stedet for den vanlige mellomutgaven er utviklingen av One UI 8.5 allerede godt i gang. Tidlig start&hellip;\n","protected":false},"author":2,"featured_media":38509,"comment_status":"","ping_status":"","sticky":false,"template":"","format":"standard","meta":{"footnotes":""},"categories":[57],"tags":[30,28,29,65,63,64,66,70,69,67,68],"class_list":{"0":"post-102398","1":"post","2":"type-post","3":"status-publish","4":"format-standard","5":"has-post-thumbnail","7":"category-vitenskap-og-teknologi","8":"tag-no","9":"tag-norge","10":"tag-norway","11":"tag-science","12":"tag-science-and-technology","13":"tag-scienceandtechnology","14":"tag-technology","15":"tag-teknologi","16":"tag-vitenskap","17":"tag-vitenskap-og-teknologi","18":"tag-vitenskapteknologi"},"share_on_mastodon":{"url":"https:\/\/pubeurope.com\/@no\/115651042553171492","error":""},"_links":{"self":[{"href":"https:\/\/www.europesays.com\/no\/wp-json\/wp\/v2\/posts\/102398","targetHints":{"allow":["GET"]}}],"collection":[{"href":"https:\/\/www.europesays.com\/no\/wp-json\/wp\/v2\/posts"}],"about":[{"href":"https:\/\/www.europesays.com\/no\/wp-json\/wp\/v2\/types\/post"}],"author":[{"embeddable":true,"href":"https:\/\/www.europesays.com\/no\/wp-json\/wp\/v2\/users\/2"}],"replies":[{"embeddable":true,"href":"https:\/\/www.europesays.com\/no\/wp-json\/wp\/v2\/comments?post=102398"}],"version-history":[{"count":0,"href":"https:\/\/www.europesays.com\/no\/wp-json\/wp\/v2\/posts\/102398\/revisions"}],"wp:featuredmedia":[{"embeddable":true,"href":"https:\/\/www.europesays.com\/no\/wp-json\/wp\/v2\/media\/38509"}],"wp:attachment":[{"href":"https:\/\/www.europesays.com\/no\/wp-json\/wp\/v2\/media?parent=102398"}],"wp:term":[{"taxonomy":"category","embeddable":true,"href":"https:\/\/www.europesays.com\/no\/wp-json\/wp\/v2\/categories?post=102398"},{"taxonomy":"post_tag","embeddable":true,"href":"https:\/\/www.europesays.com\/no\/wp-json\/wp\/v2\/tags?post=102398"}],"curies":[{"name":"wp","href":"https:\/\/api.w.org\/{rel}","templated":true}]}}