{"id":102399,"date":"2025-12-02T17:02:16","date_gmt":"2025-12-02T17:02:16","guid":{"rendered":"https:\/\/www.europesays.com\/no\/102399\/"},"modified":"2025-12-02T17:02:16","modified_gmt":"2025-12-02T17:02:16","slug":"hoibys-mormor-betaler-sakskostnadene-etter-bokstriden","status":"publish","type":"post","link":"https:\/\/www.europesays.com\/no\/102399\/","title":{"rendered":"H\u00f8ibys mormor betaler sakskostnadene etter bokstriden"},"content":{"rendered":"\n<p class=\"_lead_o9xde_2 _lead_xtcu6_50 layout-component text-serif-m layout-normal text-serif-l layout-component layout-wide layout-padded _wide_17hqh_1 layout-padded\">Mormoren til Marius Borg H\u00f8iby (28) har betalt over en halv million kroner. <\/p>\n<p><img alt=\"Etter at boken \u00abHvite striper, svarte f\u00e5r\u00bb kom ut har det stormet rundt utgivelsen. Foto: Thomas Fure \/ NTB\" class=\"_image_qp4xg_65 layout-component layout-wide\" data-fullscreen- data-track-element-type=\"Article image fullscreen\" data-track-name=\"ImageFullscreen\" fetchpriority=\"high\" decoding=\"sync\" loading=\"eager\" height=\"4937\" itemprop=\"image\"  src=\"https:\/\/www.europesays.com\/no\/wp-content\/uploads\/2025\/12\/207a1353-a723-44bc-a201-13b4d7c60c6b\"  style=\"object-position:0% 0%\" width=\"7402\"\/>Etter at boken \u00abHvite striper, svarte f\u00e5r\u00bb kom ut har det stormet rundt utgivelsen. Foto: Thomas Fure \/ NTB<\/p>\n<ul aria-hidden=\"true\" class=\"_images_1uft6_111\">\n<li><a class=\"_link_1uft6_116\" href=\"https:\/\/www.vg.no\/forfatter\/hedda-kurseth\" style=\"z-index:2\" title=\"Hedda Kurseth\" rel=\"nofollow noopener\" target=\"_blank\"><img alt=\"Bilde av Hedda Kurseth\" class=\"_image_1uft6_93\" fetchpriority=\"low\" loading=\"lazy\" decoding=\"async\" itemprop=\"image\"  src=\"https:\/\/www.europesays.com\/no\/wp-content\/uploads\/2025\/12\/1764694933_466_b6ad06ce-2f4e-4492-9dd9-7cfbdae81f6d\"  width=\"480\"\/><\/a><\/li>\n<li><a class=\"_link_1uft6_116\" href=\"https:\/\/www.vg.no\/forfatter\/preben-soerensen-olsen\" style=\"z-index:1\" title=\"Preben S\u00f8rensen Olsen\" rel=\"nofollow noopener\" target=\"_blank\"><img alt=\"Bilde av Preben S\u00f8rensen Olsen\" class=\"_image_1uft6_93\" fetchpriority=\"low\" loading=\"lazy\" decoding=\"async\" itemprop=\"image\"  src=\"https:\/\/www.europesays.com\/no\/wp-content\/uploads\/2025\/12\/64aa1fb4-b39a-43ab-9306-fd34402fdbb9\"  width=\"480\"\/><\/a><\/li>\n<\/ul>\n<p> Oppdatert tirsdag 2. desember kl. 14:49     <\/p>\n<p class=\"_paragraph_o9xde_4 _paragraph_xtcu6_10 layout-component text-serif-m layout-normal text-serif-m layout-padded\">S\u00f8nnen til kronprinsesse Mette-Marit pr\u00f8vde \u00e5 f\u00e5 Oslo tingrett til \u00e5 stoppe salget av boken \u00abHvite striper, svarte f\u00e5r\u00bb.<\/p>\n<p class=\"_paragraph_o9xde_4 _paragraph_xtcu6_10 layout-component text-serif-m layout-normal text-serif-m layout-padded\">Han fikk ikke medhold, og m\u00e5tte betale for sakskostnadene selv. Det var 460.000 kroner til Aschehoug AS og 70.500 til Den norske Forleggerforening. <\/p>\n<p class=\"_paragraph_o9xde_4 _paragraph_xtcu6_10 layout-component text-serif-m layout-normal text-serif-m layout-padded\"><a href=\"https:\/\/www.tv2.no\/nyheter\/hoibys-mormor-har-betalt-over-500000-etter-boktapet\/18296680\/\" class=\"_link_o9xde_39\" rel=\"nofollow noopener\" target=\"_blank\">TV 2 skriver <\/a>at pengene er betalt fra H\u00f8ibys advokatkontor. Det bekrefter ogs\u00e5 Aschehoug. <\/p>\n<p><img alt=\"Under prinsesse Ingrid Alexandra myndighetsdag var b\u00e5de Marius Borg H\u00f8iby og deres mormor Marit Tjessem tilstede (t.h).  Foto: Lise \u00c5serud \/ NTB\" class=\"_image_qp4xg_65 layout-component layout-normal\" data-fullscreen- data-track-element-type=\"Article image fullscreen\" data-track-name=\"ImageFullscreen\" decoding=\"async\" loading=\"lazy\" height=\"4000\" itemprop=\"image\"  src=\"https:\/\/www.europesays.com\/no\/wp-content\/uploads\/2025\/12\/5a35aae0-68dc-4530-88ea-c377b0111284\"  style=\"object-position:0% 0%\" width=\"6000\"\/>Under prinsesse Ingrid Alexandra myndighetsdag var b\u00e5de Marius Borg H\u00f8iby og deres mormor Marit Tjessem tilstede (t.h).  Foto: Lise \u00c5serud \/ NTB<\/p>\n<p class=\"_paragraph_o9xde_4 _paragraph_xtcu6_10 layout-component text-serif-m layout-normal text-serif-m layout-padded\">\u2013 Ja, det kan vi bekrefte, sier H\u00f8ibys advokat Elias Christensen til TV 2 tirsdag.<\/p>\n<p class=\"_paragraph_o9xde_4 _paragraph_xtcu6_10 layout-component text-serif-m layout-normal text-serif-m layout-padded\">TV 2 har stilt sp\u00f8rsm\u00e5l om hvem som har betalt inn pengene til advokatkontoret.<\/p>\n<p class=\"_paragraph_o9xde_4 _paragraph_xtcu6_10 layout-component text-serif-m layout-normal text-serif-m layout-padded\">Til det svarer han: <\/p>\n<p class=\"_paragraph_o9xde_4 _paragraph_xtcu6_10 layout-component text-serif-m layout-normal text-serif-m layout-padded\">\u2013 Dette er noe vi vanligvis ikke omtaler. Men i dette tilfellet har klienten p\u00e5 grunn av medietrykket bedt om at dette opplyses. Pengene er innbetalt til v\u00e5rt kontor fra klientens mormor. Utover dette har vi ingen kommentarer hva gjelder disse transaksjonene. <\/p>\n<p><img alt=\"H\u00f8ibys advokat Elias Christensen til h\u00f8yre.   Foto: J\u00f8rgen Braastad \/ VG\" class=\"_image_qp4xg_65 layout-component layout-normal\" data-fullscreen- data-track-element-type=\"Article image fullscreen\" data-track-name=\"ImageFullscreen\" decoding=\"async\" loading=\"lazy\" height=\"5223\" itemprop=\"image\"  src=\"https:\/\/www.europesays.com\/no\/wp-content\/uploads\/2025\/12\/7db25bd7-e3d4-4710-b76d-0760b7b8c741\"  style=\"object-position:0% 0%\" width=\"7831\"\/>H\u00f8ibys advokat Elias Christensen til h\u00f8yre.   Foto: J\u00f8rgen Braastad \/ VG<\/p>\n<p class=\"_paragraph_o9xde_4 _paragraph_xtcu6_10 layout-component text-serif-m layout-normal text-serif-m layout-padded\">Kronprinsesse Mette-Marits mor Marit Tjessem  er den som tar regningen for sakskostnadene. <\/p>\n<p class=\"_paragraph_o9xde_4 _paragraph_xtcu6_10 layout-component text-serif-m layout-normal text-serif-m layout-padded\">TV2 har spurt H\u00f8ibys advokater om utgiftene til hans egne advokater er betalt. Det har de ikke f\u00e5tt svar p\u00e5. <\/p>\n<p class=\"_paragraph_o9xde_4 _paragraph_xtcu6_10 layout-component text-serif-m layout-normal text-serif-m layout-padded\">Ogs\u00e5 VG har kontaktet advokatene Elias Christensen og Ren\u00e9 Ibsen, men har forel\u00f8pig ikke f\u00e5tt svar. <\/p>\n<p class=\"_paragraph_o9xde_4 _paragraph_xtcu6_10 layout-component text-serif-m layout-normal text-serif-m layout-padded\">If\u00f8lge sakskostnadoppgaven krever <a href=\"https:\/\/www.vg.no\/tag\/marius-borg-hoeiby?utm_source=vg-article&amp;utm_medium=auto-tagger&amp;utm_campaign=BxVOO9\" class=\"_link_o9xde_39\" rel=\"nofollow noopener\" target=\"_blank\">Marius Borg H\u00f8ibys<\/a> advokater 825.000 for oppdraget.<\/p>\n<p class=\"_paragraph_o9xde_4 _paragraph_xtcu6_10 layout-component text-serif-m layout-normal text-serif-m layout-padded\">I tillegg kommer utgiftene for selve rettsm\u00f8tet. Der har advokatene hans bedt om \u00e5 f\u00e5 utbetalt utgiftene for \u00e5tte timer ganger to advokater. <\/p>\n<p class=\"_paragraph_o9xde_4 _paragraph_xtcu6_10 layout-component text-serif-m layout-normal text-serif-m layout-padded\">Timeprisen for hver av H\u00f8ibys to advokater er 4300 kroner. Opp\u00e5 det bel\u00f8pet kommer merverdiavgift. <\/p>\n<p class=\"_paragraph_o9xde_4 _paragraph_xtcu6_10 layout-component text-serif-m layout-normal text-serif-m layout-padded\">I forkant av rettsm\u00f8tet har de to advokatene arbeidet 153,5 timer, viser kostnadsoppgaven VG har f\u00e5tt innsyn i. <\/p>\n<p class=\"_paragraph_o9xde_4 _paragraph_xtcu6_10 layout-component text-serif-m layout-normal text-serif-m layout-padded\">H\u00f8iby kan innen en m\u00e5ned etter kjennelsen begj\u00e6re at retten fastsetter kostnadene for hans egne advokater. <\/p>\n<p class=\"_paragraph_o9xde_4 _paragraph_xtcu6_10 layout-component text-serif-m layout-normal text-serif-m layout-padded\">If\u00f8lge Oslo tingrett er det ikke avsagt noen ytterligere kjennelser knyttet til sakskostnader. <\/p>\n<p class=\"_paragraph_o9xde_4 _paragraph_xtcu6_10 layout-component text-serif-m layout-normal text-serif-m layout-padded\">Kronprins Haakon har tidligere<a href=\"https:\/\/www.vg.no\/rampelys\/i\/Mnxn1R\/dette-krever-de-etter-krangelen-om-hoeiby-boka\" data-track-element-type=\"Link\" data-track-id=\"link:Mnxn1R\" class=\"_link_o9xde_39\" rel=\"nofollow noopener\" target=\"_blank\"> avvist ovenfor VG<\/a> at han har noen som helst kunnskap om finansieringen av rettssaken. <\/p>\n<p>Mente boken burde trekkes<\/p>\n<p class=\"_paragraph_o9xde_4 _paragraph_xtcu6_10 layout-component text-serif-m layout-normal text-serif-m layout-padded\">I h\u00f8st lanserte Aschehoug boken om H\u00f8iby med undertittelen: \u00abEn reportasjebok om kokain, narkogjenger og kronprinsessens s\u00f8nn\u00bb.<\/p>\n<p class=\"_paragraph_o9xde_4 _paragraph_xtcu6_10 layout-component text-serif-m layout-normal text-serif-m layout-padded\">H\u00f8iby selv og hans forsvarere reagerte kraftig p\u00e5 boken. Spesifikt reagerte de p\u00e5 selve forsiden, omtale av salg av kokain p\u00e5 Karl Johan, og omtale av vinkjeller og tyveri av s\u00f8lvt\u00f8y p\u00e5 Skaugum. <\/p>\n<p><img alt=\"Marius H\u00f8ibys forsvarere, Petar Sekulic og Ellen Holager Anden\u00e6s.  Foto: J\u00f8rgen Braastad \/ VG\" class=\"_image_qp4xg_65 layout-component layout-normal\" data-fullscreen- data-track-element-type=\"Article image fullscreen\" data-track-name=\"ImageFullscreen\" decoding=\"async\" loading=\"lazy\" height=\"5155\" itemprop=\"image\"  src=\"https:\/\/www.europesays.com\/no\/wp-content\/uploads\/2025\/12\/ba1009a3-b64c-4a72-82f6-24bba7f552eb\"  style=\"object-position:0% 0%\" width=\"7729\"\/>Marius H\u00f8ibys forsvarere, Petar Sekulic og Ellen Holager Anden\u00e6s.  Foto: J\u00f8rgen Braastad \/ VG<\/p>\n<p class=\"_paragraph_o9xde_4 _paragraph_xtcu6_10 layout-component text-serif-m layout-normal text-serif-m layout-padded\">I sin begj\u00e6ring kaller forsvarerne boken for \u00abinvaderende, for d\u00e5rlig researchet og uetterrettelig\u00bb.<\/p>\n<p class=\"_paragraph_o9xde_4 _paragraph_xtcu6_10 layout-component text-serif-m layout-normal text-serif-m layout-padded\">Men Oslo tingrett avviste kravet.<\/p>\n<p class=\"_paragraph_o9xde_4 _paragraph_xtcu6_10 layout-component text-serif-m layout-normal text-serif-m layout-padded\">\u2013 Dette er en viktig avgj\u00f8relse, ikke bare for denne saken, men for ytringsfriheten i Norge, <a href=\"https:\/\/www.vg.no\/rampelys\/i\/gwXxpa\/opplysninger-til-vg-hoeiby-bok-stanses-ikke\" data-track-element-type=\"Link\" data-track-id=\"link:gwXxpa\" class=\"_link_o9xde_39\" rel=\"nofollow noopener\" target=\"_blank\">sa forlegger i\u00a0Aschehoug, Mads Nygaard, til VG da<\/a><\/p>\n<p class=\"_paragraph_o9xde_4 _paragraph_xtcu6_10 layout-component text-serif-m layout-normal text-serif-m layout-padded\">H\u00f8iby m\u00e5tte da betale sakskostnadene selv innen to uker. N\u00e5 er det klart at det var hans mormor som tok regningen. <\/p>\n<p>    <img decoding=\"async\" alt=\"Tips oss illustrasjon\" src=\"https:\/\/www.europesays.com\/no\/wp-content\/uploads\/2025\/10\/pssst-small.webp.webp\"\/>    <\/p>\n<p class=\"title-serif-s\">Har du tips?<\/p>\n<p class=\"text-sans-m\">Send oss informasjon, bilder eller video.<\/p>\n<p>  <a href=\"https:\/\/www.vg.no\/tips-oss\" rel=\"nofollow noopener\" target=\"_blank\"> Tips oss <\/a>      <\/p>\n","protected":false},"excerpt":{"rendered":"Mormoren til Marius Borg H\u00f8iby (28) har betalt over en halv million kroner. Etter at boken \u00abHvite striper,&hellip;\n","protected":false},"author":2,"featured_media":87081,"comment_status":"","ping_status":"","sticky":false,"template":"","format":"standard","meta":{"footnotes":""},"categories":[10],"tags":[8441,31,20,21,24,25,15,22,23,400,13,30,28,29,14,16,26,27],"class_list":{"0":"post-102399","1":"post","2":"type-post","3":"status-publish","4":"format-standard","5":"has-post-thumbnail","7":"category-norge","8":"tag-aschehoug","9":"tag-breaking","10":"tag-breaking-news","11":"tag-breakingnews","12":"tag-featured-news","13":"tag-featurednews","14":"tag-headlines","15":"tag-latest-news","16":"tag-latestnews","17":"tag-marius-borg-hoiby","18":"tag-news","19":"tag-no","20":"tag-norge","21":"tag-norway","22":"tag-nyheter","23":"tag-overskrifter","24":"tag-top-stories","25":"tag-topstories"},"share_on_mastodon":{"url":"https:\/\/pubeurope.com\/@no\/115651054704659174","error":""},"_links":{"self":[{"href":"https:\/\/www.europesays.com\/no\/wp-json\/wp\/v2\/posts\/102399","targetHints":{"allow":["GET"]}}],"collection":[{"href":"https:\/\/www.europesays.com\/no\/wp-json\/wp\/v2\/posts"}],"about":[{"href":"https:\/\/www.europesays.com\/no\/wp-json\/wp\/v2\/types\/post"}],"author":[{"embeddable":true,"href":"https:\/\/www.europesays.com\/no\/wp-json\/wp\/v2\/users\/2"}],"replies":[{"embeddable":true,"href":"https:\/\/www.europesays.com\/no\/wp-json\/wp\/v2\/comments?post=102399"}],"version-history":[{"count":0,"href":"https:\/\/www.europesays.com\/no\/wp-json\/wp\/v2\/posts\/102399\/revisions"}],"wp:featuredmedia":[{"embeddable":true,"href":"https:\/\/www.europesays.com\/no\/wp-json\/wp\/v2\/media\/87081"}],"wp:attachment":[{"href":"https:\/\/www.europesays.com\/no\/wp-json\/wp\/v2\/media?parent=102399"}],"wp:term":[{"taxonomy":"category","embeddable":true,"href":"https:\/\/www.europesays.com\/no\/wp-json\/wp\/v2\/categories?post=102399"},{"taxonomy":"post_tag","embeddable":true,"href":"https:\/\/www.europesays.com\/no\/wp-json\/wp\/v2\/tags?post=102399"}],"curies":[{"name":"wp","href":"https:\/\/api.w.org\/{rel}","templated":true}]}}