{"id":102504,"date":"2025-12-02T19:06:10","date_gmt":"2025-12-02T19:06:10","guid":{"rendered":"https:\/\/www.europesays.com\/no\/102504\/"},"modified":"2025-12-02T19:06:10","modified_gmt":"2025-12-02T19:06:10","slug":"jeg-er-redd-dagbladet","status":"publish","type":"post","link":"https:\/\/www.europesays.com\/no\/102504\/","title":{"rendered":"&#8211; Jeg er redd &#8211; Dagbladet"},"content":{"rendered":"<ol>\n<li><a href=\"https:\/\/news.google.com\/rss\/articles\/CBMiY0FVX3lxTE9UeTlXZzBsSi11Tm00NFB5Z2syaFdHY2ZHMlZYd1psOUFOZElzMWpYMUdySHR6ZjFsT0haQWV0cUNFRVpLU29OTHpaU3FpUEoyYkxUUUFvTUNuVUdvVXU1OG9wcw?oc=5\" target=\"_blank\" rel=\"nofollow noopener\">&#8211; Jeg er redd<\/a>&nbsp;&nbsp;Dagbladet<\/li>\n<li><a href=\"https:\/\/news.google.com\/rss\/articles\/CBMiuAFBVV95cUxNdHp1Sk1QQm5sdG0xQVVWQTU4NFMtSWJvYW9fMXNVQTFPa1puYl9FTnN3bGlXNmVoSGFGNmtSUzRTXzhRWHZXSmp5SXBFemZzay1td2tSdUxad1hCa0xHUk5oQXNWZ0pPcXBHYWZCSjJ0ZVI3V1ItWUcxODVMYVhXLTVNSWpQOGY4UUl0TUxna3NJNTJwWEhxTlV4OF9EcDBlM1FBYmpJa3ZxUWRodnpCSXFrRFJVUDc3?oc=5\" target=\"_blank\" rel=\"nofollow noopener\">Zelenskyj: Russland bruker diplomati til \u00e5 f\u00e5 lempet p\u00e5 sanksjoner<\/a>&nbsp;&nbsp;adressa.no<\/li>\n<li><a href=\"https:\/\/news.google.com\/rss\/articles\/CBMi0AFBVV95cUxOaTE5Z1ZsZEtnWVlIbExqNXcwUk53dGE0N1diek9LR05LUHlrTjZNSVBob050UnE5LUhXRzRLSDdid24xT3BCcDc0UDlrOE5SdzBJd0l0M21Yc1lPU0ROQ1lKRk81cDdJTTFvVU1TX2pvOXh1R21YZ05kN1MwUWduN1hDNFdMUjlSLV9fOExvNjFva2ZVbEtIbzhKV2kzZnVBcGVCY0xfYVRJSDBUcWFoREkzTUlDdFpIMWRueUg4NkhBRUVjblo2ZUc0YzN5bFlp?oc=5\" target=\"_blank\" rel=\"nofollow noopener\">Zelenskyj sier han er redd USA mister interesse for fredsprosessen<\/a>&nbsp;&nbsp;TV2.no<\/li>\n<li><a href=\"https:\/\/news.google.com\/rss\/articles\/CBMitgFBVV95cUxNQW9MRGdWUlplWFJGb1FPT1dnc1ZwOGtLa1VtNHlsdjNUSmprQThMRUJNZUFnVlB0R1VnTVQzbC1Gdi1VWG0xQmUydC04RkNkek1aclFfOUFXMHg4QjU3eUtPdEFvWTNrOEhwdVRyX00wcU5KOHVHSEFTb3ZBTHdnUXJuV2J4VEg2SlBlVHJtQkVUSHdQaEdpNGpCZjZPOU5NajdGT255aVUzTWJQRV9FenBPbmtGdw?oc=5\" target=\"_blank\" rel=\"nofollow noopener\">(+) Zelenskyj: Ukraina venter p\u00e5 rapport fra USA etter m\u00f8te i Moskva<\/a>&nbsp;&nbsp;folkebladet.no<\/li>\n<li><a href=\"https:\/\/news.google.com\/rss\/articles\/CBMie0FVX3lxTFBVV1NhVUZCek11OGxoOFRfNEoySExLSFgxS3d3Q3pESHdtaW5BaTNVQ2xZel9oOXZNX3ZaMjN6SVhsZ21rNktmbXdzNGNmeWM0eUVnbjB3ZDEzc2hVbHFSc041ZkZfWVZRd0RPQ3Rzbk1lMnBrVzM2eVo3cw?oc=5\" target=\"_blank\" rel=\"nofollow noopener\">Zelenskij bes\u00f8ker Irland p\u00e5 tirsdag<\/a>&nbsp;&nbsp;Gamereactor Norge<\/li>\n<\/ol>\n","protected":false},"excerpt":{"rendered":"&#8211; Jeg er redd&nbsp;&nbsp;Dagbladet Zelenskyj: Russland bruker diplomati til \u00e5 f\u00e5 lempet p\u00e5 sanksjoner&nbsp;&nbsp;adressa.no Zelenskyj sier han er&hellip;\n","protected":false},"author":2,"featured_media":102505,"comment_status":"","ping_status":"","sticky":false,"template":"","format":"standard","meta":{"footnotes":""},"categories":[12],"tags":[20,21,24,25,15,22,23,13,30,28,29,14,16,26,27,412,42,43,44,45],"class_list":{"0":"post-102504","1":"post","2":"type-post","3":"status-publish","4":"format-standard","5":"has-post-thumbnail","7":"category-verden","8":"tag-breaking-news","9":"tag-breakingnews","10":"tag-featured-news","11":"tag-featurednews","12":"tag-headlines","13":"tag-latest-news","14":"tag-latestnews","15":"tag-news","16":"tag-no","17":"tag-norge","18":"tag-norway","19":"tag-nyheter","20":"tag-overskrifter","21":"tag-top-stories","22":"tag-topstories","23":"tag-utenriks","24":"tag-verden","25":"tag-world","26":"tag-world-news","27":"tag-worldnews"},"share_on_mastodon":{"url":"https:\/\/pubeurope.com\/@no\/115651542148681729","error":""},"_links":{"self":[{"href":"https:\/\/www.europesays.com\/no\/wp-json\/wp\/v2\/posts\/102504","targetHints":{"allow":["GET"]}}],"collection":[{"href":"https:\/\/www.europesays.com\/no\/wp-json\/wp\/v2\/posts"}],"about":[{"href":"https:\/\/www.europesays.com\/no\/wp-json\/wp\/v2\/types\/post"}],"author":[{"embeddable":true,"href":"https:\/\/www.europesays.com\/no\/wp-json\/wp\/v2\/users\/2"}],"replies":[{"embeddable":true,"href":"https:\/\/www.europesays.com\/no\/wp-json\/wp\/v2\/comments?post=102504"}],"version-history":[{"count":0,"href":"https:\/\/www.europesays.com\/no\/wp-json\/wp\/v2\/posts\/102504\/revisions"}],"wp:featuredmedia":[{"embeddable":true,"href":"https:\/\/www.europesays.com\/no\/wp-json\/wp\/v2\/media\/102505"}],"wp:attachment":[{"href":"https:\/\/www.europesays.com\/no\/wp-json\/wp\/v2\/media?parent=102504"}],"wp:term":[{"taxonomy":"category","embeddable":true,"href":"https:\/\/www.europesays.com\/no\/wp-json\/wp\/v2\/categories?post=102504"},{"taxonomy":"post_tag","embeddable":true,"href":"https:\/\/www.europesays.com\/no\/wp-json\/wp\/v2\/tags?post=102504"}],"curies":[{"name":"wp","href":"https:\/\/api.w.org\/{rel}","templated":true}]}}