{"id":102506,"date":"2025-12-02T19:07:14","date_gmt":"2025-12-02T19:07:14","guid":{"rendered":"https:\/\/www.europesays.com\/no\/102506\/"},"modified":"2025-12-02T19:07:14","modified_gmt":"2025-12-02T19:07:14","slug":"politikk-sv-tar-oppgjor-med-bergsto-og-eget-parti-har-mistet-tilliten-til-henne","status":"publish","type":"post","link":"https:\/\/www.europesays.com\/no\/102506\/","title":{"rendered":"Politikk, SV | Tar oppgj\u00f8r med Bergst\u00f8 og eget parti: \u2013 Har mistet tilliten til henne"},"content":{"rendered":"\n<p>Inger Brokka de Ruiter, varaordf\u00f8rer for SV i Arendal, raser etter \u00e5 ha sett hva Ap, Sp og R\u00f8dt har valgt \u00e5 plusse p\u00e5 i budsjettenigheten for et Kommune-Norge som ser blodr\u00f8de tall: 3,1 milliarder ekstra.<\/p>\n<p>\u2013 Det regjeringen kommer med, kaster bl\u00e5r i \u00f8ynene p\u00e5 kommunene. Velferdsstaten i Norge er d\u00f8d om ti \u00e5r, advarer SV-politikeren.<\/p>\n<p>Samtidig stiller hun sp\u00f8rsm\u00e5l ved prioriteringene til sitt eget parti SV inn i budsjettforhandlingene, som p\u00e5g\u00e5r i kveld p\u00e5 Stortinget.<\/p>\n<p>SVs varaordf\u00f8rer sier hun har advart eget parti mot \u00e5 prioritere gratis velferdsreformer som ikke er fullfinansiert.<\/p>\n<p>\u2013 Det hjelper fint lite \u00e5 f\u00e5 gratis SFO og barnehage, n\u00e5r du m\u00e5 legge ned barnehage og SFO i kommunene.<\/p>\n<p>SV-politikeren erkjenner ogs\u00e5 at det er vanskelig \u00e5 f\u00e5 \u00f8ye p\u00e5 hva som er prosjektet til SV under partileder Kirsti Bergst\u00f8, og advarer SV mot R\u00f8dts \u00f8kende dominans p\u00e5 norsk venstreside.<\/p>\n<p><b>\u2013 Kirsti Bergst\u00f8 sin lederstil og manglende prosjekt gj\u00f8r at jeg har mistet tilliten til henne. Og jeg vet at jeg ikke er alene. Denne manglende tilliten m\u00e5 hun arbeide for \u00e5 gjenopprette \u2013 eller ta konsekvensen av.<\/b><\/p>\n<p>SV-lederen hadde torsdag ettermiddag ikke mulighet for \u00e5 svare p\u00e5 kritikken. Forhandlingene om en budsjettl\u00f8sning med Ap og MDG p\u00e5g\u00e5r for fullt.<\/p>\n<p>Det er Audun Herning, partisekret\u00e6r i SV, som svarer. Han er uenig i at SVs prosjekt er uklart, men erkjenner samtidig behov for selvransakelse og en &laquo;fot i bakken&raquo; for partiet.<\/p>\n<p>Les hele svaret til Herning nederst i saken. <\/p>\n<p>   <img decoding=\"async\" width=\"8572\" height=\"5715\" fetchpriority=\"low\"  loading=\"lazy\"  src=\"https:\/\/www.europesays.com\/no\/wp-content\/uploads\/2025\/12\/NTB_hGFoSkZMFnI+(1)_1.jpg\" alt=\"Oslo 20251129. &#10;Kirsti Bergst\u00f8 (SV) p\u00e5 vei til en pressekonferanse i Stortinget l\u00f8rdag, i forbindelse med ferdigstillelse av statsbudsjettet for 2026.&#10;Foto: Thomas Fure \/ NTB\" class=\"brick-c-cFOWSL\" style=\"--brick-image-ratio: 8572 \/ 5715;\"\/><\/p>\n<p>      Kirsti Bergst\u00f8 (SV) p\u00e5 vei til en pressekonferanse i Stortinget l\u00f8rdag, i forbindelse med ferdigstillelse av statsbudsjettet for 2026.<br \/>\n      Foto: Thomas Fure\n    <\/p>\n<p>  <a href=\"https:\/\/www.nationen.no\/5-148-829401\" class=\"related-teaser has-image default-story-teaser article--c-eRUmMG article--c-eRUmMG-jKCPdD-design-default\" rel=\"nofollow noopener\" target=\"_blank\"><\/p>\n<p>    <img decoding=\"async\" loading=\"lazy\"  src=\"https:\/\/www.europesays.com\/no\/wp-content\/uploads\/2025\/12\/NTB_kcTJ6pqEQe4_1.jpg\" alt=\"\" class=\"brick-c-cFOWSL\" style=\"\"\/><\/p>\n<p>\n            Les ogs\u00e5<\/p>\n<p>              M\u00edmir om budsjett-sjokket: Mislyktes som parterapeut &#8211; anklager SV for spill\n        <\/p>\n<p>  <\/a><br \/>\n  \u2013 I f\u00f8rstelinje for politikerforakten<\/p>\n<p>SV-politikeren fra S\u00f8rlandet etterlyste nylig et nytt kommuneoppr\u00f8r i NRKs Debatten.<\/p>\n<p>Hun p\u00e5peker at for egen kommune Arendal blir 30 millioner for sm\u00e5tt, som er summen de kan vente seg i den nye budsjettenigheten, n\u00e5r underskuddet er p\u00e5 300 millioner.<\/p>\n<p>Behovet for norske kommuner er 20 milliarder i 2026, ansl\u00e5r Brokka de Ruiter.<\/p>\n<p>\u2013 N\u00e5r man ser det som ligger inne fra de ulike partiene i deres alternative budsjetter, er det nesten s\u00e5nn at man gir opp. Det er s\u00e5 fundamentalt alvorlig, sier SV-profilen.<\/p>\n<p>   <img decoding=\"async\" width=\"5721\" height=\"4577\" fetchpriority=\"low\"  loading=\"lazy\"  src=\"https:\/\/www.europesays.com\/no\/wp-content\/uploads\/2025\/12\/Inger+Brokka+de+Ruiter_Mona+Hauglid+Foto--3.jpg\" alt=\"\" class=\"brick-c-cFOWSL\" style=\"--brick-image-ratio: 5721 \/ 4577;\"\/><\/p>\n<p>      \u2013 Kirsti Bergst\u00f8 sin lederstil og manglende prosjekt gj\u00f8r at jeg har mistet tilliten til henne. Og jeg vet at jeg ikke er alene, sier SV-topp Inger Brokka de Ruiter.<br \/>\n      Foto: Mona Hauglid Foto\n    <\/p>\n<p>Hun er ikke i tvil om hva som blir konsekvensene:<\/p>\n<p>\u2013 Politikerne deler ut penger i blinde. Dette treffer ikke i det hele tatt. I Arendal har vi lagt ned fire skoler. I bystyret neste torsdag skal vi legge ned to bokollektiv, og det betyr nedlagte sykehjemsplasser.<\/p>\n<p>SV-toppen er frustrert:<\/p>\n<p>\u2013 De lover oss gull og gr\u00f8nne skoger samtidig som de p\u00e5legger oss oppgaver vi overhodet ikke har muligheten til \u00e5 holde. Vi m\u00e5 v\u00e6re l\u00f8ftebryterne for staten, og st\u00e5 i f\u00f8rstelinje for politikerforakten.<\/p>\n<p>Brokka de Ruiter mener det ikke er noen vei utenom \u00e5 kutte i lovp\u00e5lagte oppgaver for kommunene, og \u00e5pner for \u00e5 ta en diskusjon om fylkeskommunen m\u00e5 nedlegges, fordi de n\u00e5 sitter med &laquo;enorme mengder ansatte og midler og altfor f\u00e5 oppgaver&raquo; sammenlignet med kommune.<\/p>\n<p>SV-politikeren mener staten spekulerer i at folk skal m\u00e5tte ta mer ansvar for eget liv og egne p\u00e5r\u00f8rende selv. Men det vil bare f\u00f8re til en rasering av velferdsstaten og \u00f8kning i private sykeforsikringer, advarer hun.<\/p>\n<p>  <a href=\"https:\/\/www.nationen.no\/5-148-830036\" class=\"related-teaser has-image default-story-teaser article--c-eRUmMG article--c-eRUmMG-jKCPdD-design-default\" rel=\"nofollow noopener\" target=\"_blank\"><\/p>\n<p>    <img decoding=\"async\" loading=\"lazy\"  src=\"https:\/\/www.europesays.com\/no\/wp-content\/uploads\/2025\/12\/NTB_HJ07n-ZN1HM+%281%29.jpg\" alt=\"\" class=\"brick-c-cFOWSL\" style=\"\"\/><\/p>\n<p>\n            Les ogs\u00e5<\/p>\n<p>              Advarer SV og MDG mot \u00e5 sette inn Frp og H\u00f8yre\n        <\/p>\n<p>  <\/a><br \/>\n  Dommen: \u2013 SV gj\u00f8r ikke en god nok jobb<\/p>\n<p>\u2013 Er det surt at R\u00f8dt f\u00e5r st\u00e5 og ta \u00e6ren for ogs\u00e5 deres gjennomslag i budsjettenigheten?<\/p>\n<p>\u2013 Jeg sier &laquo;well played, R\u00f8dt&raquo;. Men jeg er ufattelig frustrert over at de tar et tomrom som er der. Jeg synes det er fascinerende at vi er kommet i den situasjonen. SV er veldig kritiske til maktstrukturer, og vi er systemkritiske. Da m\u00e5 vi ogs\u00e5 v\u00e6re det mot oss selv, sier SV-politikeren.<\/p>\n<p>\u2013 \u00c5 v\u00e6re systemkritisk mot seg selv, hva betyr det?<\/p>\n<p><b>\u2013 Vi gj\u00f8r ikke en god nok jobb i \u00e5 f\u00e5 fram hva vi st\u00e5r for og hva prosjektet v\u00e5rt er. Jeg synes det har v\u00e6rt vanskelig \u00e5 finne prosjektet etter at Audun (Lysbakken, journ.anm.) gikk av.<\/b><\/p>\n<p>\u2013 Betyr det at Bergst\u00f8 ikke f\u00e5r fram prosjektet?<\/p>\n<p>\u2013 Ja, jeg synes det er vanskelig \u00e5 forst\u00e5 hva som er prosjektet v\u00e5rt.<\/p>\n<p>\u2013 Ja, jeg er helt enig i at det gj\u00f8r vondt i hjertet som SV-er \u00e5 si nei til gratis barnehage. Men kart og terreng m\u00e5 henge i hop. Du kan ikke ha velferdsreformer som er i strid med realitetene, sier Brokka de Ruiter, og legger til:<\/p>\n<p>\u2013 Jeg klarer ikke \u00e5 v\u00e6re annet enn \u00e6rlig.<\/p>\n<p>Brokka de Ruiter er tydelig p\u00e5 at hun ikke \u00f8nsker \u00e5 kritisere partiledelsen for \u00e5 legge vekt p\u00e5 investeringer i Oljefondet og Palestina, men etterlyser et SV som ser betydningen av et skikkelig velferdsl\u00f8ft i stedet for gratis-fokus p\u00e5 velferdsreformer, som SFO og barnehage.<\/p>\n<p>  <a href=\"https:\/\/www.nationen.no\/5-148-816711\" class=\"related-teaser has-image default-story-teaser article--c-eRUmMG article--c-eRUmMG-jKCPdD-design-default\" rel=\"nofollow noopener\" target=\"_blank\"><\/p>\n<p>    <img decoding=\"async\" loading=\"lazy\"  src=\"https:\/\/www.europesays.com\/no\/wp-content\/uploads\/2025\/11\/IMG_5741.jpg\" alt=\"\" class=\"brick-c-cFOWSL\" style=\"\"\/><\/p>\n<p>\n            Les ogs\u00e5<\/p>\n<p>              Avbl\u00e5ser pengekrise i kommunene: \u2013 Det er feil\n        <\/p>\n<p>  <\/a><br \/>\n  Advarer SV mot R\u00f8dt-dominans<\/p>\n<p>Hun advarer ogs\u00e5 mot at R\u00f8dt f\u00e5r dominere norsk venstreside.<\/p>\n<p>\u2013 R\u00f8dt gj\u00f8r det de gj\u00f8r og man kan gi dem honn\u00f8r for det. Jeg er livredd for at R\u00f8dt f\u00e5r lov til \u00e5 bli mer dominante p\u00e5 venstresiden. De har ikke den gr\u00f8nne siden. Det er derfor jeg forblir i SV. N\u00e5r R\u00f8dt, Sp og Ap blir enige, da vet man at det gr\u00f8nne har tapt, sier Brokka de Ruiter.<\/p>\n<p>SV-profilen p\u00e5 S\u00f8rlandet sier likevel det er &laquo;forbi hennes fatteevne&raquo; at R\u00f8dt har akseptert det hun mener er ufattelig d\u00e5rlige ting p\u00e5 velferden.<\/p>\n<p>  <a href=\"https:\/\/www.nationen.no\/5-148-826207\" class=\"related-teaser has-image default-story-teaser article--c-eRUmMG article--c-eRUmMG-jKCPdD-design-default\" rel=\"nofollow noopener\" target=\"_blank\"><\/p>\n<p>    <img decoding=\"async\" loading=\"lazy\"  src=\"https:\/\/www.europesays.com\/no\/wp-content\/uploads\/2025\/12\/NTB_xGkMXqVGdTk.jpg\" alt=\"\" class=\"brick-c-cFOWSL\" style=\"\"\/><\/p>\n<p>\n            Les ogs\u00e5<\/p>\n<p>              Ber EU \u00abstoppe galskapen\u00bb for norske b\u00f8nder: \u2013 Ligg unna l\u00f8ken!\n        <\/p>\n<p>  <\/a><br \/>\n  Erkjenner behov for selvransakelse<\/p>\n<p>\u2013 Jeg har ingen problemer med \u00e5 forst\u00e5 Ingers frustrasjon og dem som st\u00e5r i f\u00f8rstelinjen for velferden. Den frustrasjonen har hun ogs\u00e5 m\u00e5lb\u00e5ret internt, sier Audun Herning, partisekret\u00e6r i SV til Nationen.<\/p>\n<p>Han sier partiet deler frustrasjonen over krisen i Kommune-Norge, men viser til at SV har f\u00e5tt p\u00e5 plass mer til kommunene i hvert eneste budsjett siden 2021.<\/p>\n<p>\u2013 Hun sier det er vanskelig \u00e5 forst\u00e5 prosjektet til SV? <\/p>\n<p>\u2013 Jeg er ikke enig i det. Men jeg skj\u00f8nner at Inger er veldig frustrert over situasjonen. Det tror jeg mange kommunepolitikere er. Men det virker som hun tenker at vi skal greie \u00e5 smi hele kommunebiten alene, med det valgresultatet vi hadde i 2021 og n\u00e5. Vi greier ikke \u00e5 redde hele kommune\u00f8konomien.<\/p>\n<p>   <img decoding=\"async\" width=\"6000\" height=\"4000\" fetchpriority=\"low\"  loading=\"lazy\"  src=\"https:\/\/www.europesays.com\/no\/wp-content\/uploads\/2025\/12\/NTB_Lqs_IAw1Iko.jpg\" alt=\"Oslo 20251128. &#10;Partisekret\u00e6r i SV, Audun Herning, i Stortinget fredag, i forbindelse med ferdigstillelse av statsbudsjettet for 2026.&#10;Foto: Jonas Been Henriksen \/ NTB\" class=\"brick-c-cFOWSL\" style=\"--brick-image-ratio: 6000 \/ 4000;\"\/><\/p>\n<p>      \u2013 Vi har behov for en fot i bakken, erkjenner partisekret\u00e6r Audun Herning i SV.<br \/>\n      Foto: Jonas Been Henriksen\n    <\/p>\n<p>\u2013 Brokka de Ruiter mener det har v\u00e6rt feil av SV \u00e5 prioritere gratis barnehage og SFO foran kommunel\u00f8ft? <\/p>\n<p>\u2013 Jeg har veldig forst\u00e5else for at dem som sitter i den situasjonen mener det. Men gratis barnehage og kjernetid i SFO er viktig for mange med en veldig vanskelig privat\u00f8konomi. Det er ikke bare kommune\u00f8konomien som er vanskelig, det er en kjempevanskelig situasjon for familier som sliter.<\/p>\n<p>\u2013 Hun retter en bredere kritikk mot SV, utover kommune\u00f8konomi, og sier det er vanskelig \u00e5 forst\u00e5 prosjektet til SV? <\/p>\n<p>\u2013 Jeg tror to ting er viktig her: Det har skjedd store forandringer i det politiske landskapet. Vi har behov for en fot i bakken og se p\u00e5 en felles politisk strategi for den neste perioden. Det er nyttig om Inger vil v\u00e6re med p\u00e5 det, sier Herning, og legger til:<\/p>\n<p>\u2013 S\u00e5 skal vi bruke hele 2026 p\u00e5 \u00e5 lytte til folk. Vi skal bruke mye tid p\u00e5 \u00e5 g\u00e5 rundt og h\u00f8re hva det er i deres hverdag som vi m\u00e5 bruke tid p\u00e5 og hva som er SVs rolle i et nytt politisk landskap.<\/p>\n<p>  <a href=\"https:\/\/www.nationen.no\/5-148-828878\" class=\"related-teaser has-image default-story-teaser article--c-eRUmMG article--c-eRUmMG-jKCPdD-design-default\" rel=\"nofollow noopener\" target=\"_blank\"><\/p>\n<p>    <img decoding=\"async\" loading=\"lazy\"  src=\"https:\/\/www.europesays.com\/no\/wp-content\/uploads\/2025\/12\/NTB_I09sna-LBUw+%281%29.jpg\" alt=\"\" class=\"brick-c-cFOWSL\" style=\"\"\/><\/p>\n<p>\n            Les ogs\u00e5<\/p>\n<p>              Nationen erfarer: \u00c5pner pengesekken for kommuner i krise\n        <\/p>\n<p>  <\/a><\/p>\n","protected":false},"excerpt":{"rendered":"Inger Brokka de Ruiter, varaordf\u00f8rer for SV i Arendal, raser etter \u00e5 ha sett hva Ap, Sp og&hellip;\n","protected":false},"author":2,"featured_media":102507,"comment_status":"","ping_status":"","sticky":false,"template":"","format":"standard","meta":{"footnotes":""},"categories":[10],"tags":[36,20,21,24,25,15,806,22,23,13,30,28,29,14,16,41,1510,947,26,27],"class_list":{"0":"post-102506","1":"post","2":"type-post","3":"status-publish","4":"format-standard","5":"has-post-thumbnail","7":"category-norge","8":"tag-art","9":"tag-breaking-news","10":"tag-breakingnews","11":"tag-featured-news","12":"tag-featurednews","13":"tag-headlines","14":"tag-kommuneokonomi","15":"tag-latest-news","16":"tag-latestnews","17":"tag-news","18":"tag-no","19":"tag-norge","20":"tag-norway","21":"tag-nyheter","22":"tag-overskrifter","23":"tag-politikk","24":"tag-story","25":"tag-sv","26":"tag-top-stories","27":"tag-topstories"},"share_on_mastodon":{"url":"https:\/\/pubeurope.com\/@no\/115651546169642696","error":""},"_links":{"self":[{"href":"https:\/\/www.europesays.com\/no\/wp-json\/wp\/v2\/posts\/102506","targetHints":{"allow":["GET"]}}],"collection":[{"href":"https:\/\/www.europesays.com\/no\/wp-json\/wp\/v2\/posts"}],"about":[{"href":"https:\/\/www.europesays.com\/no\/wp-json\/wp\/v2\/types\/post"}],"author":[{"embeddable":true,"href":"https:\/\/www.europesays.com\/no\/wp-json\/wp\/v2\/users\/2"}],"replies":[{"embeddable":true,"href":"https:\/\/www.europesays.com\/no\/wp-json\/wp\/v2\/comments?post=102506"}],"version-history":[{"count":0,"href":"https:\/\/www.europesays.com\/no\/wp-json\/wp\/v2\/posts\/102506\/revisions"}],"wp:featuredmedia":[{"embeddable":true,"href":"https:\/\/www.europesays.com\/no\/wp-json\/wp\/v2\/media\/102507"}],"wp:attachment":[{"href":"https:\/\/www.europesays.com\/no\/wp-json\/wp\/v2\/media?parent=102506"}],"wp:term":[{"taxonomy":"category","embeddable":true,"href":"https:\/\/www.europesays.com\/no\/wp-json\/wp\/v2\/categories?post=102506"},{"taxonomy":"post_tag","embeddable":true,"href":"https:\/\/www.europesays.com\/no\/wp-json\/wp\/v2\/tags?post=102506"}],"curies":[{"name":"wp","href":"https:\/\/api.w.org\/{rel}","templated":true}]}}