{"id":102508,"date":"2025-12-02T19:08:21","date_gmt":"2025-12-02T19:08:21","guid":{"rendered":"https:\/\/www.europesays.com\/no\/102508\/"},"modified":"2025-12-02T19:08:21","modified_gmt":"2025-12-02T19:08:21","slug":"tromso-kommune-kommunebudsjett-de-voksne-har-forlatt-rodt","status":"publish","type":"post","link":"https:\/\/www.europesays.com\/no\/102508\/","title":{"rendered":"Troms\u00f8 kommune, Kommunebudsjett | De voksne har forlatt R\u00f8dt"},"content":{"rendered":"\n<p>I forbindelse med forhandlinger om statsbudsjettet har R\u00f8dt seilt opp som et usedvanlig pragmatisk parti. De har verken furtet eller gitt ultimatum. Det de derimot har gjort er \u00e5 maksimere egne gjennomslag og stramme inn sine prioriteringer.<\/p>\n<p>Budskapet fra R\u00f8dts forhandlingsleder M\u00edmir Kristj\u00e1nsson til SV og MDG etter forhandlingene var oppsiktsvekkende enkelt:<\/p>\n<p>\u2013 Vi m\u00e5 orientere oss etter realitetene, ikke etter dr\u00f8mmeriene, sa Kristj\u00e1nsson til Nationen.<\/p>\n<p>Kanskje han skal ta en telefon nordover og snakke med egne folk i Troms\u00f8?<\/p>\n<p><b>For i den nordnorske tuttifrutti koalisjonen, er det knallhard ideologi som spenner bein for budsjettenighet mellom samarbeidspartiene.<\/b><\/p>\n<p>R\u00f8dt har nemlig signalisert at de ikke er interessert i \u00e5 stille seg bak et ansvarlig budsjett som inneb\u00e6rer kutt. De vil heller styre kommunen mot direkteinnmelding p\u00e5 Robek-lista, ved \u00e5 \u00f8ke utgiftene.<\/p>\n<p>Troms\u00f8 kommunestyre skal fordele n\u00e6r seks milliarder kroner i neste \u00e5rs budsjett, men driver med et underskudd som \u00f8ker. Fjor\u00e5rets underskudd p\u00e5 205 millioner kroner henger fortsatt over kommunen, og m\u00e5 dekkes inn i 2026 hvis kommunen skal unng\u00e5 \u00e5 havne p\u00e5 Robek-lista.<\/p>\n<p><b>Budsjettforhandlingene blir n\u00e5 satt p\u00e5 pr\u00f8ve av et R\u00f8dt som er villig til \u00e5 gamble med kommunens selvstyre. I stedet for \u00e5 kutte \u00f8nsker R\u00f8dt alts\u00e5 \u00e5 \u00f8ke pengebruken med opp mot 100 millioner utover de andre partienes forslag. De ignorerer i praksis det massive inndekningsbehovet p\u00e5 over 200 millioner kroner. <\/b><\/p>\n<p>\u00c5 signalisere at man er villig til \u00e5 levere et budsjett som \u00abi praksis inneb\u00e6rer Robek-innmelding\u00bb er ikke \u00e5 ta ansvar. Det er en politisk fakkeltogaktivisme mot seg selv og det ansvaret partiet p\u00e5tok seg da de sa jeg til samarbeid i posisjon.<\/p>\n<p>Det er ikke overraskende at slikt blir m\u00f8tt med et hardt nei fra Arbeiderpartiet. Ap har g\u00e5tt til valg p\u00e5 \u00e5 ta ansvar for \u00f8konomien. Gunnar Wilhelmsen trodde riktignok at det ville medf\u00f8re fire \u00e5r med skryt over hvor god kontroll Ap hadde p\u00e5 pengesekken.<\/p>\n<p>Det kan han glemme. Men Ap g\u00e5r inn for \u00e5 vise styringsansvar. Det betyr at man faktisk m\u00e5 ta st\u00f8yten ogs\u00e5 n\u00e5r upopul\u00e6re beslutninger skal tas og stramme budsjett skal leveres.<\/p>\n<p>Ogs\u00e5 de andre samarbeidspartiene er innforst\u00e5tt med dette ansvaret. SV, MDG og Sp g\u00e5r inn i budsjettforhandlingene med en innstilling om \u00e5 levere et forutsigbart budsjett for kommunens folk og ansatte.<\/p>\n<p><b>R\u00f8dt derimot g\u00e5r inn med en resignasjon: \u00abVi tror uansett det blir Robek, s\u00e5 la oss bruke penger n\u00e5.\u00bb <\/b><\/p>\n<p>En slik holdning undergraver innsatsen til de ansatte i kommunen som jobber p\u00e5 for \u00e5 unng\u00e5 de alvorlige konsekvensene Robek vil f\u00e5. Blant annet vil det v\u00e6re helt umulig \u00e5 investere i skolebygg, idrettshaller, omsorgsboliger og en mengde andre viktige tiltak for utvikling av troms\u00f8samfunnet, hvis Robek tar over.<\/p>\n<p>Det sier seg selv at ingen b\u00f8r st\u00f8tte R\u00f8dt i det.<\/p>\n<p>R\u00f8dt risikerer \u00e5 tvinge samarbeidspartiene til \u00e5 s\u00f8ke st\u00f8tte p\u00e5 borgerlig side for budsjettet sitt. Det vil ikke komme uten en kostnad for Wilhelmsen og co.<\/p>\n<p><b>Men det verste er at R\u00f8dt ser det som positivt at Troms\u00f8 kommune blir pakket inn i en tvangstr\u00f8ye. Der politikere f\u00e5r lite makt over kuttene som uansett m\u00e5 komme. <\/b><\/p>\n<p>Det er uansvarlig og viser liten vilje til \u00e5 ta de n\u00f8dvendige grepene for \u00e5 bevare det lokale selvstyret.<\/p>\n<p>R\u00f8dts strategi lokalt er helt motsatt fra dets strategi nasjonalt. Idealisme prioriteres fremfor realisme.<\/p>\n<p>Det murres n\u00e5 om at de voksne har forlatt R\u00f8dt i Troms\u00f8, da Hanne Stenvaag ble valgt inn i Stortinget. Hun var en lokalpolitiker med realistiske impulser.<\/p>\n<p>Gruppeleder Peder Joakimsen oppleves heller som drevet av ideologi.<\/p>\n<p>Det understrekes av innkallingen han sendte ut til en pressekonferanse mandag.<\/p>\n<p>\u00abR\u00f8dt Troms\u00f8 \u00f8nsker en politikk hvor folk skal \u00abgi etter evne og f\u00e5 etter behov\u00bb, etter Det kommunistiske manifest, Marx og Engels.\u00bb<\/p>\n<p>Det er, om ikke annet, et interessant oppspark til formannskapsm\u00f8tet p\u00e5 tirsdag.<\/p>\n<p>I det m\u00f8tet vil det bli endelig avklart om R\u00f8dt vil ta ansvar, eller om de \u00f8nsker \u00e5 drive med kommunistiske eksperimenter i Troms\u00f8 kommune.<\/p>\n<p><b>Velger R\u00f8dt \u00e5 eksperimentere, b\u00f8r Gunnar Wilhelmsen avslutte samarbeidet med partiet uten omsv\u00f8p. <\/b><\/p>\n<p>Han driver tross alt en kommune, ikke et politisk seminar.<\/p>\n","protected":false},"excerpt":{"rendered":"I forbindelse med forhandlinger om statsbudsjettet har R\u00f8dt seilt opp som et usedvanlig pragmatisk parti. De har verken&hellip;\n","protected":false},"author":2,"featured_media":102509,"comment_status":"","ping_status":"","sticky":false,"template":"","format":"standard","meta":{"footnotes":""},"categories":[5],"tags":[36,20,21,24,25,15,19,12962,806,22,23,17,18,13,30,28,29,14,1533,16,12964,10902,12963,26,27,1424],"class_list":{"0":"post-102508","1":"post","2":"type-post","3":"status-publish","4":"format-standard","5":"has-post-thumbnail","7":"category-overskrifter","8":"tag-art","9":"tag-breaking-news","10":"tag-breakingnews","11":"tag-featured-news","12":"tag-featurednews","13":"tag-headlines","14":"tag-hovedoppslag","15":"tag-kommunebudsjett","16":"tag-kommuneokonomi","17":"tag-latest-news","18":"tag-latestnews","19":"tag-main-news","20":"tag-mainnews","21":"tag-news","22":"tag-no","23":"tag-norge","24":"tag-norway","25":"tag-nyheter","26":"tag-opinion","27":"tag-overskrifter","28":"tag-peder-joakimsen","29":"tag-robek","30":"tag-rodt-tromso","31":"tag-top-stories","32":"tag-topstories","33":"tag-tromso-kommune"},"share_on_mastodon":{"url":"https:\/\/pubeurope.com\/@no\/115651549900227641","error":""},"_links":{"self":[{"href":"https:\/\/www.europesays.com\/no\/wp-json\/wp\/v2\/posts\/102508","targetHints":{"allow":["GET"]}}],"collection":[{"href":"https:\/\/www.europesays.com\/no\/wp-json\/wp\/v2\/posts"}],"about":[{"href":"https:\/\/www.europesays.com\/no\/wp-json\/wp\/v2\/types\/post"}],"author":[{"embeddable":true,"href":"https:\/\/www.europesays.com\/no\/wp-json\/wp\/v2\/users\/2"}],"replies":[{"embeddable":true,"href":"https:\/\/www.europesays.com\/no\/wp-json\/wp\/v2\/comments?post=102508"}],"version-history":[{"count":0,"href":"https:\/\/www.europesays.com\/no\/wp-json\/wp\/v2\/posts\/102508\/revisions"}],"wp:featuredmedia":[{"embeddable":true,"href":"https:\/\/www.europesays.com\/no\/wp-json\/wp\/v2\/media\/102509"}],"wp:attachment":[{"href":"https:\/\/www.europesays.com\/no\/wp-json\/wp\/v2\/media?parent=102508"}],"wp:term":[{"taxonomy":"category","embeddable":true,"href":"https:\/\/www.europesays.com\/no\/wp-json\/wp\/v2\/categories?post=102508"},{"taxonomy":"post_tag","embeddable":true,"href":"https:\/\/www.europesays.com\/no\/wp-json\/wp\/v2\/tags?post=102508"}],"curies":[{"name":"wp","href":"https:\/\/api.w.org\/{rel}","templated":true}]}}