{"id":102510,"date":"2025-12-02T19:09:10","date_gmt":"2025-12-02T19:09:10","guid":{"rendered":"https:\/\/www.europesays.com\/no\/102510\/"},"modified":"2025-12-02T19:09:10","modified_gmt":"2025-12-02T19:09:10","slug":"fotball-rundspilt-tre-grep-som-skal-gjore-kbk-bedre","status":"publish","type":"post","link":"https:\/\/www.europesays.com\/no\/102510\/","title":{"rendered":"Fotball, Rundspilt | Tre grep som skal gj\u00f8re KBK bedre"},"content":{"rendered":"\n<p>Hovedtreneren p\u00e5 Nordm\u00f8re stadion er gjest i \u00e5rets siste Rundspilt. I godt over en time snakker Skiri om sesongen som var og sesongen som kommer. Det blir med andre ord b\u00e5de evaluering og prat om hva som skal til for \u00e5 gj\u00f8re KBK til et bedre fotballag.<\/p>\n<p>Men programleder Eirin Liab\u00f8 starter Tidens Kravs fotballpodkast-sesongavslutning med \u00e5 kreve et svar p\u00e5 hva som egentlig skjedde p\u00e5 Initily Arena 22. november.<\/p>\n<p>Amund Skiri har fram til n\u00e5 ikke v\u00e6rt villig til \u00e5 snakke s\u00e5 mye om hvordan KBK greide \u00e5 starte kampen mot V\u00e5lerenga med Leander N\u00e6ss Alvheim p\u00e5 topp. En spiller som beviselig sto bokf\u00f8rt med fire gule kort f\u00f8r avspark, og f\u00f8lgelig ikke hadde lov \u00e5 spille.<\/p>\n<p><b>Podkasten er laget av Eirin Liab\u00f8, Rune Ed\u00f8y og Trygve Strand Joakimsen.<\/b><\/p>\n<p>En d\u00f8nn \u00e6rlig Skiri sier at det var en megatabbe at verken han eller andre i klubben hadde fanget opp at N\u00e6ss Alvheim hadde f\u00e5tt ett gult kort i Ranheim og tre i KBK f\u00f8r den nest siste runden i Eliteserien.<\/p>\n<p>\u2013 Det er ikke bra nok. Det er flaut. Jeg og sportslig leder Eirik Hoseth m\u00e5 dele ansvaret her. Heldigvis slapp vi med skrekken i og med at Bryne tapte mot Sarpsborg 08 dagen etter v\u00e5r kamp, men det var et veldig vondt d\u00f8gn for meg. Vi skjemmer oss ut for hele Fotball-Norge. Jeg blir skamfull. Det var rett og slett f\u00e6lt, sier Amund Skiri.<\/p>\n<p>Rune Ed\u00f8y setter pris p\u00e5 Skiris \u00e6rlige og oppriktige svar. Han gir ros til treneren for at han ikke bortforklarer det som skjedde med et upresist regelverk eller leter etter andre syndebukker enn seg selv og klubbens sportslige leder.<\/p>\n<p>Fotballforbundet d\u00f8mte KBK til tap mot V\u00e5lerenga, men heldigvis hadde ikke resultatet noen praktisk betydning. KBK spiller i Eliteserien ogs\u00e5 neste \u00e5r. Bryne m\u00e5 gjennom play off mot Aalesund f\u00f8r de vet om de f\u00e5r spille p\u00e5 samme niv\u00e5 i 2026.<\/p>\n<p>Kristiansund har i to sesonger p\u00e5 rad sikret seg ny kontrakt i nest siste serierunde. Skiri har et klart m\u00e5l om at resultatene skal bli bedre neste \u00e5r.<\/p>\n<p>Slapp inn 59 m\u00e5l<\/p>\n<p>47-\u00e5ringen fra Rauma er klar p\u00e5 at Kristiansund m\u00e5 treffe p\u00e5 spillerlogistikken for at de skal ta steg.<\/p>\n<p>\u2013 Her m\u00e5 vi treffe. Vi vet at flere forsvarsspillere forsvinner. Og det er et klart m\u00e5l om at vi m\u00e5 ha troppen klar tidligere enn i fjor. Aller helst til vi starter \u00e5 trene igjen 12. januar, men i hvert fall til slutten av januar, sier Amund Skiri.<\/p>\n<p>Han bruker ogs\u00e5 tid p\u00e5 \u00e5 snakke om hvordan KBK skal utvikle seg gjennom det som skjer p\u00e5 treningsfeltet.<\/p>\n<p>\u2013 Det er tradisjon her for \u00e5 ta spillere fra ett niv\u00e5 til et annet. Det gjelder b\u00e5de lokale spillere og spillere som hentes utenfra. Det m\u00e5 vi fortsette med.<\/p>\n<p>Utvikling av eget spill er ogs\u00e5 et tema for Skiri.<\/p>\n<p>\u2013 Vi m\u00e5 bli mer robuste defensivt og bedre offensivt.<\/p>\n<p>Treneren mener det ene ikke g\u00e5r p\u00e5 bekostning av det andre, men det er bare \u00e5 lese tabellen for \u00e5 skj\u00f8nne at nordm\u00f8rsklubben har mye \u00e5 g\u00e5 p\u00e5 bakover i banen. Med 59 baklengsm\u00e5l har KBK et stort forbedringspotensial i den delen av spillet som dreier seg om \u00e5 hindre motstanderen fra \u00e5 score m\u00e5l.<\/p>\n<p><b>Lytt til episoden her:<\/b><\/p>\n<p>Flere forsvinner<\/p>\n<p>I \u00e5rets siste Rundspilt blir det ogs\u00e5 tid til \u00e5 g\u00e5 n\u00f8ye gjennom spillerstallen for \u00e5 f\u00e5 klarhet i hvem som blir med videre og hvem som forsvinner. Her kan Skiri fortelle at flere av dem som var i troppen i \u00e5r vil spille i andre klubber neste \u00e5r.<\/p>\n<p>Helt konkret vinker treneren farvel til Knut-Andr\u00e9 Skj\u00e6rstein, Ian Hoffmann, Marius Olsen, Mikkel Rakneberg, Alioune Ndour, Marius Weidel og Andreas Bakeng-Rogne. Felles for alle er at de er p\u00e5 utg\u00e5ende kontrakt.<\/p>\n<p>Det samme er Dan Peter Ulvestad, Axel Kryger, Syver Skeide og Henry Sletsj\u00f8e.<\/p>\n<p>\u2013 Vi \u00f8nsker \u00e5 ha med Dan Peter videre. Jeg h\u00e5per vi blir enig om ny kontrakt, sier Skiri om hva som skjer med KBKs store veteran.<\/p>\n<p>Han er videre veldig klar p\u00e5 at Henry Sletsj\u00f8e er \u00f8nsket med videre. Svensken har spilt for Kristiansund i h\u00f8st gjennom en l\u00e5neavtale med Rosenborg. M\u00e5let er at 25-\u00e5ringen blir KBK-spiller p\u00e5 permanent basis. I beste fall kan en avtale v\u00e6re p\u00e5 plass f\u00f8r jul.<\/p>\n<p>Det er mer usikkert hva om skjer med Axel Kryger og Syver Skeide. F\u00f8rstnevnte ble hentet fra J\u00e6ren da han ble fristilt fra kontrakten han hadde med Bryne i september. Skiri utelukker ikke at 28-\u00e5ringen, som kan spille b\u00e5de back og stopper, har en videre framtid i KBK.<\/p>\n<p>\u2013 Det jeg kan si er at vi har en dialog, sier treneren.<\/p>\n<p>Feirer jul i Thailand<\/p>\n<p>Med Skeide sitter Bod\u00f8\/Glimt i praksis p\u00e5 n\u00f8kkelen. Sunnm\u00f8ringen har flere \u00e5r igjen av sin kontrakt p\u00e5 Aspmyra. Per i dag virker det \u00e5pent hvor midtbanespillere skal spille neste \u00e5r.<\/p>\n<p>Det er ogs\u00e5 usikkerhet rundt hva som skjer med Isak Aalberg, Awet Alemseged og Franklin Daddys Boy Nyenetue. Trioen har kontrakt med KBK ogs\u00e5 i 2026, men KBK vil neppe sette seg p\u00e5 bakbeina hvis andre klubber \u00f8nsker \u00e5 kj\u00f8pe eller leie.<\/p>\n<p>Skiri vil de neste ukene etter beste evne fors\u00f8ke \u00e5 koble ut fra fotball og lade batteriene for \u00e5 v\u00e6re klar til neste sesong.<\/p>\n<p>\u2013 Og jula skal vi feire i Thailand. Det gleder vi oss til. S\u00e5 er vi p\u00e5 plass til f\u00f8rste fellestrening i midten av januar.<\/p>\n<p>Tidligere episoder<\/p>\n<p>            Slik kan du lytte til v\u00e5re podkaster <\/p>\n<p>Den enkleste m\u00e5ten \u00e5 lytte til Tidens Kravs podkaster p\u00e5, er \u00e5 gj\u00f8re det gjennom en av de mange podkast-appene.<\/p>\n<p><b>Har du +Alt abonnement s\u00e5 anbefaler vi <a href=\"https:\/\/untold.app\/\" target=\"_self\" rel=\"Follow nofollow noopener\">Untold<\/a>. <\/b>Her finner du b\u00e5de Klokere Klokest og Rundspilt samt en rekke eksklusive podkaster kun for abonnenter.<\/p>\n<p><b>Bruker du allerede en str\u00f8mmetjeneste finner du ogs\u00e5 v\u00e5re podkaster p\u00e5: <\/b><\/p>\n<p>Husk \u00e5 <b>f\u00f8lg <\/b>podkastene der du lytter for \u00e5 enkelt f\u00e5 med deg de nyeste episodene! <\/p>\n<p>F\u00f8lg oss ogs\u00e5 Tidens Krav p\u00e5 <b><a href=\"https:\/\/www.instagram.com\/tidenskrav\/\" target=\"_self\" rel=\"Follow nofollow noopener\">Instagram <\/a><\/b>\u2013 her poster vi morsomme klipp fra podkastene. <\/p>\n<p><script async src=\"\/\/www.instagram.com\/embed.js\"><\/script><\/p>\n","protected":false},"excerpt":{"rendered":"Hovedtreneren p\u00e5 Nordm\u00f8re stadion er gjest i \u00e5rets siste Rundspilt. I godt over en time snakker Skiri om&hellip;\n","protected":false},"author":2,"featured_media":102511,"comment_status":"","ping_status":"","sticky":false,"template":"","format":"standard","meta":{"footnotes":""},"categories":[59],"tags":[36,134,92,12965,3219,298,30,28,29,1270,2358,83,82,1510],"class_list":{"0":"post-102510","1":"post","2":"type-post","3":"status-publish","4":"format-standard","5":"has-post-thumbnail","7":"category-sport","8":"tag-art","9":"tag-eliteserien","10":"tag-fotball","11":"tag-fotball-pod","12":"tag-kbk","13":"tag-kristiansund","14":"tag-no","15":"tag-norge","16":"tag-norway","17":"tag-podkast","18":"tag-rundspilt","19":"tag-sport","20":"tag-sports","21":"tag-story"},"share_on_mastodon":{"url":"https:\/\/pubeurope.com\/@no\/115651553707611801","error":""},"_links":{"self":[{"href":"https:\/\/www.europesays.com\/no\/wp-json\/wp\/v2\/posts\/102510","targetHints":{"allow":["GET"]}}],"collection":[{"href":"https:\/\/www.europesays.com\/no\/wp-json\/wp\/v2\/posts"}],"about":[{"href":"https:\/\/www.europesays.com\/no\/wp-json\/wp\/v2\/types\/post"}],"author":[{"embeddable":true,"href":"https:\/\/www.europesays.com\/no\/wp-json\/wp\/v2\/users\/2"}],"replies":[{"embeddable":true,"href":"https:\/\/www.europesays.com\/no\/wp-json\/wp\/v2\/comments?post=102510"}],"version-history":[{"count":0,"href":"https:\/\/www.europesays.com\/no\/wp-json\/wp\/v2\/posts\/102510\/revisions"}],"wp:featuredmedia":[{"embeddable":true,"href":"https:\/\/www.europesays.com\/no\/wp-json\/wp\/v2\/media\/102511"}],"wp:attachment":[{"href":"https:\/\/www.europesays.com\/no\/wp-json\/wp\/v2\/media?parent=102510"}],"wp:term":[{"taxonomy":"category","embeddable":true,"href":"https:\/\/www.europesays.com\/no\/wp-json\/wp\/v2\/categories?post=102510"},{"taxonomy":"post_tag","embeddable":true,"href":"https:\/\/www.europesays.com\/no\/wp-json\/wp\/v2\/tags?post=102510"}],"curies":[{"name":"wp","href":"https:\/\/api.w.org\/{rel}","templated":true}]}}