{"id":102514,"date":"2025-12-02T19:12:12","date_gmt":"2025-12-02T19:12:12","guid":{"rendered":"https:\/\/www.europesays.com\/no\/102514\/"},"modified":"2025-12-02T19:12:12","modified_gmt":"2025-12-02T19:12:12","slug":"kongsvinger-burger-king-petter-northug-kommer-til-kongsvinger","status":"publish","type":"post","link":"https:\/\/www.europesays.com\/no\/102514\/","title":{"rendered":"Kongsvinger, Burger King | Petter Northug kommer til Kongsvinger"},"content":{"rendered":"\n<p>Torsdag er dagen mange sultne gl\u00e5md\u00f8ler har ventet p\u00e5, n\u00e5r Burger King \u00e5pner d\u00f8rene ved  i Kongsvinger.<\/p>\n<p>Alexander Nyl\u00f8kken (34) er sjef for den nye restauranten, og har <a href=\"https:\/\/www.glomdalen.no\/alexander-34-blir-byens-nye-burgerkonge-jeg-gleder-meg-veldig\/s\/80-19-66406\" rel=\"Follow nofollow noopener\" target=\"_blank\">tidligere uttalt<\/a> hvor mye han gleder seg til sette i gang.<\/p>\n<p>Han kunne tidligere i h\u00f8st fortelle at de hadde f\u00e5tt inn over 100 s\u00f8knader, og Nyl\u00f8kken hadde aldri opplevd lignende tr\u00f8kk.<\/p>\n<p>N\u00e5r Burger King starter opp p\u00e5 torsdag, blir det ikke bare en \u00e5pning.<\/p>\n<p>Gl\u00e5mdalen fikk v\u00e6re med p\u00e5 en sniktitt inne i den nye restauranten. Se video her:<\/p>\n<p>    Vil du se neste video?<\/p>\n<p>    <a href=\"https:\/\/www.glomdalen.no\/jul-pa-skarstad-2025\/v\/80-19-162031\" class=\"recommend-poster\" data-adp-clicklabel=\"video-recommend\" data-adp-clickvalue=\"poster\" rel=\"nofollow noopener\" target=\"_blank\"><\/p>\n<p>Jul p\u00e5 Skarstad 20251:01<\/p>\n<p>    <\/a><\/p>\n<p>Ryddet kalenderen<\/p>\n<p>Nyl\u00f8kken ser nemlig frem i mot at en av de st\u00f8rste i norsk langrennshistorie, Petter Northug, kommer p\u00e5 \u00e5pningen torsdag formiddag.<\/p>\n<p>Skikongen Petter Northug (39) har ryddet i kalenderen sin og skal ta turen til byen for \u00e5 delta p\u00e5 \u00e5pningen. Han forteller til Gl\u00e5mdalen at spenningen er stor f\u00f8r han ankommer torsdag morgen.<\/p>\n<p>\u2013 Jeg gleder meg stort! Burger King spurte om jeg hadde tid til \u00e5 reise innom Kongsvinger denne uka. Da fikk jeg ryddet litt i kalenderen min, s\u00e5 n\u00e5 er jeg er spent p\u00e5 hvordan \u00e5pningen blir.<\/p>\n<p>Han skal nemlig ned til Bad Gastein i \u00d8sterrike neste uke for \u00e5 delta i Ski Classics Pro Tour. Der skal han representere Burger King n\u00e5r touren \u00e5pner 13. desember, og avsluttes med et heftig bakkel\u00f8p p\u00e5 Senja 29. mars.\u00a0<\/p>\n<p>   <img decoding=\"async\" width=\"3634\" height=\"2239\" fetchpriority=\"low\"  loading=\"lazy\"  src=\"https:\/\/www.europesays.com\/no\/wp-content\/uploads\/2025\/12\/1c6e10c3-1209-4959-b08f-d8fd02e893f5.jpg\" alt=\"\" class=\"brick-c-cFOWSL\" style=\"--brick-image-ratio: 3634 \/ 2239;\"\/><\/p>\n<p>      \u00c5PNER: Alt er klart for \u00e5pning for hamburgerkjeden.<br \/>\n      Foto: Emma Rosenberg Hammeren\n    <\/p>\n<p>  F\u00f8ler med Kongsvinger-folket<\/p>\n<p>Northug inngikk i 2024 en avtale med hamburgerkjeden. Til <a rel=\"Follow nofollow noopener\" href=\"https:\/\/www.nettavisen.no\/sport\/northug-sjudoblet-inntekten\/s\/5-95-2757825\" target=\"_blank\">Nettavisen <\/a>har han tidligere uttalt at det er en stor avtale, og den nest st\u00f8rste han har hatt i sin karriere etter Coop.<\/p>\n<p>OL-helten tror folk i byen er klare for at burgerkjeden endelig kommer til Kongsvinger. Northug blir nemlig empatisk n\u00e5r Gl\u00e5mdalen forteller at folk har ventet p\u00e5 noe slikt helt siden Happy Burger&#8217;n brant ned i 1999.<\/p>\n<p>\u2013 N\u00e5 f\u00f8ler jeg ekstra med folk i Kongsvinger, at den forrige burgersjappa brant ned. Da er det ekstra hyggelig at det kommer deilige og grillede hamburgere p\u00e5 torsdag. Etter den historien med Happy Burger&#8217;n fortjener folket i byen det aller beste.\u00a0<\/p>\n<p>   <img decoding=\"async\" width=\"8973\" height=\"5982\" fetchpriority=\"low\"  loading=\"lazy\"  src=\"https:\/\/www.europesays.com\/no\/wp-content\/uploads\/2025\/12\/wtNDV-e-Ka4.jpg\" alt=\"\" class=\"brick-c-cFOWSL\" style=\"--brick-image-ratio: 8973 \/ 5982;\"\/><\/p>\n<p>      Petter Northug inngikk et samarbeid med Burger King i 2024. Her serverer han hamburgere til folket p\u00e5 Oslo S.<br \/>\n      Foto: Thomas Fure \/ NTB\n    <\/p>\n","protected":false},"excerpt":{"rendered":"Torsdag er dagen mange sultne gl\u00e5md\u00f8ler har ventet p\u00e5, n\u00e5r Burger King \u00e5pner d\u00f8rene ved i Kongsvinger. Alexander&hellip;\n","protected":false},"author":2,"featured_media":102515,"comment_status":"","ping_status":"","sticky":false,"template":"","format":"standard","meta":{"footnotes":""},"categories":[56],"tags":[36,2614,60,61,551,62,30,28,29,216,397,172,1510],"class_list":{"0":"post-102514","1":"post","2":"type-post","3":"status-publish","4":"format-standard","5":"has-post-thumbnail","7":"category-naeringsliv","8":"tag-art","9":"tag-burger-king","10":"tag-business","11":"tag-economy","12":"tag-kongsvinger","13":"tag-naeringsliv","14":"tag-no","15":"tag-norge","16":"tag-norway","17":"tag-okonomi-og-naeringsliv","18":"tag-petter-northug","19":"tag-restaurant","20":"tag-story"},"share_on_mastodon":{"url":"https:\/\/pubeurope.com\/@no\/115651565846674705","error":""},"_links":{"self":[{"href":"https:\/\/www.europesays.com\/no\/wp-json\/wp\/v2\/posts\/102514","targetHints":{"allow":["GET"]}}],"collection":[{"href":"https:\/\/www.europesays.com\/no\/wp-json\/wp\/v2\/posts"}],"about":[{"href":"https:\/\/www.europesays.com\/no\/wp-json\/wp\/v2\/types\/post"}],"author":[{"embeddable":true,"href":"https:\/\/www.europesays.com\/no\/wp-json\/wp\/v2\/users\/2"}],"replies":[{"embeddable":true,"href":"https:\/\/www.europesays.com\/no\/wp-json\/wp\/v2\/comments?post=102514"}],"version-history":[{"count":0,"href":"https:\/\/www.europesays.com\/no\/wp-json\/wp\/v2\/posts\/102514\/revisions"}],"wp:featuredmedia":[{"embeddable":true,"href":"https:\/\/www.europesays.com\/no\/wp-json\/wp\/v2\/media\/102515"}],"wp:attachment":[{"href":"https:\/\/www.europesays.com\/no\/wp-json\/wp\/v2\/media?parent=102514"}],"wp:term":[{"taxonomy":"category","embeddable":true,"href":"https:\/\/www.europesays.com\/no\/wp-json\/wp\/v2\/categories?post=102514"},{"taxonomy":"post_tag","embeddable":true,"href":"https:\/\/www.europesays.com\/no\/wp-json\/wp\/v2\/tags?post=102514"}],"curies":[{"name":"wp","href":"https:\/\/api.w.org\/{rel}","templated":true}]}}