{"id":102516,"date":"2025-12-02T19:13:14","date_gmt":"2025-12-02T19:13:14","guid":{"rendered":"https:\/\/www.europesays.com\/no\/102516\/"},"modified":"2025-12-02T19:13:14","modified_gmt":"2025-12-02T19:13:14","slug":"vanskeligere-a-fa-vapenbidrag-til-ukraina-ma-sende-rundt-hatten","status":"publish","type":"post","link":"https:\/\/www.europesays.com\/no\/102516\/","title":{"rendered":"Vanskeligere \u00e5 f\u00e5 v\u00e5penbidrag til Ukraina: \u00abM\u00e5 sende rundt hatten\u00bb"},"content":{"rendered":"\n<p class=\"_lead_o9xde_2 _lead_xtcu6_50 layout-component text-serif-m layout-normal text-serif-l layout-component layout-wide layout-padded _wide_17hqh_1 layout-padded\">Viljen blant Nato-landene til \u00e5 st\u00f8tte Ukraina milit\u00e6rt synker. Nato-sjef Mark Rutte sier at han \u00abm\u00e5 sende rundt hatten\u00bb for \u00e5 opprettholde st\u00f8tten.<\/p>\n<p><img alt=\"Mark Rutte, generalsekret\u00e6r i Nato, m\u00f8tte USAs president Donald Trump i oktober.  Foto: AARON SCHWARTZ \/ POOL \/ EPA \/ NTB\" class=\"_image_qp4xg_65 layout-component layout-wide\" data-fullscreen- data-track-element-type=\"Article image fullscreen\" data-track-name=\"ImageFullscreen\" fetchpriority=\"high\" decoding=\"sync\" loading=\"eager\" height=\"5760\" itemprop=\"image\"  src=\"https:\/\/www.europesays.com\/no\/wp-content\/uploads\/2025\/12\/c9526e67-4a8b-4778-b13f-40340560bd66\"  style=\"object-position:0% 0%\" width=\"8640\"\/>Mark Rutte, generalsekret\u00e6r i Nato, m\u00f8tte USAs president Donald Trump i oktober.  Foto: AARON SCHWARTZ \/ POOL \/ EPA \/ NTB<\/p>\n<ul aria-hidden=\"true\" class=\"_images_1uft6_111\">\n<li><a class=\"_link_1uft6_116\" href=\"https:\/\/www.vg.no\/forfatter\/alf-bjarne-johnsen\" style=\"z-index:1\" title=\"Alf Bjarne Johnsen\" rel=\"nofollow noopener\" target=\"_blank\"><img alt=\"Bilde av Alf Bjarne Johnsen\" class=\"_image_1uft6_93\" fetchpriority=\"low\" loading=\"lazy\" decoding=\"async\" itemprop=\"image\"  src=\"https:\/\/www.europesays.com\/no\/wp-content\/uploads\/2025\/12\/1764702791_948_a8952b63-f4d3-424e-ab5c-93e67076c9b0\"  width=\"480\"\/><\/a><\/li>\n<\/ul>\n<p>Rapporterer fra Brussel  Oppdatert tirsdag 2. desember kl. 19:03    <\/p>\n<ul class=\"_list_o9xde_3 _list_64s2r_85 _unordered_o9xde_106 text-sans-m\">\n<li class=\"_item_o9xde_30\">Viljen til milit\u00e6r st\u00f8tte til Ukraina synker blant Natos medlemsland.<\/li>\n<li class=\"_item_o9xde_30\">USA stoppet v\u00e5penleveranser til Ukraina etter ordre fra Donald Trump.<\/li>\n<li class=\"_item_o9xde_30\">Nato-landene har samlet minst fire milliarder euro for v\u00e5penkj\u00f8p siden august.<\/li>\n<li class=\"_item_o9xde_30\">To tredeler av Nato-medlemmene bidrar i finansieringen.<\/li>\n<\/ul>\n<p>Vis mer <\/p>\n<p class=\"_paragraph_o9xde_4 _paragraph_xtcu6_10 layout-component text-serif-m layout-normal text-serif-m layout-padded\">P\u00e5 ordre fra president Donald Trump har USA stoppet levering av v\u00e5pen og ammunisjon til Ukraina for egen regning.<\/p>\n<p class=\"_paragraph_o9xde_4 _paragraph_xtcu6_10 layout-component text-serif-m layout-normal text-serif-m layout-padded\">I sommer avtalte derfor <a href=\"https:\/\/www.vg.no\/tag\/nato?utm_source=vg-article&amp;utm_medium=auto-tagger&amp;utm_campaign=oEL5jj\" class=\"_link_o9xde_39\" rel=\"nofollow noopener\" target=\"_blank\">Nato<\/a>-landene i Europa og Canada at de i stedet <a href=\"https:\/\/www.vg.no\/nyheter\/i\/XjVGAg\/norge-danmark-og-sverige-sammen-om-stoette-til-ukraina\" data-track-element-type=\"Link\" data-track-id=\"link:XjVGAg\" class=\"_link_o9xde_39\" rel=\"nofollow noopener\" target=\"_blank\">skulle betale USA for nye v\u00e5penleveranser.<\/a> Planen var \u00e5 hente inn en milliard euro \u2013 n\u00e6r 12 milliarder kroner \u2013 hver m\u00e5ned. <\/p>\n<p class=\"_paragraph_o9xde_4 _paragraph_xtcu6_10 layout-component text-serif-m layout-normal text-serif-m layout-padded\">N\u00e5 sier Natos generalsekret\u00e6r Mark Rutte at planen har fungert, og at minst fire milliarder euro er innbetalt. <\/p>\n<p class=\"_paragraph_o9xde_4 _paragraph_xtcu6_10 layout-component text-serif-m layout-normal text-serif-m layout-padded\">Se ogs\u00e5 Zelenskyj uttalelser tirsdag:<\/p>\n<p>   Takket Norge<\/p>\n<p class=\"_paragraph_o9xde_4 _paragraph_xtcu6_10 layout-component text-serif-m layout-normal text-serif-m layout-padded\">Han takket Norge, Nederland og Canada spesielt for \u00e5 legge penger i potten til v\u00e5penkj\u00f8p i USA. <\/p>\n<p class=\"_paragraph_o9xde_4 _paragraph_xtcu6_10 layout-component text-serif-m layout-normal text-serif-m layout-padded\">\u2013 Jeg er n\u00f8ktern optimist at vi vil n\u00e5 samme bel\u00f8p i desember, sa Rutte p\u00e5 et pressetreff i Brussel tirsdag ettermiddag.<\/p>\n<p class=\"_paragraph_o9xde_4 _paragraph_xtcu6_10 layout-component text-serif-m layout-normal text-serif-m layout-padded\">\u2013 Men jeg har ikke noe imot \u00e5 sende rundt hatten, og jeg er glad for \u00e5 kunne gj\u00f8re det for Ukraina, sa han. <\/p>\n<p class=\"_paragraph_o9xde_4 _paragraph_xtcu6_10 layout-component text-serif-m layout-normal text-serif-m layout-padded\"><strong class=\"_strong_o9xde_25\">Rutte varslet at finansiering av v\u00e5penst\u00f8tten til Ukraina blir et stort tema n\u00e5r utenriksminister Espen Barth Eide (Ap) kommer til Brussel og m\u00f8ter sine Nato-kolleger onsdag morgen. <\/strong><\/p>\n<p><img alt=\"Mark Rutte p\u00e5 pressetreff i Brussel tirsdag.   Foto: OLIVIER MATTHYS \/ EPA \/ NTB\" class=\"_image_qp4xg_65 layout-component layout-normal\" data-fullscreen- data-track-element-type=\"Article image fullscreen\" data-track-name=\"ImageFullscreen\" decoding=\"async\" loading=\"lazy\" height=\"2001\" itemprop=\"image\"  src=\"https:\/\/www.europesays.com\/no\/wp-content\/uploads\/2025\/12\/c974aef2-1f1e-4328-b4c4-dbb842abbd0d\"  style=\"object-position:0% 0%\" width=\"3000\"\/>Mark Rutte p\u00e5 pressetreff i Brussel tirsdag.   Foto: OLIVIER MATTHYS \/ EPA \/ NTBVilje og evne svikter <\/p>\n<p class=\"_paragraph_o9xde_4 _paragraph_xtcu6_10 layout-component text-serif-m layout-normal text-serif-m layout-padded\">Ingen av Nato-landene i Europa er i samme unike situasjon som Norge, som b\u00e5de kan ruste opp eget forsvar og samtidig st\u00f8tte Ukraina uten \u00e5 ta opp l\u00e5n.<\/p>\n<p class=\"_paragraph_o9xde_4 _paragraph_xtcu6_10 layout-component text-serif-m layout-normal text-serif-m layout-padded\">En sentralt plassert kilde i Nato sier at evnen, og muligens viljen, til \u00e5 st\u00f8tte Ukraina varierer betydelig mellom landene. <\/p>\n<p class=\"_paragraph_o9xde_4 _paragraph_xtcu6_10 layout-component text-serif-m layout-normal text-serif-m layout-padded\">Rutte ansl\u00e5r n\u00e5 at to tredeler av medlemslandene er med p\u00e5 spleiselaget for \u00e5 kj\u00f8pe v\u00e5pen i USA.<\/p>\n<p class=\"_paragraph_o9xde_4 _paragraph_xtcu6_10 layout-component text-serif-m layout-normal text-serif-m layout-padded\">Det aller meste av v\u00e5penst\u00f8tten til Ukraina kommer gjennom denne Nato-ordningen. Men da USA ikke lenger ville betale, forsvant ogs\u00e5 mye av betalingsviljen fra andre Nato-land.<\/p>\n<p class=\"_paragraph_o9xde_4 _paragraph_xtcu6_10 layout-component text-serif-m layout-normal text-serif-m layout-padded\"><strong class=\"_strong_o9xde_25\">If\u00f8lge det tyske Kiel-instituttet som registrerer all finansiell st\u00f8tte Ukraina, <a href=\"https:\/\/www.kielinstitut.de\/publications\/news\/ukraine-support-tracker-military-aid-falls-sharply-despite-new-nato-initiative\/\" class=\"_link_o9xde_39\" rel=\"nofollow noopener\" target=\"_blank\">falt givergleden betydelig gjennom f\u00f8rste halv\u00e5r.<\/a> Bidragene i sommerm\u00e5nedene var under halvparten av snittet fra januar til juni.<\/strong><\/p>\n<p>P\u00e5 gangen <\/p>\n<p class=\"_paragraph_o9xde_4 _paragraph_xtcu6_10 layout-component text-serif-m layout-normal text-serif-m layout-padded\">Men Nato og USAs europeiske allierte sitter ikke i rommet n\u00e5r<a href=\"https:\/\/www.vg.no\/nyheter\/i\/XMlr4r\/witkoff-paa-plass-i-moskva-skal-snakke-med-putin\" data-track-element-type=\"Link\" data-track-id=\"link:XMlr4r\" class=\"_link_o9xde_39\" rel=\"nofollow noopener\" target=\"_blank\"> USA og Russland n\u00e5 diskuterer <\/a>den amerikanskledede fredsplanen i Moskva tirsdag. President Vladimir Putin skal ta imot de amerikanske utsendingene, Steve Witkoff og Trumps svigers\u00f8nn Jared Kushner.<\/p>\n<p class=\"_paragraph_o9xde_4 _paragraph_xtcu6_10 layout-component text-serif-m layout-normal text-serif-m layout-padded\">Interne kilder i Nato forteller at alliansen heller ikke blir fullt ut orientert om de ulike stegene som USA tar. <\/p>\n<p class=\"_paragraph_o9xde_4 _paragraph_xtcu6_10 layout-component text-serif-m layout-normal text-serif-m layout-padded\">Selv om den opprinnelige <a href=\"https:\/\/www.vg.no\/nyheter\/i\/RjbajJ\/usa-og-ukraina-enige-om-flere-punkter-i-fredsavtale-men-ikke-de-viktigste\" data-track-element-type=\"Link\" data-track-id=\"link:RjbajJ\" class=\"_link_o9xde_39\" rel=\"nofollow noopener\" target=\"_blank\">fredsplanen er kraftig moderert<\/a>, er europeiske toppledere fortsatt nerv\u00f8se for hva slags avtaler USA kan inng\u00e5 med Russland, uten Nato og Ukraina til stede.<\/p>\n<p class=\"_paragraph_o9xde_4 _paragraph_xtcu6_10 layout-component text-serif-m layout-normal text-serif-m layout-padded\">Rutte fikk tirsdag sp\u00f8rsm\u00e5l om Nato har noen \u00abr\u00f8de linjer\u00bb i forhandlingene mellom USA og Russland. <\/p>\n<p class=\"_paragraph_o9xde_4 _paragraph_xtcu6_10 layout-component text-serif-m layout-normal text-serif-m layout-padded\"><strong class=\"_strong_o9xde_25\">\u2013 Alt som skal handle om Nato i avtalen, skal diskuteres i Nato, sa han. <\/strong><\/p>\n<p>USA kommer ikke <\/p>\n<p class=\"_paragraph_o9xde_4 _paragraph_xtcu6_10 layout-component text-serif-m layout-normal text-serif-m layout-padded\">USAs utenriksminister Marco Rubio har meldt avbud til Nato-m\u00f8tet onsdag. Han sender viseutenriksminister Christopher Landau i stedet. <\/p>\n<p class=\"_paragraph_o9xde_4 _paragraph_xtcu6_10 layout-component text-serif-m layout-normal text-serif-m layout-padded\">Rutte avviste blant at USA med dette nedprioriterer Nato:<\/p>\n<p class=\"_paragraph_o9xde_4 _paragraph_xtcu6_10 layout-component text-serif-m layout-normal text-serif-m layout-padded\">\u2013 Rubio jobber ekstremt hardt for \u00e5 h\u00e5ndtere situasjonen i Ukraina. Jeg aksepterer fullstendig at han ikke er i stand til \u00e5 komme hit, sa Natos generalsekret\u00e6r.<\/p>\n<p class=\"_paragraph_o9xde_4 _paragraph_xtcu6_10 layout-component text-serif-m layout-normal text-serif-m layout-padded\">I forkant av m\u00f8te mellom Putin og USAs utsending tirsdag ble dette intervjuet delt:<\/p>\n<p>       <img decoding=\"async\" alt=\"Tips oss illustrasjon\" src=\"https:\/\/www.europesays.com\/no\/wp-content\/uploads\/2025\/10\/pssst-small.webp.webp\"\/>    <\/p>\n<p class=\"title-serif-s\">Har du tips?<\/p>\n<p class=\"text-sans-m\">Send oss informasjon, bilder eller video.<\/p>\n<p>  <a href=\"https:\/\/www.vg.no\/tips-oss\" rel=\"nofollow noopener\" target=\"_blank\"> Tips oss <\/a>      <\/p>\n","protected":false},"excerpt":{"rendered":"Viljen blant Nato-landene til \u00e5 st\u00f8tte Ukraina milit\u00e6rt synker. Nato-sjef Mark Rutte sier at han \u00abm\u00e5 sende rundt&hellip;\n","protected":false},"author":2,"featured_media":102517,"comment_status":"","ping_status":"","sticky":false,"template":"","format":"standard","meta":{"footnotes":""},"categories":[12],"tags":[20,21,24,25,15,179,22,23,2374,233,13,30,28,29,14,16,26,27,50,42,205,43,44,45],"class_list":{"0":"post-102516","1":"post","2":"type-post","3":"status-publish","4":"format-standard","5":"has-post-thumbnail","7":"category-verden","8":"tag-breaking-news","9":"tag-breakingnews","10":"tag-featured-news","11":"tag-featurednews","12":"tag-headlines","13":"tag-krigen-i-ukraina","14":"tag-latest-news","15":"tag-latestnews","16":"tag-mark-rutte","17":"tag-nato","18":"tag-news","19":"tag-no","20":"tag-norge","21":"tag-norway","22":"tag-nyheter","23":"tag-overskrifter","24":"tag-top-stories","25":"tag-topstories","26":"tag-usa","27":"tag-verden","28":"tag-vgsamfunn","29":"tag-world","30":"tag-world-news","31":"tag-worldnews"},"share_on_mastodon":{"url":"https:\/\/pubeurope.com\/@no\/115651569904914280","error":""},"_links":{"self":[{"href":"https:\/\/www.europesays.com\/no\/wp-json\/wp\/v2\/posts\/102516","targetHints":{"allow":["GET"]}}],"collection":[{"href":"https:\/\/www.europesays.com\/no\/wp-json\/wp\/v2\/posts"}],"about":[{"href":"https:\/\/www.europesays.com\/no\/wp-json\/wp\/v2\/types\/post"}],"author":[{"embeddable":true,"href":"https:\/\/www.europesays.com\/no\/wp-json\/wp\/v2\/users\/2"}],"replies":[{"embeddable":true,"href":"https:\/\/www.europesays.com\/no\/wp-json\/wp\/v2\/comments?post=102516"}],"version-history":[{"count":0,"href":"https:\/\/www.europesays.com\/no\/wp-json\/wp\/v2\/posts\/102516\/revisions"}],"wp:featuredmedia":[{"embeddable":true,"href":"https:\/\/www.europesays.com\/no\/wp-json\/wp\/v2\/media\/102517"}],"wp:attachment":[{"href":"https:\/\/www.europesays.com\/no\/wp-json\/wp\/v2\/media?parent=102516"}],"wp:term":[{"taxonomy":"category","embeddable":true,"href":"https:\/\/www.europesays.com\/no\/wp-json\/wp\/v2\/categories?post=102516"},{"taxonomy":"post_tag","embeddable":true,"href":"https:\/\/www.europesays.com\/no\/wp-json\/wp\/v2\/tags?post=102516"}],"curies":[{"name":"wp","href":"https:\/\/api.w.org\/{rel}","templated":true}]}}