{"id":102518,"date":"2025-12-02T19:14:16","date_gmt":"2025-12-02T19:14:16","guid":{"rendered":"https:\/\/www.europesays.com\/no\/102518\/"},"modified":"2025-12-02T19:14:16","modified_gmt":"2025-12-02T19:14:16","slug":"norske-barn-har-stabilisert-den-farlige-okningen-av-overvekt-og-fedme","status":"publish","type":"post","link":"https:\/\/www.europesays.com\/no\/102518\/","title":{"rendered":"Norske barn har stabilisert den farlige \u00f8kningen av overvekt og fedme"},"content":{"rendered":"\n<p class=\"_lead_o9xde_2 _lead_xtcu6_50 layout-component text-serif-m layout-normal text-serif-l layout-component layout-wide layout-padded _wide_17hqh_1 layout-padded\">Norske barn har stabilisert den farlige \u00f8kningen i overvekt og fedme. \u2013 Supergledelig, mener Folkehelseinstituttet.<\/p>\n<p><img alt=\"UT P\u00c5 TUR: Barn i Norge mellom syv og 14 \u00e5r er mindre overvektige enn sine danske, islandske og finske jevnaldrende. ILLUSTRASJONSFOTO: Getty Images\" class=\"_image_qp4xg_65 layout-component layout-wide\" data-fullscreen- data-track-element-type=\"Article image fullscreen\" data-track-name=\"ImageFullscreen\" fetchpriority=\"high\" decoding=\"sync\" loading=\"eager\" height=\"1414\" itemprop=\"image\"  src=\"https:\/\/www.europesays.com\/no\/wp-content\/uploads\/2025\/12\/28d1c704-f95a-4c62-a397-2485a6e313a6\"  style=\"object-position:0% 0%\" width=\"2121\"\/>UT P\u00c5 TUR: Barn i Norge mellom syv og 14 \u00e5r er mindre overvektige enn sine danske, islandske og finske jevnaldrende. ILLUSTRASJONSFOTO: Getty Images<\/p>\n<ul aria-hidden=\"true\" class=\"_images_1uft6_111\">\n<li><a class=\"_link_1uft6_116\" href=\"https:\/\/www.vg.no\/forfatter\/karin-muri\" style=\"z-index:1\" title=\"Karin Muri\" rel=\"nofollow noopener\" target=\"_blank\"><img alt=\"Bilde av Karin Muri\" class=\"_image_1uft6_93\" fetchpriority=\"low\" loading=\"lazy\" decoding=\"async\" itemprop=\"image\"  src=\"https:\/\/www.europesays.com\/no\/wp-content\/uploads\/2025\/12\/951f4a7a-8210-45cc-98c5-c3e53bba6bd9\"  width=\"480\"\/><\/a><\/li>\n<\/ul>\n<p> Oppdatert tirsdag 2. desember kl. 16:48    <\/p>\n<ul class=\"_list_o9xde_3 _list_64s2r_85 _unordered_o9xde_106 text-sans-m\">\n<li class=\"_item_o9xde_30\">Norske barn har stabilisert \u00f8kningen i overvekt og fedme. FHI gleder seg over dette.<\/li>\n<li class=\"_item_o9xde_30\">I Norge forblir tallet stabilt for overvektige barn fra 2014 til 2024, mens tilfellene av fedme blant barn har g\u00e5tt litt ned.<\/li>\n<li class=\"_item_o9xde_30\">Nordisk Ministerr\u00e5ds rapport viser at over halvparten av voksne i Norden er overvektige.<\/li>\n<\/ul>\n<p>Vis mer <\/p>\n<p class=\"_paragraph_o9xde_4 _paragraph_xtcu6_10 layout-component text-serif-m layout-normal text-serif-m layout-padded\">Tirsdag kom den nedsl\u00e5ende rapporten fra Nordisk Ministerr\u00e5d som viser at vi har blitt et stillesittende og overvektig folkeslag. Vi bruker stadig mer tid p\u00e5 skjerm, samtidig som vi propper i oss altfor mye usunn mat.<\/p>\n<p class=\"_paragraph_o9xde_4 _paragraph_xtcu6_10 layout-component text-serif-m layout-normal text-serif-m layout-padded\">\u2013 Den nyeste utgaven av NORMO NORMO Det nordiske monitoreringssystem (NORMO) er en unders\u00f8kelse av kost, alkohol, fysisk aktivitet, overvekt og bruk av tobakks- og nikotinprodukter blant voksne fra 18-65 \u00e5r og barn fra 7-12 \u00e5r i Danmark, Finland, Island, Norge og Sverige.er dessverre tung lesning. Men jeg har valgt \u00e5 se den som en oppfordring til handling \u2013 til \u00e5 styrke arbeidet v\u00e5rt ytterligere for \u00e5 fremme en mer b\u00e6rekraftig mat- og helsesituasjon i <a href=\"https:\/\/www.vg.no\/tag\/norden?utm_source=vg-article&amp;utm_medium=auto-tagger&amp;utm_campaign=XMlr37\" class=\"_link_o9xde_39\" rel=\"nofollow noopener\" target=\"_blank\">Norden<\/a>, sier Karen Ellemann, generalsekret\u00e6r i Nordisk ministerr\u00e5d.Nordisk ministerr\u00e5d.En samarbeidsorganisasjon for de nordiske landene som jobber med politiske sp\u00f8rsm\u00e5l av felles interesse.<\/p>\n<p><img decoding=\"async\" alt=\"Bilde av Karen Ellemann\" class=\"_image_ygndg_42\" height=\"27\" itemprop=\"image\" loading=\"lazy\"  src=\"https:\/\/www.europesays.com\/no\/wp-content\/uploads\/2025\/12\/25b6ab7c-d948-4361-9315-a7cc380dde2a\"  width=\"40\"\/><strong class=\"_name_ygndg_51 title-serif-xs\">Karen Ellemann<\/strong><\/p>\n<p class=\"_paragraph_o9xde_4 text-sans-m _description_ygndg_56\">Generalsekret\u00e6r Nordisk ministerr\u00e5d<\/p>\n<ul class=\"_list_o9xde_3 _list_xtcu6_9 _unordered_o9xde_106 layout-component text-serif-m layout-normal text-serif-m layout-padded\">\n<li class=\"_item_o9xde_30\">Over halvparten av alle voksne i Norden er n\u00e5 overvektige (BMIBMIBody Mass Index, en m\u00e5leenhet som brukes for \u00e5 vurdere om en person har en sunn kroppsvekt i forhold til h\u00f8yden. 25\u201330).<\/li>\n<li class=\"_item_o9xde_30\">En av fem voksne har fedme (BMI over 30).<\/li>\n<li class=\"_item_o9xde_30\">Ett av fem barn i Norge, Sverige, Danmark, Finland og Island har overvekt. <\/li>\n<li class=\"_item_o9xde_30\">Rundt fire prosent av barna lider av fedme.<\/li>\n<\/ul>\n<p class=\"_paragraph_o9xde_4 _paragraph_xtcu6_10 layout-component text-serif-m layout-normal text-serif-m layout-padded\"><strong class=\"_strong_o9xde_25\">Men det finnes lyspunkter. Og de finner vi her i Norge blant barna v\u00e5re.<\/strong><\/p>\n<p class=\"_paragraph_o9xde_4 _paragraph_xtcu6_10 layout-component text-serif-m layout-normal text-serif-m layout-padded\">Den nordiske unders\u00f8kelsen om kost, alkohol, fysisk aktivitet, overvekt og bruk av tobakks- og nikotinprodukter er den tredje i sitt slag, og den siste viser utvikling og forskjeller fra ti \u00e5r tilbake i tid, mellom 2014 og 2024.<\/p>\n<p class=\"_paragraph_o9xde_4 _paragraph_xtcu6_10 layout-component text-serif-m layout-normal text-serif-m layout-padded\"><strong class=\"_strong_o9xde_25\">Det positive er at utviklingen av overvekt blant norske barn mellom syv og 14 \u00e5r ikke har hatt den samme dramatiske \u00f8kningen som i v\u00e5re nordiske naboland:<\/strong><\/p>\n<p><img alt=\"Foto: ELENA BESSONOVA \/ Getty Images\" class=\"_image_qp4xg_65 layout-component layout-normal\" data-fullscreen- data-track-element-type=\"Article image fullscreen\" data-track-name=\"ImageFullscreen\" decoding=\"async\" loading=\"lazy\" height=\"1414\" itemprop=\"image\"  src=\"https:\/\/www.europesays.com\/no\/wp-content\/uploads\/2025\/12\/d479770b-6105-493a-ab14-a9f3ecbd8b2d\"  style=\"object-position:0% 0%\" width=\"2121\"\/>Foto: ELENA BESSONOVA \/ Getty Images<\/p>\n<ul class=\"_list_o9xde_3 _list_xtcu6_9 _unordered_o9xde_106 layout-component text-serif-m layout-normal text-serif-m layout-padded\">\n<li class=\"_item_o9xde_30\">16 prosent av norske barn hadde moderat og alvorlig overvekt i 2014. Tallet var det samme i 2024, 16 prosent. Ingen \u00f8kning.<\/li>\n<li class=\"_item_o9xde_30\">2,4 prosent av norske barn hadde fedme i 2014. Ti \u00e5r senere hadde 1,9 prosent av norske barn fedme. En liten nedgang.<\/li>\n<\/ul>\n<p class=\"_paragraph_o9xde_4 _paragraph_xtcu6_10 layout-component text-serif-m layout-normal text-serif-m layout-padded\">Til sammenligning hadde 11,4 prosent danske barn overvekt i 2014. Ti \u00e5r senere er tallet nesten doblet; 20,1 prosent. Antall barn med fedme var \u00f8kt fra 3,9 prosent til 5,5 prosent.<\/p>\n<p class=\"_paragraph_o9xde_4 _paragraph_xtcu6_10 layout-component text-serif-m layout-normal text-serif-m layout-padded\">P\u00e5 Island er andelen overvektige barn h\u00f8yest. Den har \u00f8kt fra 19 prosent i 2014 til 25,9 prosent i 2024. 6,4 prosent av de islandske barna har fedme. <\/p>\n<p class=\"_paragraph_o9xde_4 _paragraph_xtcu6_10 layout-component text-serif-m layout-normal text-serif-m layout-padded\">Best i den nordiske klassen er de svenske barna. Tallet p\u00e5 overvektige barn var i 2014 16,2 prosent. Ti \u00e5r senere viser en liten nedgang til 15,4 prosent.<\/p>\n<p class=\"_paragraph_o9xde_4 _paragraph_xtcu6_10 layout-component text-serif-m layout-normal text-serif-m layout-padded\">\u2013 Det er veldig positivt at det ikke er noen \u00f8kning i andel med overvekt og at barn med fedme ser ut til \u00e5 g\u00e5 ned i Norge. Dette er stort sett i tr\u00e5d med Barnevekst-studien hvor andelen med fedme og overvekt i alderen 7- \u00e5ringer har v\u00e6rt relativt stabile i Norge siden 2012, sier Nina Cecilie \u00d8verby.<\/p>\n<p><img decoding=\"async\" alt=\"Bilde av Nina Cecilie \u00d8verby\" class=\"_image_ygndg_42\" height=\"24\" itemprop=\"image\" loading=\"lazy\"  src=\"https:\/\/www.europesays.com\/no\/wp-content\/uploads\/2025\/12\/6910996e-bedf-4fde-af31-aae5f059fbcc\"  width=\"40\"\/><strong class=\"_name_ygndg_51 title-serif-xs\">Nina Cecilie \u00d8verby<\/strong><\/p>\n<p class=\"_paragraph_o9xde_4 text-sans-m _description_ygndg_56\">Professor, UiA<\/p>\n<p class=\"_paragraph_o9xde_4 _paragraph_xtcu6_10 layout-component text-serif-m layout-normal text-serif-m layout-padded\">Hun er professor i samfunnsern\u00e6ringsamfunnsern\u00e6ringEt fagomr\u00e5de som fokuserer p\u00e5 hvordan kosthold og ern\u00e6ring p\u00e5virker helsen til befolkningen som helhet. og ern\u00e6ringsepidemiologiern\u00e6ringsepidemiologiStudiet av hvordan kosthold og ern\u00e6ring p\u00e5virker forekomsten og fordelingen av sykdommer i befolkningen. ved Institutt for ern\u00e6ring og folkehelse ved Universitetet i Agder. <\/p>\n<p class=\"_paragraph_o9xde_4 _paragraph_xtcu6_10 layout-component text-serif-m layout-normal text-serif-m layout-padded\"><strong class=\"_strong_o9xde_25\">\u2013 Tallene fra Island og Danmark er b\u00e5de overraskende og urovekkende, sier hun.<\/strong><\/p>\n<p class=\"_paragraph_o9xde_4 _paragraph_xtcu6_10 layout-component text-serif-m layout-normal text-serif-m layout-padded\">\u2013 Hva kan v\u00e6re \u00e5rsaken til at Norge har klart \u00e5 stabilisere tallene p\u00e5 overvekt\/alvorlig overvekt og opplever en nedgang i antall barn med fedme?<\/p>\n<p class=\"_paragraph_o9xde_4 _paragraph_xtcu6_10 layout-component text-serif-m layout-normal text-serif-m layout-padded\">\u2013 Overvekt og fedme har sammensatte \u00e5rsaker, og det er vanskelig \u00e5 skulle peke p\u00e5 helt spesifikke ting som er grunnen til dette. Hvis man leter etter \u00e5rsaker, s\u00e5 m\u00e5 man kanskje se tilbake p\u00e5 utviklingstrekk i samfunnet helt tilbake til disse barna l\u00e5 i mors liv. I Norge har vi i denne perioden hatt en tydelig folkehelselov som kommunene er forpliktet p\u00e5, tydelig folkehelsepolitikk og har retningslinjer for kosthold i barnehager og skoler.<\/p>\n<p class=\"_paragraph_o9xde_4 _paragraph_xtcu6_10 layout-component text-serif-m layout-normal text-serif-m layout-padded\">\u2013 NORMO-rapporten viser at kvaliteten p\u00e5 kostholdet har falt siden 2014. Lavere inntak av plantebasert mat og mer usunn mat. Inntak av frukt, gr\u00f8nt og fisk er fortsatt under anbefalte niv\u00e5er. Du har forsket p\u00e5 barns matvaner. Hva er din st\u00f8rste bekymring?<\/p>\n<p class=\"_paragraph_o9xde_4 _paragraph_xtcu6_10 layout-component text-serif-m layout-normal text-serif-m layout-padded\">\u2013 Det er ekstra viktig hva barn og unge spiser med tanke p\u00e5 at de er i rask vekst og utvikling. Et variert kosthold med grove kornprodukter, melk, frukt og gr\u00f8nnsaker er viktig for n\u00e5v\u00e6rende og fremtidig helse. Det er uheldig at det er en nedgang i frukt og gr\u00f8nnsaker i de nordiske landene, og at det er en \u00f8kning i usunn mat. Det kan virke som om Danmark har en tydelig \u00f8kning i godteri og snacks i den aldersgruppen, noe som kan forklare noe av forskjellen mellom landene n\u00e5r det gjelder overvektsutviklingen. <\/p>\n<p><img alt=\"Foto: Getty Images\/iStockphoto\" class=\"_image_qp4xg_65 layout-component layout-normal\" data-fullscreen- data-track-element-type=\"Article image fullscreen\" data-track-name=\"ImageFullscreen\" decoding=\"async\" loading=\"lazy\" height=\"1414\" itemprop=\"image\"  src=\"https:\/\/www.europesays.com\/no\/wp-content\/uploads\/2025\/12\/9bbe595b-4b61-454a-a721-3b560e1f24eb\"  style=\"object-position:0% 0%\" width=\"2121\"\/>Foto: Getty Images\/iStockphotoHvorfor blir barn overvektige?<\/p>\n<p class=\"_paragraph_o9xde_4 _paragraph_xtcu6_10 _paragraph_16v91_10 layout-component text-serif-m layout-normal text-sans-m layout-padded\">\u00c5rsakene til at barn blir overvektige, er vanligvis de samme som skaper overvekt hos voksne. Et overvektig barn f\u00e5r i seg mer kalorier (mat) enn kroppen forbrenner. Kalorier som ikke brukes som energi, lagres som fett.<\/p>\n<p class=\"_paragraph_o9xde_4 _paragraph_xtcu6_10 _paragraph_16v91_10 layout-component text-serif-m layout-normal text-sans-m layout-padded\">Det er mange faktorer som p\u00e5virker utvikling av overvekt, blant annet:<\/p>\n<ul class=\"_list_o9xde_3 _list_xtcu6_9 _list_16v91_9 _unordered_o9xde_106 layout-component text-serif-m layout-normal text-sans-m layout-padded\">\n<li class=\"_item_o9xde_30\">Hvor mye barnet spiser<\/li>\n<li class=\"_item_o9xde_30\">Hva slags mat barnet spiser<\/li>\n<li class=\"_item_o9xde_30\">Trening\/aktivitetsniv\u00e5<\/li>\n<\/ul>\n<p class=\"_paragraph_o9xde_4 _paragraph_xtcu6_10 _paragraph_16v91_10 layout-component text-serif-m layout-normal text-sans-m layout-padded\">Barnets gener kan ogs\u00e5 spille en rolle n\u00e5r det gjelder hva slags forbrenning og appetitt barnet har, men uavhengig av gener er det viktig \u00e5 hjelpe barnet til \u00e5 spise sunt og v\u00e6re aktiv.<\/p>\n<p class=\"_paragraph_o9xde_4 _paragraph_xtcu6_10 _paragraph_16v91_10 layout-component text-serif-m layout-normal text-sans-m layout-padded\">Kilde: Helsenorge<\/p>\n<p>Vis mer<\/p>\n<p class=\"_paragraph_o9xde_4 _paragraph_xtcu6_10 layout-component text-serif-m layout-normal text-serif-m layout-padded\">\u2013 Det er supergledelig, dersom det er hold i disse tallene, sier Hanne Nissen Bj\u00f8rnsen, avdelingsdirekt\u00f8r for nasjonalt kompetansemilj\u00f8 for helsestasjons- og skolehelsetjenesten i Folkehelseinstituttet (FHI). <\/p>\n<p><img decoding=\"async\" alt=\"Bilde av Hanne Nissen Bj\u00f8rnsen\" class=\"_image_ygndg_42\" height=\"40\" itemprop=\"image\" loading=\"lazy\"  src=\"https:\/\/www.europesays.com\/no\/wp-content\/uploads\/2025\/12\/e52a45e1-08dc-4d02-9e40-608b95b0652c\"  width=\"40\"\/><strong class=\"_name_ygndg_51 title-serif-xs\">Hanne Nissen Bj\u00f8rnsen<\/strong><\/p>\n<p class=\"_paragraph_o9xde_4 text-sans-m _description_ygndg_56\">Avdelingsdirekt\u00f8r i FHI<\/p>\n<p class=\"_paragraph_o9xde_4 _paragraph_xtcu6_10 layout-component text-serif-m layout-normal text-serif-m layout-padded\">\u2013 Jeg mener at det er avgj\u00f8rende at vi i Norge har en universell helsefremmende og forebyggende tjeneste med skyh\u00f8y oppslutning i befolkningen. En helsetjeneste som n\u00e5r n\u00e6r hundre prosent av barn og unge med fokus p\u00e5 \u00e5 fremme god helse og forebygge uhelse som for eksempel overvekt og fedme, sier hun.<\/p>\n<p class=\"_paragraph_o9xde_4 _paragraph_xtcu6_10 layout-component text-serif-m layout-normal text-serif-m layout-padded\">Deltagerne i den nordiske monitorerings-unders\u00f8kelsen ble trukket ut gjennom nasjonale befolkningsregistre og svarprosenten var lav. 19 prosent blant de voksne og 20 prosent blant barn. <\/p>\n<p class=\"_paragraph_o9xde_4 _paragraph_xtcu6_10 layout-component text-serif-m layout-normal text-serif-m layout-padded\">Barnas resultater var avhengig av foreldrenes svar.<\/p>\n<p class=\"_paragraph_o9xde_4 _paragraph_xtcu6_10 layout-component text-serif-m layout-normal text-serif-m layout-padded\">Forskerne gjorde ogs\u00e5 oppmerksom p\u00e5 at selvrapportert h\u00f8yde og vekt gj\u00f8r funnene usikre, fordi respondentene sannsynligvis undervurderer den faktiske forekomsten av overvekt. <\/p>\n<p>Hva kan overvekt hos barn f\u00f8re til?<\/p>\n<p class=\"_paragraph_o9xde_4 _paragraph_xtcu6_10 _paragraph_16v91_10 layout-component text-serif-m layout-normal text-sans-m layout-padded\">Mange overvektige barn forblir overvektige som voksne, men det finnes unntak.<\/p>\n<p class=\"_paragraph_o9xde_4 _paragraph_xtcu6_10 _paragraph_16v91_10 layout-component text-serif-m layout-normal text-sans-m layout-padded\">Studier viser at enkelte overvektige barn f\u00e5r tilleggsproblemer, blant annet:<\/p>\n<ul class=\"_list_o9xde_3 _list_xtcu6_9 _list_16v91_9 _unordered_o9xde_106 layout-component text-serif-m layout-normal text-sans-m layout-padded\">\n<li class=\"_item_o9xde_30\">astma<\/li>\n<li class=\"_item_o9xde_30\">h\u00f8yt blodtrykk<\/li>\n<li class=\"_item_o9xde_30\">h\u00f8yt kolesterol<\/li>\n<li class=\"_item_o9xde_30\">problemer med blodsukkerregulering (insulinresistens)<\/li>\n<\/ul>\n<p class=\"_paragraph_o9xde_4 _paragraph_xtcu6_10 _paragraph_16v91_10 layout-component text-serif-m layout-normal text-sans-m layout-padded\">Hvis et overvektig barn blir til en overvektig voksen, \u00f8ker det sjansene for:<\/p>\n<ul class=\"_list_o9xde_3 _list_xtcu6_9 _list_16v91_9 _unordered_o9xde_106 layout-component text-serif-m layout-normal text-sans-m layout-padded\">\n<li class=\"_item_o9xde_30\">h\u00f8yt blodtrykk<\/li>\n<li class=\"_item_o9xde_30\">hjerte- og karsykdom<\/li>\n<li class=\"_item_o9xde_30\">diabetes<\/li>\n<li class=\"_item_o9xde_30\">slitasjegikt<\/li>\n<li class=\"_item_o9xde_30\">noen typer kreft<\/li>\n<\/ul>\n<p class=\"_paragraph_o9xde_4 _paragraph_xtcu6_10 _paragraph_16v91_10 layout-component text-serif-m layout-normal text-sans-m layout-padded\">Barn som veier mer enn det som er sunt, har ofte d\u00e5rlig selvf\u00f8lelse. De kan ha problemer med \u00e5 f\u00e5 venner og kan bli ertet. Behandlingen b\u00f8r ogs\u00e5 ta hensyn til dette.<\/p>\n<p class=\"_paragraph_o9xde_4 _paragraph_xtcu6_10 _paragraph_16v91_10 layout-component text-serif-m layout-normal text-sans-m layout-padded\">Kilde: Helsenorge<\/p>\n<p>Vis mer    <\/p>\n","protected":false},"excerpt":{"rendered":"Norske barn har stabilisert den farlige \u00f8kningen i overvekt og fedme. \u2013 Supergledelig, mener Folkehelseinstituttet. UT P\u00c5 TUR:&hellip;\n","protected":false},"author":2,"featured_media":102519,"comment_status":"","ping_status":"","sticky":false,"template":"","format":"standard","meta":{"footnotes":""},"categories":[10],"tags":[1301,12966,20,21,24,25,15,22,23,13,30,5747,28,29,14,16,6585,26,27],"class_list":{"0":"post-102518","1":"post","2":"type-post","3":"status-publish","4":"format-standard","5":"has-post-thumbnail","7":"category-norge","8":"tag-barn","9":"tag-bmi","10":"tag-breaking-news","11":"tag-breakingnews","12":"tag-featured-news","13":"tag-featurednews","14":"tag-headlines","15":"tag-latest-news","16":"tag-latestnews","17":"tag-news","18":"tag-no","19":"tag-norden","20":"tag-norge","21":"tag-norway","22":"tag-nyheter","23":"tag-overskrifter","24":"tag-overvekt","25":"tag-top-stories","26":"tag-topstories"},"share_on_mastodon":{"url":"https:\/\/pubeurope.com\/@no\/115651573477325854","error":""},"_links":{"self":[{"href":"https:\/\/www.europesays.com\/no\/wp-json\/wp\/v2\/posts\/102518","targetHints":{"allow":["GET"]}}],"collection":[{"href":"https:\/\/www.europesays.com\/no\/wp-json\/wp\/v2\/posts"}],"about":[{"href":"https:\/\/www.europesays.com\/no\/wp-json\/wp\/v2\/types\/post"}],"author":[{"embeddable":true,"href":"https:\/\/www.europesays.com\/no\/wp-json\/wp\/v2\/users\/2"}],"replies":[{"embeddable":true,"href":"https:\/\/www.europesays.com\/no\/wp-json\/wp\/v2\/comments?post=102518"}],"version-history":[{"count":0,"href":"https:\/\/www.europesays.com\/no\/wp-json\/wp\/v2\/posts\/102518\/revisions"}],"wp:featuredmedia":[{"embeddable":true,"href":"https:\/\/www.europesays.com\/no\/wp-json\/wp\/v2\/media\/102519"}],"wp:attachment":[{"href":"https:\/\/www.europesays.com\/no\/wp-json\/wp\/v2\/media?parent=102518"}],"wp:term":[{"taxonomy":"category","embeddable":true,"href":"https:\/\/www.europesays.com\/no\/wp-json\/wp\/v2\/categories?post=102518"},{"taxonomy":"post_tag","embeddable":true,"href":"https:\/\/www.europesays.com\/no\/wp-json\/wp\/v2\/tags?post=102518"}],"curies":[{"name":"wp","href":"https:\/\/api.w.org\/{rel}","templated":true}]}}