{"id":102520,"date":"2025-12-02T19:16:12","date_gmt":"2025-12-02T19:16:12","guid":{"rendered":"https:\/\/www.europesays.com\/no\/102520\/"},"modified":"2025-12-02T19:16:12","modified_gmt":"2025-12-02T19:16:12","slug":"toft-i-dag-tidlig","status":"publish","type":"post","link":"https:\/\/www.europesays.com\/no\/102520\/","title":{"rendered":"&#8211; T\u00f8ft i dag tidlig"},"content":{"rendered":"<p class=\"kicker bg-gold color_mobile_bg-gold align-center mobile_text_align_align-center hasTextPadding mobile-hasTextPadding\" style=\"\">H\u00e5ndball-VM<\/p>\n<p>  Tirsdag morgen sa Nora M\u00f8rk (34) farvel: &#8211; Jeg st\u00e5r i det, men eksta trist var det.<\/p>\n<p>\n    REISTE VIDERE: Nora M\u00f8rk p\u00e5 pressetreff med h\u00e5ndballjentene utenfor spillerhotellet i Dortmund, her i prat med Dagbladet. Foto: Beate Oma Dahle \/ NTB\n  <\/p>\n<p class=\"bg-red color_mobile_bg-red align-center mobile_text_align_align-center font-weight-bold m-font-weight-bold\" data-lab-text_background_color=\"bg-red\" data-lab-text_align=\"center\" data-lab-font_weight=\"font-weight-bold\">Norge &#8211; Sverige onsdag kl. 20.30<\/p>\n<p>DORTMUND (Dagbladet): Til gruppespillet i Trier hadde Nora M\u00f8rk med datteren Thyra (seks m\u00e5neder) og moren Tirill.\u00a0<\/p>\n<p>Tirsdag reiste de hjem, <a href=\"https:\/\/www.dagbladet.no\/sport\/de-drar-hjem\/83901900\" rel=\"nofollow noopener\" target=\"_blank\">slik som Dagbladet omtalte forrige uke<\/a>.<\/p>\n<p>&#8211; Det var t\u00f8ft i dag tidlig, men det er frivillig, og mitt valg. Jeg st\u00e5r i det, men litt ekstra trist var det, erkjenner hun til Dagbladet.\u00a0<\/p>\n<p>    <a itemprop=\"url\" href=\"https:\/\/www.dagbladet.no\/sport\/jeg-ble-redd\/83924403\" rel=\"nofollow noopener\" target=\"_blank\"><\/p>\n<p>      <img loading=\"lazy\" decoding=\"async\" src=\"https:\/\/www.europesays.com\/no\/wp-content\/uploads\/2025\/12\/1764702970_149_83924800.webp\" width=\"980\" height=\"441\" title=\"Norge slo alarm\" alt=\"\" class=\"lazyload\" style=\"--aspect-ratio-image: 2.22; \"\/><\/p>\n<p>        Norge slo alarm<\/p>\n<p>    <\/a><\/p>\n<p>H\u00e5ndballjentene dro tirsdag videre fra Trier til Dortmund i buss.\u00a0<\/p>\n<p class=\"italic m-italic\" data-lab-italic=\"italic\">&#8211; Rekker du \u00e5 kjenne p\u00e5 det p\u00e5 den turen?<\/p>\n<p>&#8211;\u00a0Ja, men ogs\u00e5 fint \u00e5 f\u00e5 den turen. Jeg fikk sovet og samlet meg litt. Det hjalp, sier M\u00f8rk.\u00a0<\/p>\n<p>Datteren skal n\u00e5 hjem til pappa Jerry Tollbring, svensk landslagsspiller i h\u00e5ndball, som spiller for herrelaget i Esbjerg.<\/p>\n<p>        H\u00c5NDBALL-VM: Norge har valset gjennom sine f\u00f8rste kamper i h\u00e5ndball-VM, da m\u00e5 det v\u00e6re lov med litt tull etter kamp. Video: Myhrvold Simensen\/Skingen(Dagbladet<\/p>\n<p>&#8211; Hun har jo en far som ogs\u00e5 vil se henne &#8211; s\u00e5 vi m\u00e5 dele litt p\u00e5, har M\u00f8rk p\u00e5pekt.<\/p>\n<p>Hun passer ogs\u00e5 p\u00e5 \u00e5 rose forbundet for hvordan de har lagt til rette for at hun har kunne ha datteren med p\u00e5 mesterskap. Men n\u00e5 retter hun fokuset mot Sverige onsdag kveld.<\/p>\n<p>    <a itemprop=\"url\" href=\"https:\/\/www.dagbladet.no\/sport\/et-traume\/83920202\" rel=\"nofollow noopener\" target=\"_blank\"><\/p>\n<p>      <img loading=\"lazy\" decoding=\"async\" src=\"https:\/\/www.europesays.com\/no\/wp-content\/uploads\/2025\/12\/1764702971_397_83920256.webp\" width=\"980\" height=\"441\" title=\"- Et traume\" alt=\"\" class=\"lazyload\" style=\"--aspect-ratio-image: 2.22; \"\/><\/p>\n<p>        &#8211; Et traume<\/p>\n<p>    <\/a><\/p>\n<p>Et svensk lag i krise etter at de tapte for Brasil mandag kveld.<\/p>\n<p>&#8211;\u00a0Sverige er i en situasjon hvor mange forventer mye av dem. Havnet under pallen mange ganger, har h\u00f8ye krav, men de toppnasjonene de har sl\u00e5ss med har de blitt vippet av pinnen av. De har en bra tropp, men det svinger en del. P\u00e5 en god dag kan de sl\u00e5 alle, det er vi klar over, understreker M\u00f8rk.\u00a0<\/p>\n<p>Hun sto over EM i fjor p\u00e5 grunn av graviditet, men var med i OL noen m\u00e5neder f\u00f8r. Da vant Sverige \u00e5pningskampen mot Norge. Det er faktisk sist h\u00e5ndballjentene tapte en mesterskapskamp.<\/p>\n<p>    <a itemprop=\"url\" href=\"https:\/\/www.dagbladet.no\/sport\/ble-sendt-hjem\/83912792\" rel=\"nofollow noopener\" target=\"_blank\"><\/p>\n<p>      <img loading=\"lazy\" decoding=\"async\" src=\"https:\/\/www.europesays.com\/no\/wp-content\/uploads\/2025\/12\/1764702972_841_83912968.webp\" width=\"980\" height=\"441\" title=\"Ble sendt hjem\" alt=\"\" class=\"lazyload\" style=\"--aspect-ratio-image: 2.22; \"\/><\/p>\n<p>        Ble sendt hjem<\/p>\n<p>    <\/a><\/p>\n<p>&#8211;\u00a0Det husker jeg som en ganske nerv\u00f8s kamp med utrolig mange brente skudd fra v\u00e5r side. Sverige med fantastisk m\u00e5lvaktspill, de traff fra distanse og spilte sju mot seks. Ingen avgj\u00f8rende kamp, men vi l\u00e6rte mye av det, forteller hun.<\/p>\n<p>Norge har med seg fire poeng og full pott inn i mellomrunden. Med seier over Sverige har h\u00e5ndballjentene allerede en fot i kvartfinalen &#8211; f\u00f8r de siste to kampene er spilt.<\/p>\n","protected":false},"excerpt":{"rendered":"H\u00e5ndball-VM Tirsdag morgen sa Nora M\u00f8rk (34) farvel: &#8211; Jeg st\u00e5r i det, men eksta trist var det.&hellip;\n","protected":false},"author":2,"featured_media":102521,"comment_status":"","ping_status":"","sticky":false,"template":"","format":"standard","meta":{"footnotes":""},"categories":[59],"tags":[105,9443,30,1529,28,29,83,82],"class_list":{"0":"post-102520","1":"post","2":"type-post","3":"status-publish","4":"format-standard","5":"has-post-thumbnail","7":"category-sport","8":"tag-handball","9":"tag-handball-vm","10":"tag-no","11":"tag-nora-mork","12":"tag-norge","13":"tag-norway","14":"tag-sport","15":"tag-sports"},"share_on_mastodon":{"url":"https:\/\/pubeurope.com\/@no\/115651581475778983","error":""},"_links":{"self":[{"href":"https:\/\/www.europesays.com\/no\/wp-json\/wp\/v2\/posts\/102520","targetHints":{"allow":["GET"]}}],"collection":[{"href":"https:\/\/www.europesays.com\/no\/wp-json\/wp\/v2\/posts"}],"about":[{"href":"https:\/\/www.europesays.com\/no\/wp-json\/wp\/v2\/types\/post"}],"author":[{"embeddable":true,"href":"https:\/\/www.europesays.com\/no\/wp-json\/wp\/v2\/users\/2"}],"replies":[{"embeddable":true,"href":"https:\/\/www.europesays.com\/no\/wp-json\/wp\/v2\/comments?post=102520"}],"version-history":[{"count":0,"href":"https:\/\/www.europesays.com\/no\/wp-json\/wp\/v2\/posts\/102520\/revisions"}],"wp:featuredmedia":[{"embeddable":true,"href":"https:\/\/www.europesays.com\/no\/wp-json\/wp\/v2\/media\/102521"}],"wp:attachment":[{"href":"https:\/\/www.europesays.com\/no\/wp-json\/wp\/v2\/media?parent=102520"}],"wp:term":[{"taxonomy":"category","embeddable":true,"href":"https:\/\/www.europesays.com\/no\/wp-json\/wp\/v2\/categories?post=102520"},{"taxonomy":"post_tag","embeddable":true,"href":"https:\/\/www.europesays.com\/no\/wp-json\/wp\/v2\/tags?post=102520"}],"curies":[{"name":"wp","href":"https:\/\/api.w.org\/{rel}","templated":true}]}}