{"id":102526,"date":"2025-12-02T19:20:12","date_gmt":"2025-12-02T19:20:12","guid":{"rendered":"https:\/\/www.europesays.com\/no\/102526\/"},"modified":"2025-12-02T19:20:12","modified_gmt":"2025-12-02T19:20:12","slug":"donald-trump-pave-leo-xiv","status":"publish","type":"post","link":"https:\/\/www.europesays.com\/no\/102526\/","title":{"rendered":"Donald Trump, Pave Leo XIV"},"content":{"rendered":"\n<p>Trump har trappet opp presset mot Venezuelas president Nicol\u00e1s Maduro med en massiv utplassering av marinefart\u00f8y i Karibhavet, deriblant et hangarskip, og angrep p\u00e5 b\u00e5ter som anklages for narkotikasmugling.<\/p>\n<p>USAs president har blant annet sagt at han vil stenge luftrommet over landet.<\/p>\n<p>N\u00e5 mottar Maduro st\u00f8tte den f\u00f8rste amerikanske paven, Leo, if\u00f8lge <a href=\"https:\/\/news.sky.com\/story\/pope-leo-urges-donald-trump-not-to-try-to-oust-venezuelan-president-by-force-13478264\" rel=\"Follow nofollow noopener\" target=\"_blank\">Sky News.<\/a><\/p>\n<p>Han oppfordrer Trump til ikke \u00e5 fors\u00f8ke \u00e5 avsette Maduro ved hjelp av milit\u00e6r makt, men hellet fors\u00f8ke dialog eller legge \u00f8konomisk press p\u00e5 Venezuela.<\/p>\n<p>   <img decoding=\"async\" width=\"2828\" height=\"1885\" fetchpriority=\"low\"  loading=\"lazy\"  src=\"https:\/\/www.europesays.com\/no\/wp-content\/uploads\/2025\/12\/cueres_scp-mangler_navn_OYgPIV51Q6U.jpg\" alt=\"Pope Leo XIV speaks to journalists aboard a flight to Rome at the end of his apostolic journey to Turkey and Lebanon, on December 2, 2025. (Photo by Alessandro DI MEO \/ POOL \/ AFP)\" class=\"brick-c-cFOWSL\" style=\"--brick-image-ratio: 2828 \/ 1885;\"\/><\/p>\n<p>      KLAR MELDING: Pave Leo ber Donald Trump \u00e5 endre retning.<br \/>\n      Foto: ALESSANDRO DI MEO (AFP \/ NTB)\n    <\/p>\n<p><b>Les ogs\u00e5: <a href=\"https:\/\/www.nettavisen.no\/nyheter\/norske-oliver-23-rivedal-savnet-i-polen-antatt-druknet\/s\/5-95-2758838\" rel=\"Follow nofollow noopener\" target=\"_blank\">Norske Oliver (23) savnet i Polen: Antatt druknet<\/a><\/b><\/p>\n<p>Trump-administrasjonen har vurdert ulike scenarioer for \u00e5 h\u00e5ndtere det Washington mener er Maduros rolle i narkotikasmugling til USA.<\/p>\n<p>Paven mener at Washington burde se etter andre m\u00e5ter \u00e5 oppn\u00e5 endring p\u00e5.<\/p>\n<p>Uttalelsene kom mens Paven fl\u00f8y hjem fra et bes\u00f8k i Tyrkia og Libanon, som var hans f\u00f8rste utenlandstur i sin nye rolle.<\/p>\n<p>USA anklager Maduro for \u00e5 lede det de kaller \u00abSol-kartellet\u00bb. Venezuela har avvist p\u00e5standene. Flere eksperter mener at det Washington kaller \u00abSol-kartellet\u00bb, i realiteten er en henvisning til korrupsjon og kontakter mellom kriminelle gjenger og h\u00f8ytst\u00e5ende tjenestemenn i Venezuela.<\/p>\n<p>Maduros tale mandag fant sted samme dag som Trump m\u00f8tte sine \u00f8verste sikkerhetsr\u00e5dgivere for \u00e5 diskutere Venezuela.<\/p>\n<p>S\u00f8ndag bekreftet Trump at han nylig har hatt en telefonsamtale med Maduro, men ville ikke fortelle hva som ble sagt. Maduro har ikke kommentert samtalen.<\/p>\n<p>    Vil du se neste video?<\/p>\n<p>    <a href=\"https:\/\/www.nettavisen.no\/fredrik-solvang\/jonas-gahr-store\/debatten\/fredrik-solvang-himler-av-jonas-gahr-store-men-i-alle\/v\/5-95-2751917\" class=\"recommend-poster\" data-adp-clicklabel=\"video-recommend\" data-adp-clickvalue=\"poster\" rel=\"nofollow noopener\" target=\"_blank\"><br \/>\n      <img decoding=\"async\" width=\"200\" height=\"200\" loading=\"lazy\" src=\"https:\/\/www.europesays.com\/no\/wp-content\/uploads\/2025\/11\/Solvang+bredde.jpg\" alt=\"\" class=\"brick-c-cFOWSL\" style=\"--brick-image-ratio: 200 \/ 200;\"\/><\/p>\n<p>Himler av St\u00f8re: \u2013 Men i alle\u20261:06<\/p>\n<p>    <\/a><\/p>\n","protected":false},"excerpt":{"rendered":"Trump har trappet opp presset mot Venezuelas president Nicol\u00e1s Maduro med en massiv utplassering av marinefart\u00f8y i Karibhavet,&hellip;\n","protected":false},"author":2,"featured_media":102527,"comment_status":"","ping_status":"","sticky":false,"template":"","format":"standard","meta":{"footnotes":""},"categories":[12],"tags":[20,21,24,25,15,22,23,13,30,28,29,14,16,26,27,42,43,44,45],"class_list":{"0":"post-102526","1":"post","2":"type-post","3":"status-publish","4":"format-standard","5":"has-post-thumbnail","7":"category-verden","8":"tag-breaking-news","9":"tag-breakingnews","10":"tag-featured-news","11":"tag-featurednews","12":"tag-headlines","13":"tag-latest-news","14":"tag-latestnews","15":"tag-news","16":"tag-no","17":"tag-norge","18":"tag-norway","19":"tag-nyheter","20":"tag-overskrifter","21":"tag-top-stories","22":"tag-topstories","23":"tag-verden","24":"tag-world","25":"tag-world-news","26":"tag-worldnews"},"share_on_mastodon":{"url":"https:\/\/pubeurope.com\/@no\/115651597317013451","error":""},"_links":{"self":[{"href":"https:\/\/www.europesays.com\/no\/wp-json\/wp\/v2\/posts\/102526","targetHints":{"allow":["GET"]}}],"collection":[{"href":"https:\/\/www.europesays.com\/no\/wp-json\/wp\/v2\/posts"}],"about":[{"href":"https:\/\/www.europesays.com\/no\/wp-json\/wp\/v2\/types\/post"}],"author":[{"embeddable":true,"href":"https:\/\/www.europesays.com\/no\/wp-json\/wp\/v2\/users\/2"}],"replies":[{"embeddable":true,"href":"https:\/\/www.europesays.com\/no\/wp-json\/wp\/v2\/comments?post=102526"}],"version-history":[{"count":0,"href":"https:\/\/www.europesays.com\/no\/wp-json\/wp\/v2\/posts\/102526\/revisions"}],"wp:featuredmedia":[{"embeddable":true,"href":"https:\/\/www.europesays.com\/no\/wp-json\/wp\/v2\/media\/102527"}],"wp:attachment":[{"href":"https:\/\/www.europesays.com\/no\/wp-json\/wp\/v2\/media?parent=102526"}],"wp:term":[{"taxonomy":"category","embeddable":true,"href":"https:\/\/www.europesays.com\/no\/wp-json\/wp\/v2\/categories?post=102526"},{"taxonomy":"post_tag","embeddable":true,"href":"https:\/\/www.europesays.com\/no\/wp-json\/wp\/v2\/tags?post=102526"}],"curies":[{"name":"wp","href":"https:\/\/api.w.org\/{rel}","templated":true}]}}