{"id":102536,"date":"2025-12-02T19:27:14","date_gmt":"2025-12-02T19:27:14","guid":{"rendered":"https:\/\/www.europesays.com\/no\/102536\/"},"modified":"2025-12-02T19:27:14","modified_gmt":"2025-12-02T19:27:14","slug":"svensk-18-aring-klar-for-formel-1","status":"publish","type":"post","link":"https:\/\/www.europesays.com\/no\/102536\/","title":{"rendered":"Svensk 18-\u00e5ring klar for Formel 1"},"content":{"rendered":"<p> Racing Bulls har bekreftet at Arvid Lindblad blir lagets nye f\u00f8rer fra 2026.<\/p>\n<p> Han blir lagkamerat med Liam Lawson i Red Bulls s\u00f8sterteam.<\/p>\n<p>\u2013 Jeg vil bli verdensmester i F1. Den tanken har v\u00e6rt i hodet mitt siden jeg var fem \u00e5r gammel og satt i sofaen og s\u00e5 l\u00f8p med pappaen min, sier Lindblad, i en kommentar. <\/p>\n<p> Han er f\u00f8dt i Storbritannia og har tilbrakt oppveksten sin i London og senere i Portugal. <\/p>\n<p>        <img class=\"image__img lazyload\" itemprop=\"image\" title=\"Foto: Raquel Cunha \/ Reuters \/ NTB\" alt=\"SVENSK-BRITE: 18-\u00e5ringen har b\u00e5de svensk og britisk statsborgerskap. Foto: Raquel Cunha \/ Reuters \/ NTB\" width=\"675\" height=\"379\" bad-src=\"https:\/\/www.europesays.com\/no\/wp-content\/uploads\/2025\/12\/18345210.webp\" fetchpriority=\"auto\" \/><\/p>\n<p>      SVENSK-BRITE: 18-\u00e5ringen har b\u00e5de svensk og britisk statsborgerskap.<br \/>\n         Foto: Raquel Cunha \/ Reuters \/ NTB<\/p>\n<p>18-\u00e5ringenen har svensk og britisk statsborgerskap og har besteforeldre i Sm\u00e5land og bes\u00f8ker Sverige jevnlig.\u00a0<\/p>\n<p>Lindblad blir den f\u00f8rste f\u00f8reren med svensk statsborgerskap som kj\u00f8rer i Formel 1 siden Marcus Ericsson forlot sporten i 2018. Selv om han f\u00f8ler seg veldig svensk, kj\u00f8rer han under britisk lisens. <\/p>\n<p> \u2013 Jeg kjenner meg veldig svensk, jeg tilbringer mye tid i Sverige og halve familien min kommer fra Sverige, og navnet mitt er veldig svensk. Men jeg har bodd i Storbritannia nesten hele livet mitt. S\u00e5 jeg er veldig stolt over \u00e5 v\u00e6re svensk, men kjenner meg mer britisk, har han tidligere fortalt til\u00a0<a href=\"https:\/\/www.aftonbladet.se\/sportbladet\/bloggar\/f1bloggen\/a\/q6pj6e\/arvid-lindblad-klar-for-f1-2026\" target=\"_blank\" rel=\"nofollow noopener\">Aftonbladet<\/a>.<\/p>\n<p>        <img class=\"image__img lazyload\" itemprop=\"image\" title=\"Foto: Henry Romero \/ Reuters \/ NTB\" alt=\"TRENING: Lindblad kj\u00f8rte F1-trening i Mexico tidligere i \u00e5r. Foto: Henry Romero \/ Reuters \/ NTB\" width=\"978\" height=\"551\" bad-src=\"https:\/\/www.europesays.com\/no\/wp-content\/uploads\/2025\/12\/18345212.webp\" fetchpriority=\"auto\" \/><\/p>\n<p>      TRENING: Lindblad kj\u00f8rte F1-trening i Mexico tidligere i \u00e5r.<br \/>\n         Foto: Henry Romero \/ Reuters \/ NTB<\/p>\n<p>I fjor kj\u00f8rte han i Formel 3, og i \u00e5r har han imponert i Formel 2. Han har ogs\u00e5 f\u00e5tt sjansen til \u00e5 kj\u00f8re for Red Bull under den f\u00f8rste fredagstreningen i Formel 1.<\/p>\n<p>\u2013 Siden jeg begynte denne reisen som fem\u00e5ring har m\u00e5let mitt alltid v\u00e6rt \u00e5 n\u00e5 Formel 1, s\u00e5 det er et stolt \u00f8yeblikk at jeg n\u00e5 f\u00e5r ta dette steget, sier Lindblad. <\/p>\n<p>Isack Hadjar tar steget opp som Red Bull-f\u00f8rer i neste \u00e5r. Han tar over plassen til Yuki Tsunoda, mens Lindblad blir lagkamerat med Liam Lawson.<\/p>\n<p>Franskmannen blir dermed lagkamerat med regjerende verdensmester Max Verstappen.<\/p>\n<p>S\u00f8ndag kj\u00f8res sesongens siste l\u00f8p i Formel 1, det er spenning helt inn til d\u00f8ra. B\u00e5de Lando Norris, Max Verstappen og Oscar Piastri kan stikke av med VM-tittelen.<\/p>\n","protected":false},"excerpt":{"rendered":"Racing Bulls har bekreftet at Arvid Lindblad blir lagets nye f\u00f8rer fra 2026. Han blir lagkamerat med Liam&hellip;\n","protected":false},"author":2,"featured_media":102537,"comment_status":"","ping_status":"","sticky":false,"template":"","format":"standard","meta":{"footnotes":""},"categories":[12],"tags":[20,21,24,25,15,22,23,13,30,28,29,14,16,26,27,42,43,44,45],"class_list":{"0":"post-102536","1":"post","2":"type-post","3":"status-publish","4":"format-standard","5":"has-post-thumbnail","7":"category-verden","8":"tag-breaking-news","9":"tag-breakingnews","10":"tag-featured-news","11":"tag-featurednews","12":"tag-headlines","13":"tag-latest-news","14":"tag-latestnews","15":"tag-news","16":"tag-no","17":"tag-norge","18":"tag-norway","19":"tag-nyheter","20":"tag-overskrifter","21":"tag-top-stories","22":"tag-topstories","23":"tag-verden","24":"tag-world","25":"tag-world-news","26":"tag-worldnews"},"share_on_mastodon":{"url":"https:\/\/pubeurope.com\/@no\/115651624605160964","error":""},"_links":{"self":[{"href":"https:\/\/www.europesays.com\/no\/wp-json\/wp\/v2\/posts\/102536","targetHints":{"allow":["GET"]}}],"collection":[{"href":"https:\/\/www.europesays.com\/no\/wp-json\/wp\/v2\/posts"}],"about":[{"href":"https:\/\/www.europesays.com\/no\/wp-json\/wp\/v2\/types\/post"}],"author":[{"embeddable":true,"href":"https:\/\/www.europesays.com\/no\/wp-json\/wp\/v2\/users\/2"}],"replies":[{"embeddable":true,"href":"https:\/\/www.europesays.com\/no\/wp-json\/wp\/v2\/comments?post=102536"}],"version-history":[{"count":0,"href":"https:\/\/www.europesays.com\/no\/wp-json\/wp\/v2\/posts\/102536\/revisions"}],"wp:featuredmedia":[{"embeddable":true,"href":"https:\/\/www.europesays.com\/no\/wp-json\/wp\/v2\/media\/102537"}],"wp:attachment":[{"href":"https:\/\/www.europesays.com\/no\/wp-json\/wp\/v2\/media?parent=102536"}],"wp:term":[{"taxonomy":"category","embeddable":true,"href":"https:\/\/www.europesays.com\/no\/wp-json\/wp\/v2\/categories?post=102536"},{"taxonomy":"post_tag","embeddable":true,"href":"https:\/\/www.europesays.com\/no\/wp-json\/wp\/v2\/tags?post=102536"}],"curies":[{"name":"wp","href":"https:\/\/api.w.org\/{rel}","templated":true}]}}