{"id":102538,"date":"2025-12-02T19:28:12","date_gmt":"2025-12-02T19:28:12","guid":{"rendered":"https:\/\/www.europesays.com\/no\/102538\/"},"modified":"2025-12-02T19:28:12","modified_gmt":"2025-12-02T19:28:12","slug":"kjopte-kniven-en-time-for","status":"publish","type":"post","link":"https:\/\/www.europesays.com\/no\/102538\/","title":{"rendered":"Kj\u00f8pte kniven en time f\u00f8r"},"content":{"rendered":"\n<ul class=\"_list_o9xde_3 _list_64s2r_85 _unordered_o9xde_106 text-sans-m\">\n<li class=\"_item_o9xde_30\">Italienske Martina Voce (21) og kj\u00e6resten Oliver ble knivstukket p\u00e5 matbutikken Smak av Italia i Oslo i fjor.<\/li>\n<li class=\"_item_o9xde_30\">Martinas ekskj\u00e6reste, en 28-\u00e5ring, m\u00f8tte i Oslo tingrett tiltalt for drapsfors\u00f8k og kroppsskade.<\/li>\n<li class=\"_item_o9xde_30\">Ekskj\u00e6resten kj\u00f8pte en jaktkniv f\u00f8r han angrep, og m\u00e5tte forlate rettssalen under Martinas forklaring.<\/li>\n<li class=\"_item_o9xde_30\">Martina og Oliver sliter med PTSD etter angrepet.<\/li>\n<\/ul>\n<p>Vis mer <\/p>\n<p class=\"_paragraph_o9xde_4 _paragraph_xtcu6_10 layout-component text-serif-m layout-normal text-serif-m layout-padded\">\u00abDet er en som ligger p\u00e5 bakken med masse blod, ring ambulanse\u00bb. I bakgrunnen er det h\u00f8ylytte skrik. <\/p>\n<p class=\"_paragraph_o9xde_4 _paragraph_xtcu6_10 layout-component text-serif-m layout-normal text-serif-m layout-padded\">\u00abDere m\u00e5 komme med en gang\u00bb, sier mannen i samtalen med politiet rundt klokken 12.30 fredag 20. desember i fjor.<\/p>\n<p class=\"_paragraph_o9xde_4 _paragraph_xtcu6_10 layout-component text-serif-m layout-normal text-serif-m layout-padded\">Det har n\u00e5 g\u00e5tt nesten ett \u00e5r siden italienske Martina Voce (21) og kollegaen og kj\u00e6resten Oliver ble knivstukket p\u00e5 matbutikken Smak av Italia p\u00e5 Vulkan i Oslo.<\/p>\n<p><img alt=\"Martina p\u00e5 jobb i butikken Smak av Italia.   Foto: Smak av Italia \/ Facebook\" class=\"_image_qp4xg_65 layout-component layout-normal\" data-fullscreen- data-track-element-type=\"Article image fullscreen\" data-track-name=\"ImageFullscreen\" decoding=\"async\" loading=\"lazy\" height=\"1314\" itemprop=\"image\"  src=\"https:\/\/www.europesays.com\/no\/wp-content\/uploads\/2025\/12\/ae23a9b4-7dc5-42ab-884c-7223dcc4c581\"  style=\"object-position:0% 0%\" width=\"1011\"\/>Martina p\u00e5 jobb i butikken Smak av Italia.   Foto: Smak av Italia \/ Facebook<\/p>\n<p class=\"_paragraph_o9xde_4 _paragraph_xtcu6_10 layout-component text-serif-m layout-normal text-serif-m layout-padded\">Tirsdag m\u00f8tte Martinas ekskj\u00e6reste, en 28 \u00e5r gammel mann, i <a href=\"https:\/\/www.vg.no\/tag\/oslo-tingrett?utm_source=vg-article&amp;utm_medium=auto-tagger&amp;utm_campaign=K8B5XG\" class=\"_link_o9xde_39\" rel=\"nofollow noopener\" target=\"_blank\">Oslo tingrett<\/a> tiltalt for drapsfors\u00f8k og kroppsskade. <\/p>\n<p class=\"_paragraph_o9xde_4 _paragraph_xtcu6_10 layout-component text-serif-m layout-normal text-serif-m layout-padded\">Den tiltalte gikk kledd i en skjorte og genser. Han satt flere ganger og s\u00e5 ned i gulvet. <\/p>\n<p class=\"_paragraph_o9xde_4 _paragraph_xtcu6_10 layout-component text-serif-m layout-normal text-serif-m layout-padded\">Mannen erkjenner straffskyldstraffskyldN\u00e5r en person innr\u00f8mmer at de har gjort noe ulovlig og aksepterer at de er skyldige.. <\/p>\n<p><img alt=\"Martina p\u00e5 sykehuset tidligere i \u00e5r.  Foto: Privat\" class=\"_image_qp4xg_65 layout-component layout-normal\" data-fullscreen- data-track-element-type=\"Article image fullscreen\" data-track-name=\"ImageFullscreen\" decoding=\"async\" loading=\"lazy\" height=\"2048\" itemprop=\"image\"  src=\"https:\/\/www.europesays.com\/no\/wp-content\/uploads\/2025\/12\/22572262-cbb9-4a8c-a4e4-5ebb936b8e9a\"  style=\"object-position:0% 0%\" width=\"1002\"\/>Martina p\u00e5 sykehuset tidligere i \u00e5r.  Foto: Privat<\/p>\n<p class=\"_paragraph_o9xde_4 _paragraph_xtcu6_10 layout-component text-serif-m layout-normal text-serif-m layout-padded\">I sitt innledningsforedrag tirsdag sa statsadvokat og aktoraktorAktor er en anklager. I norsk rett betegnelse p\u00e5 p\u00e5talemyndighetens representant i en straffesak n\u00e5r den behandles for retten., Alvar Randa, at mannen kj\u00f8pte en jaktkniv p\u00e5 Biltema en times tid f\u00f8r han opps\u00f8kte Martina p\u00e5 arbeidsplassen hennes.<\/p>\n<p><img decoding=\"async\" alt=\"Bilde av Alvar Randa\" class=\"_image_ygndg_42\" height=\"30\" itemprop=\"image\" loading=\"lazy\"  src=\"https:\/\/www.europesays.com\/no\/wp-content\/uploads\/2025\/12\/ca6ff797-b7d7-46e8-94ea-4a5293fb0476\"  width=\"40\"\/><strong class=\"_name_ygndg_51 title-serif-xs\">Alvar Randa<\/strong><\/p>\n<p class=\"_paragraph_o9xde_4 text-sans-m _description_ygndg_56\">Aktor<\/p>\n<p class=\"_paragraph_o9xde_4 _paragraph_xtcu6_10 layout-component text-serif-m layout-normal text-serif-m layout-padded\">Han knivstakk Martina rundt 30 ganger, over 20 av dem i hodet. Oliver og en annen kollega s\u00e5 angrepet og fors\u00f8kte \u00e5 stoppe det. <\/p>\n<p class=\"_paragraph_o9xde_4 _paragraph_xtcu6_10 layout-component text-serif-m layout-normal text-serif-m layout-padded\">\u2013 Det var \u00e5penbart at han aldri kom til \u00e5 gi seg, fortalte Oliver fra vitneboksen.<\/p>\n<p class=\"_paragraph_o9xde_4 _paragraph_xtcu6_10 layout-component text-serif-m layout-normal text-serif-m layout-padded\">Til slutt endte Oliver opp p\u00e5 bakken med gjerningsmannen. Han s\u00e5 en kniv p\u00e5 gulvet.<\/p>\n<p class=\"_paragraph_o9xde_4 _paragraph_xtcu6_10 layout-component text-serif-m layout-normal text-serif-m layout-padded\">\u2013 Jeg plukker den opp og stikker ham i halsen. <\/p>\n<p><img alt=\"Det var mye blod p\u00e5 gulvet inne i butikken.   Foto: Politiet\" class=\"_image_qp4xg_65 layout-component layout-normal\" data-fullscreen- data-track-element-type=\"Article image fullscreen\" data-track-name=\"ImageFullscreen\" decoding=\"async\" loading=\"lazy\" height=\"763\" itemprop=\"image\"  src=\"https:\/\/www.europesays.com\/no\/wp-content\/uploads\/2025\/12\/2e222236-b96c-49c9-b594-abf3e5af455d\"  style=\"object-position:0% 0%\" width=\"917\"\/>Det var mye blod p\u00e5 gulvet inne i butikken.   Foto: Politiet<\/p>\n<p class=\"_paragraph_o9xde_4 _paragraph_xtcu6_10 layout-component text-serif-m layout-normal text-serif-m layout-padded\">Oliver fant deretter Martina p\u00e5 gulvet med store bl\u00f8dninger. Han la henne i stabilt sideleie og holdt trykk mot s\u00e5rene til ambulansen kom.<\/p>\n<p class=\"_paragraph_o9xde_4 _paragraph_xtcu6_10 layout-component text-serif-m layout-normal text-serif-m layout-padded\">I en video, som ble vist i retten, ligger Martina p\u00e5 gulvet, som er dekket i blod.<\/p>\n<p><img alt=\"Martina og Oliver.  Foto: Helge Mikalsen \/ VG\" class=\"_image_qp4xg_65 layout-component layout-normal\" data-fullscreen- data-track-element-type=\"Article image fullscreen\" data-track-name=\"ImageFullscreen\" decoding=\"async\" loading=\"lazy\" height=\"5371\" itemprop=\"image\"  src=\"https:\/\/www.europesays.com\/no\/wp-content\/uploads\/2025\/12\/b1492652-0678-420d-b949-1528f0c457ed\"  style=\"object-position:0% 0%\" width=\"7430\"\/>Martina og Oliver.  Foto: Helge Mikalsen \/ VG<\/p>\n<p class=\"_paragraph_o9xde_4 _paragraph_xtcu6_10 layout-component text-serif-m layout-normal text-serif-m layout-padded\">Aktor spurte Oliver om hva han trodde ville skjedd dersom han ikke hadde knivstukket mannen.<\/p>\n<p class=\"_paragraph_o9xde_4 _paragraph_xtcu6_10 layout-component text-serif-m layout-normal text-serif-m layout-padded\">\u2013 Martina hadde d\u00f8dd, svarte Oliver. <\/p>\n<p class=\"_paragraph_o9xde_4 _paragraph_xtcu6_10 layout-component text-serif-m layout-normal text-serif-m layout-padded\">Det var f\u00f8rst etterp\u00e5 at Oliver s\u00e5 at mannen hadde knivstukket ham. Han s\u00e5 at blodet rant nedover hendene. <\/p>\n<p><img alt=\"Slik ser arrene til Martina sin kj\u00e6reste, Oliver, ut i dag.  Foto: Helge Mikalsen \/ VG\" class=\"_image_qp4xg_65 layout-component layout-normal\" data-fullscreen- data-track-element-type=\"Article image fullscreen\" data-track-name=\"ImageFullscreen\" decoding=\"async\" loading=\"lazy\" height=\"5504\" itemprop=\"image\"  src=\"https:\/\/www.europesays.com\/no\/wp-content\/uploads\/2025\/12\/aacbefbf-090c-4694-8bf4-78096397850e\"  style=\"object-position:0% 0%\" width=\"8003\"\/>Slik ser arrene til Martina sin kj\u00e6reste, Oliver, ut i dag.  Foto: Helge Mikalsen \/ VG<\/p>\n<p class=\"_paragraph_o9xde_4 _paragraph_xtcu6_10 layout-component text-serif-m layout-normal text-serif-m layout-padded\">Under Martina sin forklaring m\u00e5tte ekskj\u00e6resten forlate rettssalen. <\/p>\n<p class=\"_paragraph_o9xde_4 _paragraph_xtcu6_10 layout-component text-serif-m layout-normal text-serif-m layout-padded\">Hun flyttet fra Italia til Norge for \u00e5 studere i 2022, og ble da samboer med mannen, som hun hadde m\u00f8tt via en gamingplattform flere \u00e5r tidligere. <\/p>\n<p class=\"_paragraph_o9xde_4 _paragraph_xtcu6_10 layout-component text-serif-m layout-normal text-serif-m layout-padded\">\u2013 Helt i starten var det greit, det var ingen store hendelser, men jo lengre tid det gikk, jo mindre kom vi overens. Det var alltid noe jeg gjorde feil. Til slutt m\u00e5tte jeg sl\u00e5 opp, fortalte Martina. <\/p>\n<p> \u2013 Eiesyk og sjalu<\/p>\n<p class=\"_paragraph_o9xde_4 _paragraph_xtcu6_10 layout-component text-serif-m layout-normal text-serif-m layout-padded\">\u2013 Var han sjalu, spurte aktor.<\/p>\n<p class=\"_paragraph_o9xde_4 _paragraph_xtcu6_10 layout-component text-serif-m layout-normal text-serif-m layout-padded\">\u2013 Ja. Han var eiesyk og sjalu p\u00e5 alle kompisene mine. Alle gutter ville ta meg vekk fra ham, i hans \u00f8yne. <\/p>\n<p class=\"_paragraph_o9xde_4 _paragraph_xtcu6_10 layout-component text-serif-m layout-normal text-serif-m layout-padded\">Etter bruddet fikk Martina s\u00e5 mye mailer og meldinger at hun til slutt m\u00e5tte blokkere han, <a href=\"https:\/\/www.vg.no\/nyheter\/i\/aJ1O27\/jeg-kunne-ikke-miste-martina\" data-track-element-type=\"Link\" data-track-id=\"link:aJ1O27\" class=\"_link_o9xde_39\" rel=\"nofollow noopener\" target=\"_blank\">har hun tidligere fortalt til VG<\/a>.<\/p>\n<p class=\"_paragraph_o9xde_4 _paragraph_xtcu6_10 layout-component text-serif-m layout-normal text-serif-m layout-padded\">Onsdag skal den tiltalte mannen gi sin forklaring i retten.<\/p>\n<p><img alt=\"Martina p\u00e5 Ullev\u00e5l sykehus 3. januar.   Foto: Helge Mikalsen \/ VG\" class=\"_image_qp4xg_65 layout-component layout-normal\" data-fullscreen- data-track-element-type=\"Article image fullscreen\" data-track-name=\"ImageFullscreen\" decoding=\"async\" loading=\"lazy\" height=\"5501\" itemprop=\"image\"  src=\"https:\/\/www.europesays.com\/no\/wp-content\/uploads\/2025\/12\/2af17728-599c-401b-aeb1-022f2b51f5f5\"  style=\"object-position:0% 0%\" width=\"8118\"\/>Martina p\u00e5 Ullev\u00e5l sykehus 3. januar.   Foto: Helge Mikalsen \/ VG<\/p>\n<p class=\"_paragraph_o9xde_4 _paragraph_xtcu6_10 layout-component text-serif-m layout-normal text-serif-m layout-padded\">To uker etter knivstikkingen gjorde Martina et <a href=\"https:\/\/www.vg.no\/nyheter\/i\/RzqmaJ\/martina-21-ble-knivstukket-over-30-ganger-trodde-jeg-kom-til-aa-doe\" data-track-element-type=\"Link\" data-track-id=\"link:RzqmaJ\" class=\"_link_o9xde_39\" rel=\"nofollow noopener\" target=\"_blank\">intervju med VG<\/a>. Fra sykesengen fortalte hun om den dramatiske hendelsen:<\/p>\n<p class=\"_paragraph_o9xde_4 _paragraph_xtcu6_10 layout-component text-serif-m layout-normal text-serif-m layout-padded\">\u2013 Han sa ikke et ord mens han angrep meg med kniven. Han bare stirret p\u00e5 meg. <\/p>\n<p class=\"_paragraph_o9xde_4 _paragraph_xtcu6_10 layout-component text-serif-m layout-normal text-serif-m layout-padded\">Hun ble knivstukket flere steder p\u00e5 kroppen, og har gjennomg\u00e5tt flere operasjoner. <\/p>\n<p class=\"_paragraph_o9xde_4 _paragraph_xtcu6_10 layout-component text-serif-m layout-normal text-serif-m layout-padded\">B\u00e5de hun og kj\u00e6resten Oliver har f\u00e5tt diagnosen PTSDPTSDPTSD er en tilstand som kan oppst\u00e5 i etterkant av \u00e5 ha v\u00e6rt utsatt for eller v\u00e6rt vitne til en eller flere hendelser som oppleves som ekstremt truende eller skremmende. og g\u00e5r til psykolog. <\/p>\n<p class=\"_paragraph_o9xde_4 _paragraph_xtcu6_10 layout-component text-serif-m layout-normal text-serif-m layout-padded\">\u2013 Hendene mine er ikke s\u00e5 sterke som de var, de gj\u00f8r vondt. Det gj\u00f8r vondt \u00e5 sitte lenge, og jeg har ingen smakssans p\u00e5 venstre side av tungen, fortalte hun i retten tirsdag. <\/p>\n","protected":false},"excerpt":{"rendered":"Italienske Martina Voce (21) og kj\u00e6resten Oliver ble knivstukket p\u00e5 matbutikken Smak av Italia i Oslo i fjor.&hellip;\n","protected":false},"author":2,"featured_media":102539,"comment_status":"","ping_status":"","sticky":false,"template":"","format":"standard","meta":{"footnotes":""},"categories":[10],"tags":[20,21,24,25,15,1476,22,23,13,30,28,29,14,944,16,26,27,46],"class_list":{"0":"post-102538","1":"post","2":"type-post","3":"status-publish","4":"format-standard","5":"has-post-thumbnail","7":"category-norge","8":"tag-breaking-news","9":"tag-breakingnews","10":"tag-featured-news","11":"tag-featurednews","12":"tag-headlines","13":"tag-knivstikking","14":"tag-latest-news","15":"tag-latestnews","16":"tag-news","17":"tag-no","18":"tag-norge","19":"tag-norway","20":"tag-nyheter","21":"tag-oslo-tingrett","22":"tag-overskrifter","23":"tag-top-stories","24":"tag-topstories","25":"tag-vgai"},"share_on_mastodon":{"url":"https:\/\/pubeurope.com\/@no\/115651629034430735","error":""},"_links":{"self":[{"href":"https:\/\/www.europesays.com\/no\/wp-json\/wp\/v2\/posts\/102538","targetHints":{"allow":["GET"]}}],"collection":[{"href":"https:\/\/www.europesays.com\/no\/wp-json\/wp\/v2\/posts"}],"about":[{"href":"https:\/\/www.europesays.com\/no\/wp-json\/wp\/v2\/types\/post"}],"author":[{"embeddable":true,"href":"https:\/\/www.europesays.com\/no\/wp-json\/wp\/v2\/users\/2"}],"replies":[{"embeddable":true,"href":"https:\/\/www.europesays.com\/no\/wp-json\/wp\/v2\/comments?post=102538"}],"version-history":[{"count":0,"href":"https:\/\/www.europesays.com\/no\/wp-json\/wp\/v2\/posts\/102538\/revisions"}],"wp:featuredmedia":[{"embeddable":true,"href":"https:\/\/www.europesays.com\/no\/wp-json\/wp\/v2\/media\/102539"}],"wp:attachment":[{"href":"https:\/\/www.europesays.com\/no\/wp-json\/wp\/v2\/media?parent=102538"}],"wp:term":[{"taxonomy":"category","embeddable":true,"href":"https:\/\/www.europesays.com\/no\/wp-json\/wp\/v2\/categories?post=102538"},{"taxonomy":"post_tag","embeddable":true,"href":"https:\/\/www.europesays.com\/no\/wp-json\/wp\/v2\/tags?post=102538"}],"curies":[{"name":"wp","href":"https:\/\/api.w.org\/{rel}","templated":true}]}}