{"id":102544,"date":"2025-12-02T19:37:09","date_gmt":"2025-12-02T19:37:09","guid":{"rendered":"https:\/\/www.europesays.com\/no\/102544\/"},"modified":"2025-12-02T19:37:09","modified_gmt":"2025-12-02T19:37:09","slug":"meny-innlegg-far-kundene-til-a-rase-dette-er-virkelig-beklagelig","status":"publish","type":"post","link":"https:\/\/www.europesays.com\/no\/102544\/","title":{"rendered":"MENY-innlegg f\u00e5r kundene til \u00e5 rase: &laquo;Dette er virkelig beklagelig&raquo;"},"content":{"rendered":"<p>Et enkelt Facebook-innlegg fra en lokal MENY-butikk har satt sinnene i kok blant kundene \u2013 og reaksjonene lar ikke vente p\u00e5 seg.<\/p>\n<p>\t\t\tAkkurat n\u00e5 leser andre<\/p>\n<p>\t\t\t\t\t<a :href=\"https:\/\/www.dagens.no\/nyheter\/post.link\"><br \/>\n\t\t\t\t\t\t<img class=\"my-0 aspect-square h-full max-h-16 w-auto rounded object-cover hidden sm:block\" :src=\"https:\/\/www.dagens.no\/nyheter\/post.featured_media_url\" alt=\"\"\/><br \/>\n\t\t\t\t\t<\/a><\/p>\n<p>\t\t\t\t\t\t<a class=\"text-body-text group-hover:text-body-accent font-normal\" :href=\"https:\/\/www.dagens.no\/nyheter\/post.link\" x-html=\"post.title\"\/><\/p>\n<p>N\u00e5r man handler inn til middagen, forventer man som regel en helt vanlig og rolig tur gjennom butikken.<\/p>\n<p>For mange er det nesten blitt et lite hverdagsritual \u2013 man f\u00e5r kanskje til og med sl\u00e5tt av en kjapp prat ved kassa f\u00f8r man drar hjem igjen.<\/p>\n<p>Derfor merkes det godt n\u00e5r noe plutselig bryter med det vante.<\/p>\n<p>S\u00e6rlig i mindre lokalsamfunn, hvor folk gjerne f\u00f8lger n\u00f8ye med p\u00e5 det som skjer rundt dem.<\/p>\n<p><strong>Trist situasjon<\/strong><\/p>\n<p>Hos MENY i Bogense ble de ansatte m\u00f8tt av et ubehagelig syn tidlig mandag morgen.<\/p>\n<p>\t\t\tLes ogs\u00e5<\/p>\n<p>\t\t\t\t\t<a :href=\"https:\/\/www.dagens.no\/nyheter\/post.link\"><br \/>\n\t\t\t\t\t\t<img class=\"my-0 aspect-square h-full max-h-16 w-auto rounded object-cover hidden sm:block\" :src=\"https:\/\/www.dagens.no\/nyheter\/post.featured_media_url\" alt=\"\"\/><br \/>\n\t\t\t\t\t<\/a><\/p>\n<p>\t\t\t\t\t\t<a class=\"text-body-text group-hover:text-body-accent font-normal\" :href=\"https:\/\/www.dagens.no\/nyheter\/post.link\" x-html=\"post.title\"\/><\/p>\n<p>If\u00f8lge et innlegg butikken selv har delt p\u00e5 Facebook, ble det nemlig gjort h\u00e6rverk mot butikken i l\u00f8pet av natten:<\/p>\n<p>\u00abI natt kl. 01:26 har en person dessverre knust flere av vinduene v\u00e5re rundt MENY Bogense\u00bb, skriver butikken, og fortsetter:<\/p>\n<p>\u00abDette er utrolig beklagelig \u2013 og vi er lei oss for rotet kundene m\u00f8ter i dag. Vi er allerede i gang med \u00e5 f\u00e5 det ordnet\u00bb.<\/p>\n<p>Butikken oppfordrer alle som har lagt merke til noe rundt tidspunktet, til \u00e5 ta kontakt med enten butikksjefen eller politiet.<\/p>\n<p><strong>Reaksjoner fra kunder<\/strong><\/p>\n<p>I kommentarfeltet er det tydelig at kundene ikke tar lett p\u00e5 episoden. Flere klarer ikke \u00e5 holde frustrasjonen tilbake:<\/p>\n<p>\t\t\tLes ogs\u00e5<\/p>\n<p>\t\t\t\t\t<a :href=\"https:\/\/www.dagens.no\/nyheter\/post.link\"><br \/>\n\t\t\t\t\t\t<img class=\"my-0 aspect-square h-full max-h-16 w-auto rounded object-cover hidden sm:block\" :src=\"https:\/\/www.dagens.no\/nyheter\/post.featured_media_url\" alt=\"\"\/><br \/>\n\t\t\t\t\t<\/a><\/p>\n<p>\t\t\t\t\t\t<a class=\"text-body-text group-hover:text-body-accent font-normal\" :href=\"https:\/\/www.dagens.no\/nyheter\/post.link\" x-html=\"post.title\"\/><\/p>\n<p>\u00abJeg blir s\u00e5 utrolig sint n\u00e5r jeg leser slikt. Vedkommende burde rydde opp etter seg og virkelig skamme seg. Slik gj\u00f8r vi det ikke i Bogense\u00bb, skriver en bruker.<\/p>\n<p>Flere uttrykker seg i samme tone og understreker at slik oppf\u00f8rsel ikke h\u00f8rer hjemme noe sted.<\/p>\n<p>Du kan se innlegget det er snakk om nedenfor.<\/p>\n<p>        \t\t\t            Display content from iFrames except Google Ads                            \t\t\t\t\tKlikk for \u00e5 vise eksternt innhold fra <b>iFrames except Google Ads<\/b>, <br \/>&#8211; Du kan alltid aktivere og deaktivere tredjepartsinnhold.<img decoding=\"async\" style=\"width:100%; height:100%; object-fit:contain; margin: 0 auto;\" src=\"https:\/\/www.dagens.no\/wp-content\/plugins\/fd-og-embed-privacy\/fd-embed-privacy\/..\/assets\/images\/embed-iFrames%20except%20Google%20Ads.png\"\/>Du godtar \u00e5 vise eksternt tredjepartsinnhold. Personopplysninger kan bli sendt til leverand\u00f8ren av innholdet og andre tredjepartstjenester.                \t\t\t\t                                \t\t<\/p>\n","protected":false},"excerpt":{"rendered":"Et enkelt Facebook-innlegg fra en lokal MENY-butikk har satt sinnene i kok blant kundene \u2013 og reaksjonene lar&hellip;\n","protected":false},"author":2,"featured_media":102545,"comment_status":"","ping_status":"","sticky":false,"template":"","format":"standard","meta":{"footnotes":""},"categories":[12],"tags":[20,21,24,25,15,22,23,13,30,28,29,14,16,26,27,42,43,44,45],"class_list":{"0":"post-102544","1":"post","2":"type-post","3":"status-publish","4":"format-standard","5":"has-post-thumbnail","7":"category-verden","8":"tag-breaking-news","9":"tag-breakingnews","10":"tag-featured-news","11":"tag-featurednews","12":"tag-headlines","13":"tag-latest-news","14":"tag-latestnews","15":"tag-news","16":"tag-no","17":"tag-norge","18":"tag-norway","19":"tag-nyheter","20":"tag-overskrifter","21":"tag-top-stories","22":"tag-topstories","23":"tag-verden","24":"tag-world","25":"tag-world-news","26":"tag-worldnews"},"share_on_mastodon":{"url":"https:\/\/pubeurope.com\/@no\/115651664015713433","error":""},"_links":{"self":[{"href":"https:\/\/www.europesays.com\/no\/wp-json\/wp\/v2\/posts\/102544","targetHints":{"allow":["GET"]}}],"collection":[{"href":"https:\/\/www.europesays.com\/no\/wp-json\/wp\/v2\/posts"}],"about":[{"href":"https:\/\/www.europesays.com\/no\/wp-json\/wp\/v2\/types\/post"}],"author":[{"embeddable":true,"href":"https:\/\/www.europesays.com\/no\/wp-json\/wp\/v2\/users\/2"}],"replies":[{"embeddable":true,"href":"https:\/\/www.europesays.com\/no\/wp-json\/wp\/v2\/comments?post=102544"}],"version-history":[{"count":0,"href":"https:\/\/www.europesays.com\/no\/wp-json\/wp\/v2\/posts\/102544\/revisions"}],"wp:featuredmedia":[{"embeddable":true,"href":"https:\/\/www.europesays.com\/no\/wp-json\/wp\/v2\/media\/102545"}],"wp:attachment":[{"href":"https:\/\/www.europesays.com\/no\/wp-json\/wp\/v2\/media?parent=102544"}],"wp:term":[{"taxonomy":"category","embeddable":true,"href":"https:\/\/www.europesays.com\/no\/wp-json\/wp\/v2\/categories?post=102544"},{"taxonomy":"post_tag","embeddable":true,"href":"https:\/\/www.europesays.com\/no\/wp-json\/wp\/v2\/tags?post=102544"}],"curies":[{"name":"wp","href":"https:\/\/api.w.org\/{rel}","templated":true}]}}