{"id":102546,"date":"2025-12-02T19:38:11","date_gmt":"2025-12-02T19:38:11","guid":{"rendered":"https:\/\/www.europesays.com\/no\/102546\/"},"modified":"2025-12-02T19:38:11","modified_gmt":"2025-12-02T19:38:11","slug":"rodt-advarer-mot-dobbel-listhaug-seier","status":"publish","type":"post","link":"https:\/\/www.europesays.com\/no\/102546\/","title":{"rendered":"R\u00f8dt advarer mot dobbel Listhaug-seier"},"content":{"rendered":"\n<p class=\"_paragraph_o9xde_4 _paragraph_xtcu6_10 layout-component text-serif-m layout-normal text-serif-m layout-padded\">Det p\u00e5g\u00e5r intens m\u00f8tevirksomhet p\u00e5 Stortinget.<\/p>\n<p class=\"_paragraph_o9xde_4 _paragraph_xtcu6_10 layout-component text-serif-m layout-normal text-serif-m layout-padded\">Tidlig tirsdag kveld har regjeringen ikke flertall for hvordan pengene neste \u00e5r skal brukes, og mangler st\u00f8tte fra b\u00e5de MDG og SV. <\/p>\n<p class=\"_paragraph_o9xde_4 _paragraph_xtcu6_10 layout-component text-serif-m layout-normal text-serif-m layout-padded\">Fredag skal budsjettet etter planen stemmes over. MDG-leder Arild Hermstad har sagt at de vil felle regjeringen dersom de stiller kabinettssp\u00f8rsm\u00e5l p\u00e5 budsjettet som n\u00e5 foreligger.<\/p>\n<p class=\"_paragraph_o9xde_4 _paragraph_xtcu6_10 layout-component text-serif-m layout-normal text-serif-m layout-padded\">\u2013 Da kan Sylvi Listhaug f\u00e5 gleden av \u00e5 v\u00e6re statsminister og torpedere tannhelsereformen, sier R\u00f8dt-leder Marie Sneve Martinussen.<\/p>\n<p><img alt=\"SAMTALENE FORTSETTER: Det jobbes intenst med \u00e5 samle et flertall bak budsjettforliket som skal stemmes over fredag.   Foto: Terje Pedersen \/ NTB\" class=\"_image_qp4xg_65 layout-component layout-normal\" data-fullscreen- data-track-element-type=\"Article image fullscreen\" data-track-name=\"ImageFullscreen\" decoding=\"async\" loading=\"lazy\" height=\"5760\" itemprop=\"image\"  src=\"https:\/\/www.europesays.com\/no\/wp-content\/uploads\/2025\/12\/f01aff7c-434d-4a30-ad10-76f34cf8ca11\"  style=\"object-position:0% 0%\" width=\"8640\"\/>SAMTALENE FORTSETTER: Det jobbes intenst med \u00e5 samle et flertall bak budsjettforliket som skal stemmes over fredag.   Foto: Terje Pedersen \/ NTB<\/p>\n<p class=\"_paragraph_o9xde_4 _paragraph_xtcu6_10 layout-component text-serif-m layout-normal text-serif-m layout-padded\">For dersom regjeringen m\u00e5 g\u00e5 av som f\u00f8lge av et kabinettssp\u00f8rsm\u00e5l, vil Sylvi Listhaug, som leder for det st\u00f8rste borgerlige partiet, bli bedt om \u00e5 unders\u00f8ke muligheten for \u00e5 danne ny regjering.<\/p>\n<p class=\"_paragraph_o9xde_4 _paragraph_xtcu6_10 layout-component text-serif-m layout-normal text-serif-m layout-padded\">\u2013 Det er den dama kapabel til \u00e5 utnytte til det fulle. Om vi f\u00e5r Sylvi Listhaug som statsminister, er jeg helt sikker p\u00e5 at det vil styrke det h\u00f8yrepopulistiske prosjektet hennes, om det s\u00e5 er for et d\u00f8gn eller to, sier Martinussen.<\/p>\n<p class=\"_paragraph_o9xde_4 _paragraph_xtcu6_10 layout-component text-serif-m layout-normal text-serif-m layout-padded\">\u2013 Da blir det hornmusikk i brystet for alle Frp-ere landet over. Det trenger vi ikke.<\/p>\n<p><img alt=\"ORDKNAPP: Aps finanspolitiske talsperson Tuva Moflag er ordknapp om samtalene som n\u00e5 p\u00e5g\u00e5r mellom partiene.  Foto: Helge Mikalsen \/ VG\" class=\"_image_qp4xg_65 layout-component layout-normal\" data-fullscreen- data-track-element-type=\"Article image fullscreen\" data-track-name=\"ImageFullscreen\" decoding=\"async\" loading=\"lazy\" height=\"5411\" itemprop=\"image\"  src=\"https:\/\/www.europesays.com\/no\/wp-content\/uploads\/2025\/12\/44185911-a3dc-435f-881b-6b5750ec1005\"  style=\"object-position:0% 0%\" width=\"7647\"\/>ORDKNAPP: Aps finanspolitiske talsperson Tuva Moflag er ordknapp om samtalene som n\u00e5 p\u00e5g\u00e5r mellom partiene.  Foto: Helge Mikalsen \/ VG<\/p>\n<p class=\"_paragraph_o9xde_4 _paragraph_xtcu6_10 layout-component text-serif-m layout-normal text-serif-m layout-padded\">\u2013 Det mener du MDG og SV har ansvaret for?<\/p>\n<p class=\"_paragraph_o9xde_4 _paragraph_xtcu6_10 layout-component text-serif-m layout-normal text-serif-m layout-padded\">\u2013 Alle fem partiene har et ansvar for at budsjettet f\u00e5r flertall. Og R\u00f8dt skal ogs\u00e5 bruke de neste dagene p\u00e5 \u00e5 bidra til \u00e5 finne veier som gj\u00f8r at SV og MDG lettere kan stemme for. Men jeg ber om at man stopper opp og tenker p\u00e5 hva som faktisk ligger i potten her. <\/p>\n<p class=\"_paragraph_o9xde_4 _paragraph_xtcu6_10 layout-component text-serif-m layout-normal text-serif-m layout-padded\">\u2013 Men hvis SV og MDG krever at dere kommer dem i m\u00f8te for \u00e5 stemme for budsjettet, og dere ikke gj\u00f8r det, er det ikke like mye deres ansvar om St\u00f8re blir felt?<\/p>\n<p class=\"_paragraph_o9xde_4 _paragraph_xtcu6_10 layout-component text-serif-m layout-normal text-serif-m layout-padded\">\u2013 Her har alle fem partiene et felles ansvar for \u00e5 bli enige. For det er selvsagt, det er jo ingen vits for oss \u00e5 ha en tannhelsereform p\u00e5 papiret hvis den ikke f\u00e5r flertall. S\u00e5 det ligger ogs\u00e5 i potten for v\u00e5r del. Alvoret er at ekte resultater for folk kan ryke hvis vi ikke f\u00e5r flertall. Der har vi ogs\u00e5 selv et ansvar.<\/p>\n<p> \u2013 Forhandlingene er ferdige <\/p>\n<p class=\"_paragraph_o9xde_4 _paragraph_xtcu6_10 layout-component text-serif-m layout-normal text-serif-m layout-padded\">Tirsdag formiddag uttalte Sylvi Listhaug til <a href=\"https:\/\/www.nrk.no\/norge\/listhaug_-beredt-til-a-ta-ansvar-1.17675896\" class=\"_link_o9xde_39\" rel=\"nofollow noopener\" target=\"_blank\">NRK<\/a> at hun er beredt til \u00e5 ta ansvar, men understreker at det er partiene p\u00e5 venstresiden som har flertallet p\u00e5 Stortinget.<\/p>\n<p class=\"_paragraph_o9xde_4 _paragraph_xtcu6_10 layout-component text-serif-m layout-normal text-serif-m layout-padded\"><strong class=\"_strong_o9xde_25\">R\u00f8dt-lederen peker p\u00e5 en rekke gjennomslag hun frykter kan ryke dersom budsjettforliket mellom Ap, Sp og R\u00f8dt ikke f\u00e5r flertall. <\/strong><\/p>\n<p class=\"_paragraph_o9xde_4 _paragraph_xtcu6_10 layout-component text-serif-m layout-normal text-serif-m layout-padded\">\u2013 Det er snakk om store forbedringer i hverdagsvelferden til folk, ved at kommunene f\u00e5r tre milliarder mer. Det er snakk om forbedringer for uf\u00f8re, for bemanning i barnehage og stans i gruvedrift p\u00e5 havbunnen. Og s\u00e5 er det denne tannhelsereformen, som jeg vet at veldig, veldig mange i Norge \u00f8nsker seg.<\/p>\n<p class=\"_paragraph_o9xde_4 _paragraph_xtcu6_10 layout-component text-serif-m layout-normal text-serif-m layout-padded\">Se VG Forklarer for en oppdaterting p\u00e5 saken:<\/p>\n<p class=\"_paragraph_o9xde_4 _paragraph_xtcu6_10 layout-component text-serif-m layout-normal text-serif-m layout-padded\">En av R\u00f8dts hovedprioriteringer i budsjettforhandlingene har v\u00e6rt \u00e5 komme i gang en tannhelsereform. I budsjettforliket som n\u00e5 ligger i bordet, skal arbeidet med en slik reform begynne. <\/p>\n<p class=\"_paragraph_o9xde_4 _paragraph_xtcu6_10 layout-component text-serif-m layout-normal text-serif-m layout-padded\">\u2013 B\u00e5de H\u00f8yre og Frp har g\u00e5tt til valg p\u00e5 at det er umulig \u00e5 lage en tannhelsereform, og at det er umulig \u00e5 gj\u00f8re tennene til en del av kroppen. Men s\u00e5 har R\u00f8dt, b\u00e5de med v\u00e5re egne planer og med dette forpliktende vedtaket, vist at det er mulig. Alt dette blir usikkert hvis man spiller et for h\u00f8yt spill, advarer hun. <\/p>\n<p><img alt=\"LITE S\u00d8VN: De r\u00f8dgr\u00f8nne partiene klarte ikke bli enige om budsjettet, tross jobbing til langt p\u00e5 natt. Bildet er tatt f\u00f8r helgen.   Foto: Helge Mikalsen \/ VG\" class=\"_image_qp4xg_65 layout-component layout-normal\" data-fullscreen- data-track-element-type=\"Article image fullscreen\" data-track-name=\"ImageFullscreen\" decoding=\"async\" loading=\"lazy\" height=\"5438\" itemprop=\"image\"  src=\"https:\/\/www.europesays.com\/no\/wp-content\/uploads\/2025\/12\/c5fb6a6d-8465-43b7-b07f-7b06149c1e67\"  style=\"object-position:0% 0%\" width=\"7929\"\/>LITE S\u00d8VN: De r\u00f8dgr\u00f8nne partiene klarte ikke bli enige om budsjettet, tross jobbing til langt p\u00e5 natt. Bildet er tatt f\u00f8r helgen.   Foto: Helge Mikalsen \/ VG<\/p>\n<p class=\"_paragraph_o9xde_4 _paragraph_xtcu6_10 layout-component text-serif-m layout-normal text-serif-m layout-padded\">SV og MDG har pekt p\u00e5 klimapolitikk som en av hoved\u00e5rsakene til at budsjettsamarbeidet havarerte.<\/p>\n<p class=\"_paragraph_o9xde_4 _paragraph_xtcu6_10 layout-component text-serif-m layout-normal text-serif-m layout-padded\">MDG har kalt budsjettet som n\u00e5 ligger i bordet \u00abgr\u00e5ere\u00bb enn det som f\u00f8rst ble foresl\u00e5tt, og krever noe \u00absubstansielt\u00bb p\u00e5 olje for \u00e5 kunne stemme for budsjettet p\u00e5 fredag. <\/p>\n<p class=\"_paragraph_o9xde_4 _paragraph_xtcu6_10 layout-component text-serif-m layout-normal text-serif-m layout-padded\">\u2013 Har du forst\u00e5else for at MDG synes at det er vanskelig \u00e5 stemme for et budsjett de mener har h\u00f8yere CO\u2082-utslipp enn budsjettet Arbeiderpartiet f\u00f8rst la p\u00e5 bordet?<\/p>\n<p class=\"_paragraph_o9xde_4 _paragraph_xtcu6_10 layout-component text-serif-m layout-normal text-serif-m layout-padded\">\u2013 Jeg har veldig respekt for at alle partiene gj\u00f8r sine egne vurderinger. Ogs\u00e5 har det v\u00e6rt viktig \u00e5 f\u00e5 satt foten ned for gruvedrift p\u00e5 havbunnen. Det er en \u00f8kning i CO\u2082-avgiften p\u00e5 sokkelen for oljebransjen. Det er ogs\u00e5 en stor kollektivsatsing. Men s\u00e5 har jeg b\u00e5de respekt og forst\u00e5else for at SV og MDG trenger mer. Og der blir vi gjerne med p\u00e5 b\u00e5de id\u00e9dugnaden og arbeidet for \u00e5 finne ut hva det kan v\u00e6re.<\/p>\n<p><img alt=\"Foto: Helge Mikalsen \/ VG\" class=\"_image_qp4xg_65 layout-component layout-normal\" data-fullscreen- data-track-element-type=\"Article image fullscreen\" data-track-name=\"ImageFullscreen\" decoding=\"async\" loading=\"lazy\" height=\"5504\" itemprop=\"image\"  src=\"https:\/\/www.europesays.com\/no\/wp-content\/uploads\/2025\/12\/0350b190-2826-49fc-94fc-cf1631043b8a\"  style=\"object-position:0% 0%\" width=\"7360\"\/>Foto: Helge Mikalsen \/ VG<\/p>\n<p class=\"_paragraph_o9xde_4 _paragraph_xtcu6_10 layout-component text-serif-m layout-normal text-serif-m layout-padded\">\u2013 Advarer du SV og MDG fra \u00e5 stemme mot budsjettet p\u00e5 fredag?<\/p>\n<p class=\"_paragraph_o9xde_4 _paragraph_xtcu6_10 layout-component text-serif-m layout-normal text-serif-m layout-padded\">\u2013 Jeg har veldig respekt for at alle partier gj\u00f8r sine egne vurderinger. Men jeg h\u00e5per ikke at SV og MDG er villige til \u00e5 ofre alle de gode gjennomslagene som de ogs\u00e5 har v\u00e6rt med p\u00e5. <\/p>\n<p class=\"_paragraph_o9xde_4 _paragraph_xtcu6_10 layout-component text-serif-m layout-normal text-serif-m layout-padded\">\u2013 Er dere villige til \u00e5 \u00e5pne forhandlingen igjen?<\/p>\n<p class=\"_paragraph_o9xde_4 _paragraph_xtcu6_10 layout-component text-serif-m layout-normal text-serif-m layout-padded\">\u2013 Forhandlingene om statsbudsjettet er ferdige. Og det R\u00f8dt har f\u00e5tt gjennomslag for, det har vi kjempet for med nebb og kl\u00f8r. Og de er vi ikke villige til \u00e5 jekke oss p\u00e5. Men s\u00e5 er det jo mulig \u00e5 legge til s\u00e5kalt verbalforslag, og der kommer R\u00f8dt til \u00e5 bidra konstruktivt. <\/p>\n<p class=\"_paragraph_o9xde_4 _paragraph_xtcu6_10 layout-component text-serif-m layout-normal text-serif-m layout-padded\">MDGs Fr\u00f8ya Sjus\u00e6ther skriver i en e-post til VG at R\u00f8dt \u00abkan ta det helt med ro\u00bb.<\/p>\n<p class=\"_paragraph_o9xde_4 _paragraph_xtcu6_10 layout-component text-serif-m layout-normal text-serif-m layout-padded\">\u2013 MDG vil selvf\u00f8lgelig ikke kaste St\u00f8re-regjeringen, men et sted g\u00e5r grensen for hva vi kan akseptere. MDG kan ikke akseptere et budsjett som \u00f8ker utslippsgapet og svekker oljepolitikken mer enn i forrige stortingsperiode. Alle partier har egne smertegrenser \u2013 og her er R\u00f8dt og MDG tydeligvis ganske ulike.<\/p>\n<p><img alt=\"INGEN FULL FRES: MDG kan ikke gi St\u00f8re blankofullmakt p\u00e5 full fres i oljen\u00e6ringen, skriver MDGs Fr\u00f8ya Sjurs\u00e6ther.  Foto: Helen Wesnes \/ VG\" class=\"_image_qp4xg_65 layout-component layout-normal\" data-fullscreen- data-track-element-type=\"Article image fullscreen\" data-track-name=\"ImageFullscreen\" decoding=\"async\" loading=\"lazy\" height=\"5760\" itemprop=\"image\"  src=\"https:\/\/www.europesays.com\/no\/wp-content\/uploads\/2025\/12\/28b57280-3e08-4f6f-b341-88dd03cfcb80\"  style=\"object-position:0% 0%\" width=\"8640\"\/>INGEN FULL FRES: MDG kan ikke gi St\u00f8re blankofullmakt p\u00e5 full fres i oljen\u00e6ringen, skriver MDGs Fr\u00f8ya Sjurs\u00e6ther.  Foto: Helen Wesnes \/ VG<\/p>\n<p class=\"_paragraph_o9xde_4 _paragraph_xtcu6_10 layout-component text-serif-m layout-normal text-serif-m layout-padded\">Hun skriver at den letteste m\u00e5ten regjeringen kan unng\u00e5 regjeringskrise, er \u00e5 m\u00f8te MDG p\u00e5 tiltak som gjelder klima og natur.<\/p>\n<p class=\"_paragraph_o9xde_4 _paragraph_xtcu6_10 layout-component text-serif-m layout-normal text-serif-m layout-padded\">\u2013 Det eneste som vil skje dersom St\u00f8re m\u00e5 g\u00e5 av, er at Sylvi Listhaug vil innse at hun ikke har flertall p\u00e5 Stortinget, og s\u00e5 vil ballen bli kastet tilbake til St\u00f8re igjen. Vi kan selvsagt ikke gi St\u00f8re en blankofullmakt til full fres i oljen\u00e6ringen og \u00f8kte klimagassutslipp n\u00e5r MDG skal sette navnet v\u00e5rt under. <\/p>\n<p class=\"_paragraph_o9xde_4 _paragraph_xtcu6_10 layout-component text-serif-m layout-normal text-serif-m layout-padded\">Dette sa MDG-leder Arild Hermstad s\u00f8ndag til VG:<\/p>\n","protected":false},"excerpt":{"rendered":"Det p\u00e5g\u00e5r intens m\u00f8tevirksomhet p\u00e5 Stortinget. Tidlig tirsdag kveld har regjeringen ikke flertall for hvordan pengene neste \u00e5r&hellip;\n","protected":false},"author":2,"featured_media":102547,"comment_status":"","ping_status":"","sticky":false,"template":"","format":"standard","meta":{"footnotes":""},"categories":[10],"tags":[20,21,24,25,15,22,23,13,30,28,29,14,16,26,27],"class_list":{"0":"post-102546","1":"post","2":"type-post","3":"status-publish","4":"format-standard","5":"has-post-thumbnail","7":"category-norge","8":"tag-breaking-news","9":"tag-breakingnews","10":"tag-featured-news","11":"tag-featurednews","12":"tag-headlines","13":"tag-latest-news","14":"tag-latestnews","15":"tag-news","16":"tag-no","17":"tag-norge","18":"tag-norway","19":"tag-nyheter","20":"tag-overskrifter","21":"tag-top-stories","22":"tag-topstories"},"share_on_mastodon":{"url":"https:\/\/pubeurope.com\/@no\/115651667936230101","error":""},"_links":{"self":[{"href":"https:\/\/www.europesays.com\/no\/wp-json\/wp\/v2\/posts\/102546","targetHints":{"allow":["GET"]}}],"collection":[{"href":"https:\/\/www.europesays.com\/no\/wp-json\/wp\/v2\/posts"}],"about":[{"href":"https:\/\/www.europesays.com\/no\/wp-json\/wp\/v2\/types\/post"}],"author":[{"embeddable":true,"href":"https:\/\/www.europesays.com\/no\/wp-json\/wp\/v2\/users\/2"}],"replies":[{"embeddable":true,"href":"https:\/\/www.europesays.com\/no\/wp-json\/wp\/v2\/comments?post=102546"}],"version-history":[{"count":0,"href":"https:\/\/www.europesays.com\/no\/wp-json\/wp\/v2\/posts\/102546\/revisions"}],"wp:featuredmedia":[{"embeddable":true,"href":"https:\/\/www.europesays.com\/no\/wp-json\/wp\/v2\/media\/102547"}],"wp:attachment":[{"href":"https:\/\/www.europesays.com\/no\/wp-json\/wp\/v2\/media?parent=102546"}],"wp:term":[{"taxonomy":"category","embeddable":true,"href":"https:\/\/www.europesays.com\/no\/wp-json\/wp\/v2\/categories?post=102546"},{"taxonomy":"post_tag","embeddable":true,"href":"https:\/\/www.europesays.com\/no\/wp-json\/wp\/v2\/tags?post=102546"}],"curies":[{"name":"wp","href":"https:\/\/api.w.org\/{rel}","templated":true}]}}