{"id":102548,"date":"2025-12-02T19:40:11","date_gmt":"2025-12-02T19:40:11","guid":{"rendered":"https:\/\/www.europesays.com\/no\/102548\/"},"modified":"2025-12-02T19:40:11","modified_gmt":"2025-12-02T19:40:11","slug":"vil-gi-prosenter-av-spillersalg-til-bredden","status":"publish","type":"post","link":"https:\/\/www.europesays.com\/no\/102548\/","title":{"rendered":"Vil gi prosenter av spillersalg til bredden"},"content":{"rendered":"\n<p class=\"_lead_o9xde_2 _lead_xtcu6_50 layout-component text-serif-m layout-normal text-serif-l layout-component layout-wide layout-padded _wide_17hqh_1 layout-padded\">Oslo-klubben f\u00e5r ny akademimodell, etablerer G12-lag og vil gi prosenter av fremtidige spillersalg til moderklubbene.moderklubbene.klubben der spilleren startet sin karriere<\/p>\n<p><img alt=\" Foto: Bj\u00f8rn S. Delebekk \/ VG\" class=\"_image_qp4xg_65 layout-component layout-wide\" data-fullscreen- data-track-element-type=\"Article image fullscreen\" data-track-name=\"ImageFullscreen\" fetchpriority=\"high\" decoding=\"sync\" loading=\"eager\" height=\"4728\" itemprop=\"image\"  src=\"https:\/\/www.europesays.com\/no\/wp-content\/uploads\/2025\/12\/4da846d2-2e1a-4860-a4c6-9de12766f291\"  style=\"object-position:0% 0%\" width=\"7250\"\/> Foto: Bj\u00f8rn S. Delebekk \/ VG<\/p>\n<ul aria-hidden=\"true\" class=\"_images_1uft6_111\">\n<li><a class=\"_link_1uft6_116\" href=\"https:\/\/www.vg.no\/forfatter\/sindre-oegar\" style=\"z-index:2\" title=\"Sindre \u00d8gar\" rel=\"nofollow noopener\" target=\"_blank\"><img alt=\"Bilde av Sindre \u00d8gar\" class=\"_image_1uft6_93\" fetchpriority=\"low\" loading=\"lazy\" decoding=\"async\" itemprop=\"image\"  src=\"https:\/\/www.europesays.com\/no\/wp-content\/uploads\/2025\/12\/104d6818-f429-4f77-a08f-a7022fcc3fa3\"  width=\"480\"\/><\/a><\/li>\n<li><a class=\"_link_1uft6_116\" href=\"https:\/\/www.vg.no\/forfatter\/steffen-stenersen\" style=\"z-index:1\" title=\"Steffen Stenersen\" rel=\"nofollow noopener\" target=\"_blank\"><img alt=\"Bilde av Steffen Stenersen\" class=\"_image_1uft6_93\" fetchpriority=\"low\" loading=\"lazy\" decoding=\"async\" itemprop=\"image\"  src=\"https:\/\/www.europesays.com\/no\/wp-content\/uploads\/2025\/12\/1764704410_929_53060b84-6e6f-4eee-9b23-952f524bbbf0\"  width=\"480\"\/><\/a><\/li>\n<\/ul>\n<p> Oppdatert tirsdag 2. desember kl. 19:22     <\/p>\n<p class=\"_paragraph_o9xde_4 _paragraph_xtcu6_10 layout-component text-serif-m layout-normal text-serif-m layout-padded\">\u2013 Med v\u00e5r modell vil en breddeklubb f\u00e5 millioninntekter den dagen en spiller, som kom til V\u00e5lerenga som 15-\u00e5ring, blir solgt videre, forteller Svein Graff til VG.<\/p>\n<p class=\"_paragraph_o9xde_4 _paragraph_xtcu6_10 layout-component text-serif-m layout-normal text-serif-m layout-padded\">V\u00e5lerenga-lederen erkjenner at breddeklubbene som regel f\u00e5r sv\u00e6rt d\u00e5rlig betalt for arbeidet de har lagt ned med fotballtalentene. <\/p>\n<p class=\"_paragraph_o9xde_4 _paragraph_xtcu6_10 layout-component text-serif-m layout-normal text-serif-m layout-padded\"><strong class=\"_strong_o9xde_25\">Det er ulogisk, mener han, fordi de skal ha mye av \u00e6ren for spillerutviklingen.<\/strong><\/p>\n<p class=\"_paragraph_o9xde_4 _paragraph_xtcu6_10 layout-component text-serif-m layout-normal text-serif-m layout-padded\">N\u00e5 gj\u00f8r V\u00e5lerenga endringer, og vil anerkjenne bredden i mye st\u00f8rre grad \u2013 med utbetalinger p\u00e5 et historisk h\u00f8yt niv\u00e5.<\/p>\n<p class=\"_paragraph_o9xde_4 _paragraph_xtcu6_10 layout-component text-serif-m layout-normal text-serif-m layout-padded\">\u2013 Vi \u00f8nsker at spillernes moderklubber mottar prosenter av en eventuell fremtidig overgang i de tilfellene der V\u00e5lerenga har hentet spillere til v\u00e5rt akademi og de blir solgt videre. Dette prinsippet f\u00f8lger alts\u00e5 NFFs modell for utdanningskompensasjonutdanningskompensasjonUtdanningskompensasjon er en \u00f8konomisk godtgj\u00f8relse som en klubb betaler til en spillers tidligere klubb(er) for \u00e5 ha bidratt til spillerens utvikling i ungdoms\u00e5rene. i dag, men da med vesentlig h\u00f8yere oppside, sier Svein Graff til VG.<\/p>\n<p class=\"_paragraph_o9xde_4 _paragraph_xtcu6_10 layout-component text-serif-m layout-normal text-serif-m layout-padded\">Han gir et eksempel: Hvis V\u00e5lerenga selger en spiller til utlandet for 30 millioner \u2013 og spilleren var fire \u00e5r i en breddeklubb f\u00f8r han kom til VIF som 15-\u00e5ring \u2013 betyr det fire prosent, som gir 1,2 millioner til breddeklubben.<\/p>\n<p>Sp\u00f8rsm\u00e5l &amp; svar med Svein GraffGjelder prosentene av spillersalg for alle, eller m\u00e5 det v\u00e6re en form for samarbeidsavtale?<\/p>\n<p class=\"_paragraph_o9xde_4 _paragraph_xtcu6_10 _paragraph_16v91_10 layout-component text-serif-m layout-normal text-sans-m layout-padded\" itemprop=\"text\">\u2013 Det vil v\u00e6re ulike samarbeidsmodeller med breddeklubber fordi de har ulike behov, men prinsipielt \u00f8nsker vi \u00e5 kompensere for jobben klubbene har gjort med spillerne. Vi f\u00f8lger NFFs praksis for utdanningskompensasjon og beregner kompensasjon fra hvor lenge spilleren har v\u00e6rt i breddeklubben fra fylte 12 \u00e5r. G\u00e5r spillere til en toppklubb i\u00a0ung alder i dag, g\u00e5r som regel breddeklubbene glipp av mye penger. Det er ulogisk fordi de skal ha mye av \u00e6ren for utviklingen av spillerne og toppklubbene er helt avhengige av bredden. Potensialet for store penger for breddeklubbene i dag ligger utelukkende i solidaritetsmidlene.<\/p>\n<p>Betyr det nye G12-laget at dere vil hente spillere tidligere?<\/p>\n<p class=\"_paragraph_o9xde_4 _paragraph_xtcu6_10 _paragraph_16v91_10 layout-component text-serif-m layout-normal text-sans-m layout-padded\" itemprop=\"text\">\u2013 Nei, tvert imot. I veldig mange tilfeller utvikler spillerne seg best i moderklubben n\u00e5r de er 12-13 \u00e5r, mens en overgang kan v\u00e6re fornuftig seinere. Vi mener v\u00e5r modell vil skape st\u00f8rre ro og forutsigbarhet for b\u00e5de spiller og breddeklubb.<\/p>\n<p>Vil dere kompensere moderklubbene for \u00e5rene f\u00f8r 12 \u00e5r?<\/p>\n<p class=\"_paragraph_o9xde_4 _paragraph_xtcu6_10 _paragraph_16v91_10 layout-component text-serif-m layout-normal text-sans-m layout-padded\" itemprop=\"text\">\u2013 Nei. Vi f\u00f8lger prinsippene i NFFs modell for utdanningskompensasjon og kompenserer derfor breddeklubben \u00f8konomisk fra spilleren har fylt 12 \u00e5r. Den store forskjellen er at breddeklubben potensielt vil f\u00e5 helt andre inntekter fra spillersalg og for jobben de har gjort med spillerutvikling enn hva tilfellet er i dag. I n\u00e5v\u00e6rende regelverk for\u00a0utdanningskompensasjon har \u00e5rlig sats for sesongene spiller fyller 12 t.o.m. 15 \u00e5r v\u00e6rt 10.000 kroner. \u00a0I det nye regelverket er det innf\u00f8rt differensierte satser \u2013 det betyr at det \u00e5rlige bel\u00f8pet varierer avhengig av hvilket niv\u00e5 klubb som signerer spilleren er p\u00e5, men fortsatt f\u00e5r breddeklubbene sv\u00e6rt d\u00e5rlig betalt for arbeidet de har lagt ned. Med v\u00e5r modell vil en breddeklubb f\u00e5 millioninntekter den dagen en spiller som kom til V\u00e5lerenga som 15-\u00e5ring blir solgt videre.<\/p>\n<p>Har du flere detaljer om hvordan et spillersalg vil fordeles med en moderklubb?<\/p>\n<p class=\"_paragraph_o9xde_4 _paragraph_xtcu6_10 _paragraph_16v91_10 layout-component text-serif-m layout-normal text-sans-m layout-padded\" itemprop=\"text\">\u2013 Vi har hatt innledende m\u00f8ter med klubber og responsen er god. Jeg opplever at de ser p\u00e5 dette som en reell anerkjennelse av den jobben de gj\u00f8r med spillerutvikling.<\/p>\n<p class=\"_paragraph_o9xde_4 _paragraph_xtcu6_10 layout-component text-serif-m layout-normal text-serif-m layout-padded\">Det st\u00e5r helt sentralt i klubbens strategi \u00e5 dyrke frem unge nye spillere til V\u00e5lerengas A-lag.<\/p>\n<p class=\"_paragraph_o9xde_4 _paragraph_xtcu6_10 layout-component text-serif-m layout-normal text-serif-m layout-padded\">Utviklingssjef Thomas Hafstad omtaler V\u00e5lerenga som den mest produktive av alle norske toppklubber de siste fem \u00e5rene \u2013 alts\u00e5 den klubben som utvikler flest toppspillere. <\/p>\n<p><img decoding=\"async\" alt=\"Bilde av Thomas Hafstad\" class=\"_image_ygndg_42\" height=\"27\" itemprop=\"image\" loading=\"lazy\"  src=\"https:\/\/www.europesays.com\/no\/wp-content\/uploads\/2025\/12\/87ff20bb-706a-4a98-9134-91f7ad7427b3\"  width=\"40\"\/><strong class=\"_name_ygndg_51 title-serif-xs\">Thomas Hafstad<\/strong><\/p>\n<p class=\"_paragraph_o9xde_4 text-sans-m _description_ygndg_56\">Utviklingssjef i V\u00e5lerenga Fotball Elite<\/p>\n<p class=\"_paragraph_o9xde_4 _paragraph_xtcu6_10 layout-component text-serif-m layout-normal text-serif-m layout-padded\">Klubben rekrutterer sine spillere b\u00e5de fra egen barneavdeling og fra andre breddeklubber i Oslo.<\/p>\n<p class=\"_paragraph_o9xde_4 _paragraph_xtcu6_10 layout-component text-serif-m layout-normal text-serif-m layout-padded\">Konkurransen er stor. V\u00e5lerenga-ledelsen ser at breddeklubbene i Oslo ofte er kritiske til toppklubber som henter deres talenter uten \u00e5 f\u00e5 betalt utover NFFs regler for utdanningskompensasjon (10. 000 kroner per \u00e5r de har v\u00e6rt i klubben i alderen 12-15 \u00e5r). Det snakkes ofte om stjeling, p\u00e5peker Oslo-klubben.<\/p>\n<p class=\"_paragraph_o9xde_4 _paragraph_xtcu6_10 layout-component text-serif-m layout-normal text-serif-m layout-padded\">I serien <a href=\"https:\/\/www.vg.no\/tag\/det-delte-fotball-norge\" class=\"_link_o9xde_39\" rel=\"nofollow noopener\" target=\"_blank\">\u00abDet delte Fotball-Norge\u00bb<\/a> har VG tidligere omtalt at Antonio Nusas <a href=\"https:\/\/www.vg.no\/sport\/i\/o3GV30\/naa-skal-breddeklubbene-faa-mer-av-overgangsmillionene\" data-track-element-type=\"Link\" data-track-id=\"link:o3GV30\" class=\"_link_o9xde_39\" rel=\"nofollow noopener\" target=\"_blank\">barndomsklubb Langhus f\u00f8ler de har f\u00e5tt \u00absmuler\u00bb<\/a> for jobben de har gjort for den norske kantspilleren.<\/p>\n<p class=\"_paragraph_o9xde_4 _paragraph_xtcu6_10 layout-component text-serif-m layout-normal text-serif-m layout-padded\">I dag er talentene i V\u00e5lerenga organisert i to akademier: V\u00e5lerenga Fotball (VF) 12-16 \u00e5r og V\u00e5lerenga Fotball Elite (VFE) 17 \u2013 21 \u00e5r.<\/p>\n<p class=\"_paragraph_o9xde_4 _paragraph_xtcu6_10 layout-component text-serif-m layout-normal text-serif-m layout-padded\">V\u00e5lerenga Fotball Elite etablerer n\u00e5 en ny akademimodell der m\u00e5let er \u00e5 sikre en bedre faglig utdanning for spillere i alderen 12\u201316 \u00e5r og en bedre sammenheng i utviklingsl\u00f8pet. I tillegg vil en ny modell bety at de etablerer et G12-lag. \u00c5rsm\u00f8tet i V\u00e5lerenga Fotball m\u00e5 formelt godkjenne planene. <\/p>\n<p class=\"_paragraph_o9xde_4 _paragraph_xtcu6_10 layout-component text-serif-m layout-normal text-serif-m layout-padded\">\u2013 Utvikling av egne talenter fra barnefotballen og videreutvikling av ungdomsspillere som kommer fra andre klubber i Stor-Oslo er sportslig og \u00f8konomisk avgj\u00f8rende i jakten p\u00e5 \u00e5 bli en stabil toppklubb. Dette er en satsing i tr\u00e5d med v\u00e5r nye klubbstrategi, sier Svein Graff.<\/p>\n","protected":false},"excerpt":{"rendered":"Oslo-klubben f\u00e5r ny akademimodell, etablerer G12-lag og vil gi prosenter av fremtidige spillersalg til moderklubbene.moderklubbene.klubben der spilleren startet&hellip;\n","protected":false},"author":2,"featured_media":102549,"comment_status":"","ping_status":"","sticky":false,"template":"","format":"standard","meta":{"footnotes":""},"categories":[59],"tags":[134,30,28,29,83,82,2215],"class_list":{"0":"post-102548","1":"post","2":"type-post","3":"status-publish","4":"format-standard","5":"has-post-thumbnail","7":"category-sport","8":"tag-eliteserien","9":"tag-no","10":"tag-norge","11":"tag-norway","12":"tag-sport","13":"tag-sports","14":"tag-valerenga-fotball"},"share_on_mastodon":{"url":"https:\/\/pubeurope.com\/@no\/115651675876947640","error":""},"_links":{"self":[{"href":"https:\/\/www.europesays.com\/no\/wp-json\/wp\/v2\/posts\/102548","targetHints":{"allow":["GET"]}}],"collection":[{"href":"https:\/\/www.europesays.com\/no\/wp-json\/wp\/v2\/posts"}],"about":[{"href":"https:\/\/www.europesays.com\/no\/wp-json\/wp\/v2\/types\/post"}],"author":[{"embeddable":true,"href":"https:\/\/www.europesays.com\/no\/wp-json\/wp\/v2\/users\/2"}],"replies":[{"embeddable":true,"href":"https:\/\/www.europesays.com\/no\/wp-json\/wp\/v2\/comments?post=102548"}],"version-history":[{"count":0,"href":"https:\/\/www.europesays.com\/no\/wp-json\/wp\/v2\/posts\/102548\/revisions"}],"wp:featuredmedia":[{"embeddable":true,"href":"https:\/\/www.europesays.com\/no\/wp-json\/wp\/v2\/media\/102549"}],"wp:attachment":[{"href":"https:\/\/www.europesays.com\/no\/wp-json\/wp\/v2\/media?parent=102548"}],"wp:term":[{"taxonomy":"category","embeddable":true,"href":"https:\/\/www.europesays.com\/no\/wp-json\/wp\/v2\/categories?post=102548"},{"taxonomy":"post_tag","embeddable":true,"href":"https:\/\/www.europesays.com\/no\/wp-json\/wp\/v2\/tags?post=102548"}],"curies":[{"name":"wp","href":"https:\/\/api.w.org\/{rel}","templated":true}]}}