{"id":102552,"date":"2025-12-02T19:44:11","date_gmt":"2025-12-02T19:44:11","guid":{"rendered":"https:\/\/www.europesays.com\/no\/102552\/"},"modified":"2025-12-02T19:44:11","modified_gmt":"2025-12-02T19:44:11","slug":"mann-siktet-for-drap-pa-amerikansk-nasjonalgardist","status":"publish","type":"post","link":"https:\/\/www.europesays.com\/no\/102552\/","title":{"rendered":"Mann siktet for drap p\u00e5 amerikansk nasjonalgardist"},"content":{"rendered":"\n<p class=\"_lead_o9xde_2 _lead_xtcu6_50 layout-component text-serif-m layout-normal text-serif-l layout-component layout-wide layout-padded _wide_17hqh_1 layout-padded\">Rahmanullah Lakanwal er ogs\u00e5 siktet for vold og v\u00e5penlovbrudd.<\/p>\n<p><img alt=\"Rahmanullah Lakanwal Foto: HANDOUT \/ AFP \/ NTB\" class=\"_image_qp4xg_65 layout-component layout-wide\" data-fullscreen- data-track-element-type=\"Article image fullscreen\" data-track-name=\"ImageFullscreen\" fetchpriority=\"high\" decoding=\"sync\" loading=\"eager\" height=\"3512\" itemprop=\"image\"  src=\"https:\/\/www.europesays.com\/no\/wp-content\/uploads\/2025\/12\/f8ea1716-c50e-4e9a-b587-fd49c39a701b\"  style=\"object-position:0% 0%\" width=\"2634\"\/>Rahmanullah Lakanwal Foto: HANDOUT \/ AFP \/ NTB<\/p>\n<ul aria-hidden=\"true\" class=\"_images_1uft6_111\">\n<li><a class=\"_link_1uft6_116\" href=\"https:\/\/www.vg.no\/forfatter\/isak-loeve-pilskog-loe\" style=\"z-index:2\" title=\"Isak L\u00f8ve Pilskog Loe\" rel=\"nofollow noopener\" target=\"_blank\"><img alt=\"Bilde av Isak L\u00f8ve Pilskog Loe\" class=\"_image_1uft6_93\" fetchpriority=\"low\" loading=\"lazy\" decoding=\"async\" itemprop=\"image\"  src=\"https:\/\/www.europesays.com\/no\/wp-content\/uploads\/2025\/12\/1764704649_439_8b0354e3-bf53-460c-9c1c-790321a0c923\"  width=\"480\"\/><\/a><\/li>\n<li><a class=\"_link_1uft6_116\" href=\"https:\/\/www.vg.no\/forfatter\/ntb\" style=\"z-index:1\" title=\"NTB\" rel=\"nofollow noopener\" target=\"_blank\"><img alt=\"Bilde av NTB\" class=\"_image_1uft6_93\" fetchpriority=\"low\" loading=\"lazy\" decoding=\"async\" itemprop=\"image\"  src=\"https:\/\/www.europesays.com\/no\/wp-content\/uploads\/2025\/12\/1764704649_734_c33980b0-5d07-4027-84a1-813f90a7c8d6\"  width=\"480\"\/><\/a><\/li>\n<\/ul>\n<p> Oppdatert tirsdag 2. desember kl. 20:15     <\/p>\n<p class=\"_paragraph_o9xde_4 _paragraph_xtcu6_10 layout-component text-serif-m layout-normal text-serif-m layout-padded\">En mann er siktet for drap etter at han skj\u00f8t to medlemmer av den amerikanske nasjonalgarden som patruljerte i <a href=\"https:\/\/www.vg.no\/tag\/washington-d-c?utm_source=vg-article&amp;utm_medium=auto-tagger&amp;utm_campaign=7pnW9W\" class=\"_link_o9xde_39\" rel=\"nofollow noopener\" target=\"_blank\">Washington D.C.<\/a> forrige uke. \u00c9n av soldatene d\u00f8de av skadene.<\/p>\n<p class=\"_paragraph_o9xde_4 _paragraph_xtcu6_10 layout-component text-serif-m layout-normal text-serif-m layout-padded\">Rahmanullah Lakanwal er siktet for drap, vold og brudd p\u00e5 v\u00e5penloven, if\u00f8lge rettsdokumenter fra statsadvokat Jeanine Pirros kontor, rapporterer <a href=\"https:\/\/www.washingtonpost.com\/national-security\/2025\/12\/02\/national-guard-shooting-suspect-charged\/\" class=\"_link_o9xde_39\" rel=\"nofollow noopener\" target=\"_blank\">The Washington Post<\/a>.<\/p>\n<p class=\"_paragraph_o9xde_4 _paragraph_xtcu6_10 layout-component text-serif-m layout-normal layout-padded\"><strong class=\"_strong_o9xde_25\">Les ogs\u00e5:<\/strong> <a href=\"https:\/\/www.vg.no\/i\/rrpRr3\" data-track-element-type=\"Link\" data-track-id=\"link:rrpRr3\" class=\"_link_o9xde_39\" rel=\"nofollow noopener\" target=\"_blank\"> Mistenkt afghaner ble grundig sjekket f\u00f8r USA-innreise &#8211; n\u00e5 stanses alle asyls\u00f8knader<\/a><\/p>\n<p class=\"_paragraph_o9xde_4 _paragraph_xtcu6_10 layout-component text-serif-m layout-normal text-serif-m layout-padded\">If\u00f8lge ABC News erkl\u00e6rer Lakanwal seg ikke skyldig. <\/p>\n<p class=\"_paragraph_o9xde_4 _paragraph_xtcu6_10 layout-component text-serif-m layout-normal text-serif-m layout-padded\">Statsadvokat Pirro har opplyst at Lakanwal vil m\u00f8te ytterligere siktelser etter hvert som etterforskningen fortsetter.<\/p>\n<p class=\"_paragraph_o9xde_4 _paragraph_xtcu6_10 layout-component text-serif-m layout-normal text-serif-m layout-padded\">USAs justisminister Pam Bondi har tidligere uttalt at departementet vurderer \u00e5 g\u00e5 inn for d\u00f8dsstraff i saken.<\/p>\n<p class=\"_paragraph_o9xde_4 _paragraph_xtcu6_10 layout-component text-serif-m layout-normal text-serif-m layout-padded\">De to nasjonalgardistene var p\u00e5 patrulje i hovedstaden da skytingen fant sted. Den ene soldaten ble drept, mens den andre ble s\u00e5ret i hendelsen.<\/p>\n<p class=\"_paragraph_o9xde_4 _paragraph_xtcu6_10 layout-component text-serif-m layout-normal text-serif-m layout-padded\">Rahmanullah Lakanwal er en 29 \u00e5r gammel afghaner bosatt i delstaten Washington. If\u00f8lge USAs sikkerhetsminister skal han ha blitt radikalisert etter \u00e5 ha ankommet landet.<\/p>\n<p class=\"_paragraph_o9xde_4 _paragraph_xtcu6_10 layout-component text-serif-m layout-normal text-serif-m layout-padded\">FBI-sjef Kash Patel bekreftet torsdag at den mistenkte har jobbet for en styrke som samarbeidet med amerikanske styrker i Afghanistan. Men det er ikke kjent hva slags arbeid han utf\u00f8rte.<\/p>\n<p class=\"_paragraph_o9xde_4 _paragraph_xtcu6_10 layout-component text-serif-m layout-normal text-serif-m layout-padded\">Tidligere torsdag opplyste CIA-sjef John Ratcliffe at den mistenkte tidligere har jobbet for blant annet CIA i Afghanistan.<\/p>\n<p class=\"_paragraph_o9xde_4 _paragraph_xtcu6_10 layout-component text-serif-m layout-normal text-serif-m layout-padded\">Pirro i District of Columbia opplyste tidligere denne uken at mannen kj\u00f8rte tvers over hele USA for \u00e5 utf\u00f8re et slags \u00abbakholdsangrep\u00bb med en revolver av typen .357 Smith &amp; Wesson.<\/p>\n<p class=\"_paragraph_o9xde_4 _paragraph_xtcu6_10 layout-component text-serif-m layout-normal layout-padded\"><strong class=\"_strong_o9xde_25\">Les ogs\u00e5:<\/strong> <a href=\"https:\/\/www.vg.no\/i\/Arzgrq\" data-track-element-type=\"Link\" data-track-id=\"link:Arzgrq\" class=\"_link_o9xde_39\" rel=\"nofollow noopener\" target=\"_blank\">Sarah (20) ble skutt i Washington DC<\/a><\/p>\n<p>    <img decoding=\"async\" alt=\"Tips oss illustrasjon\" src=\"https:\/\/www.europesays.com\/no\/wp-content\/uploads\/2025\/10\/pssst-small.webp.webp\"\/>    <\/p>\n<p class=\"title-serif-s\">Har du tips?<\/p>\n<p class=\"text-sans-m\">Send oss informasjon, bilder eller video.<\/p>\n<p>  <a href=\"https:\/\/www.vg.no\/tips-oss\" rel=\"nofollow noopener\" target=\"_blank\"> Tips oss <\/a>      <\/p>\n","protected":false},"excerpt":{"rendered":"Rahmanullah Lakanwal er ogs\u00e5 siktet for vold og v\u00e5penlovbrudd. Rahmanullah Lakanwal Foto: HANDOUT \/ AFP \/ NTB Oppdatert&hellip;\n","protected":false},"author":2,"featured_media":102553,"comment_status":"","ping_status":"","sticky":false,"template":"","format":"standard","meta":{"footnotes":""},"categories":[12],"tags":[31,20,21,24,25,15,22,23,13,30,28,29,14,16,26,27,50,42,1318,43,44,45],"class_list":{"0":"post-102552","1":"post","2":"type-post","3":"status-publish","4":"format-standard","5":"has-post-thumbnail","7":"category-verden","8":"tag-breaking","9":"tag-breaking-news","10":"tag-breakingnews","11":"tag-featured-news","12":"tag-featurednews","13":"tag-headlines","14":"tag-latest-news","15":"tag-latestnews","16":"tag-news","17":"tag-no","18":"tag-norge","19":"tag-norway","20":"tag-nyheter","21":"tag-overskrifter","22":"tag-top-stories","23":"tag-topstories","24":"tag-usa","25":"tag-verden","26":"tag-washington-d-c","27":"tag-world","28":"tag-world-news","29":"tag-worldnews"},"share_on_mastodon":{"url":"https:\/\/pubeurope.com\/@no\/115651691624512124","error":""},"_links":{"self":[{"href":"https:\/\/www.europesays.com\/no\/wp-json\/wp\/v2\/posts\/102552","targetHints":{"allow":["GET"]}}],"collection":[{"href":"https:\/\/www.europesays.com\/no\/wp-json\/wp\/v2\/posts"}],"about":[{"href":"https:\/\/www.europesays.com\/no\/wp-json\/wp\/v2\/types\/post"}],"author":[{"embeddable":true,"href":"https:\/\/www.europesays.com\/no\/wp-json\/wp\/v2\/users\/2"}],"replies":[{"embeddable":true,"href":"https:\/\/www.europesays.com\/no\/wp-json\/wp\/v2\/comments?post=102552"}],"version-history":[{"count":0,"href":"https:\/\/www.europesays.com\/no\/wp-json\/wp\/v2\/posts\/102552\/revisions"}],"wp:featuredmedia":[{"embeddable":true,"href":"https:\/\/www.europesays.com\/no\/wp-json\/wp\/v2\/media\/102553"}],"wp:attachment":[{"href":"https:\/\/www.europesays.com\/no\/wp-json\/wp\/v2\/media?parent=102552"}],"wp:term":[{"taxonomy":"category","embeddable":true,"href":"https:\/\/www.europesays.com\/no\/wp-json\/wp\/v2\/categories?post=102552"},{"taxonomy":"post_tag","embeddable":true,"href":"https:\/\/www.europesays.com\/no\/wp-json\/wp\/v2\/tags?post=102552"}],"curies":[{"name":"wp","href":"https:\/\/api.w.org\/{rel}","templated":true}]}}