{"id":102554,"date":"2025-12-02T19:45:09","date_gmt":"2025-12-02T19:45:09","guid":{"rendered":"https:\/\/www.europesays.com\/no\/102554\/"},"modified":"2025-12-02T19:45:09","modified_gmt":"2025-12-02T19:45:09","slug":"tilflytter-bard-bendik-fanghol-og-hoyre-vil-ha-flere-tiltak-i-innsatssonen-i-nord-norge-nrk-troms-og-finnmark","status":"publish","type":"post","link":"https:\/\/www.europesays.com\/no\/102554\/","title":{"rendered":"Tilflytter B\u00e5rd Bendik Fanghol og H\u00f8yre vil ha flere tiltak i innsatssonen i Nord-Norge \u2013 NRK Troms og Finnmark"},"content":{"rendered":"<p>\u2013 Vi har jo h\u00f8ner, oter over elva og fisk! Vi har masse her, forteller Hedly (3 \u00e5r) som bor med mamma og pappa i Nordreisa kommune.<\/p>\n<p>I tillegg bor det omtrent 4800 mennesker i kommunen. Den ligger i innsatssonen som best\u00e5r av kommuner i Nord-Troms og Finnmark. <\/p>\n<p>Her f\u00e5r folk og kommuner ekstra \u00f8konomisk st\u00f8tte for at flere skal ha lyst til \u00e5 bosette seg.<\/p>\n<p>Konjunkturbarometer for Nord-Norge som m\u00e5ler for \u00f8konomi og samfunnsutvikling i regionen fra 1995 til 2025, peker p\u00e5 at flere tiltak m\u00e5 til.<\/p>\n<p><strong>Den viser at sterke lokalsamfunn blir stadig viktigere, og at geopolitiske spenninger gj\u00f8r regionen viktig for forsvarsinvesteringer og forsvarets behov for mennesker for \u00e5 lykkes.<\/strong><\/p>\n<p>Lokalsamfunn med boliger, skoler og arbeidsplasser kan v\u00e6re avgj\u00f8rende for familiene som kommer.<\/p>\n<p>Aktive i lokalsamfunnet<\/p>\n<p>B\u00e5rd Bendik Gr\u00f8tta Fanghol og kona Rakel Lund Fanghol flyttet hit etter studietiden i Bergen.<\/p>\n<p>\u2013 Fordelene ga en push. Det var attraktivt i oppstartsfasen etter studiet.<\/p>\n<p><strong>\u2013 Til sammen sparer vi cirka 150.000 i \u00e5ret, sier Gr\u00f8tta Fanghol.<\/strong><\/p>\n<p>De er stort sett veldig forn\u00f8yde med livet p\u00e5 Storslett i Nordreisa.<\/p>\n<p>\u2013 P\u00e5 sm\u00e5 plasser som i Nordreisa s\u00e5 betyr man mye. Man f\u00e5r raskt mye tillit b\u00e5de p\u00e5 jobb og fritiden, og veien fra \u00e5 v\u00e6re tilflytter til \u00e5 kunne p\u00e5virke hvordan samfunnet og hverdagen formes er en viktig og spennende del av \u00e5 bo her, sier Gr\u00f8tta Fanghol.<\/p>\n<p>Selv om de setter pris p\u00e5 nye muligheter og fordeler som 60.000 kroner i nedskriving av hvert studiel\u00e5n i \u00e5ret, gratis barnehage og \u00f8kt barnetrygd, er det fortsatt behov for flere tiltak.<\/p>\n<p>\u2013 Det er ironisk at man f\u00e5r \u00f8kt barnetrygd og gratis barnehage, samtidig som man kjemper en konstant kamp mot nedleggelse av f\u00f8detilbud og reduksjon i videreg\u00e5ende oppl\u00e6ring.<\/p>\n<p>Om det er kollektivtilbud, flytilbud, helsetilbud, eller hva det n\u00e5 skulle v\u00e6re \u2013 Gr\u00f8tta Fanghol er lei.<\/p>\n<p><strong>\u2013 Vi kan ikke utvikle samfunnet v\u00e5rt og bygge noe nytt, fordi vi bruker all tiden v\u00e5r p\u00e5 \u00e5 kjempe mot nedleggelse. Det er en kamp for \u00e5 beholde det vi har, istedenfor \u00e5 jobbe for \u00e5 utvikle det, sier B\u00e5rd Bendik.<\/strong><\/p>\n<p><img decoding=\"async\"   src=\"data:image\/gif;base64,R0lGODlhAQABAIAAAAAAAP\/\/\/yH5BAEAAAAALAAAAAABAAEAAAIBRAA7\" loading=\"eager\" alt=\"en person og et barn som g\u00e5r ute\" title=\"Foto: Elena Bulai L\u00f8vland \/ NRK\"\/><\/p>\n<p class=\"\">Hedly (3) har halve familien sin i Nordreisa, mens de andre slektningene bor andre steder i landet.<\/p>\n<p>Foto: Elena Bulai L\u00f8vland \/ NRK<\/p>\n<p>Trang \u00f8konomi<\/p>\n<p>\u2013 At unge familier etablerer seg i Nordreisa, er et skikkelig pluss. Jeg kjenner b\u00e5de B\u00e5rd Bendik og Rakel, det er fine folk. Rakel har r\u00f8tter her i Nordreisa, det er kjempegodt jobbet av henne at hun klarte \u00e5 ta med seg B\u00e5rd Bendik og etablere seg her.<\/p>\n<ul class=\"dhpg__gallery__list\">\n<li class=\"dhpg__gallery__listItem\"><img alt=\"Hilde Anita Nyvoll, ordf\u00f8rer Nordreisa\"  width=\"2400\" height=\"2400\" loading=\"lazy\"\/>Hilde Anita Nyvoll<\/li>\n<\/ul>\n<p>Men ordf\u00f8reren beskriver befolkningsutviklingen som ganske dyster for Nord-Troms.<\/p>\n<p>Fram mot 2050 viser SSB sin befolkningsframskriving at antallet innbyggere i Troms fylke skal \u00f8ke med 3,5 prosent, mens for Nord-Troms blir det en reduksjon p\u00e5 -6,1 prosent.<\/p>\n<p>\u00d8nsker en kraftsatsing<\/p>\n<p>\u2013 Vi er n\u00f8dt til \u00e5 utvikle tiltakssonen.<\/p>\n<p>Det sier H\u00f8yres stortingsrepresentant fra Troms, Erlend Svardal B\u00f8e.<\/p>\n<p>\u2013 Det vi har sett fra evalueringene s\u00e5 langt, er at mange av tiltakene har bidratt til \u00e5 opprettholde befolkningen, men ikke \u00e5 \u00f8ke den.<\/p>\n<p>Med tanke p\u00e5 <a href=\"https:\/\/www.nrk.no\/nordland\/halvparten-av-nordlendingene-frykter-krig_-_-vi-ma_erkjenne-at-vi-er-i-en-vanskelig-situasjon-1.17356781\" ec-id=\"pp:article:1.17356781\" ec-name=\"den sikkerhetspolitiske situasjonen vi st\u00e5r i n\u00e5\" rel=\"nofollow noopener\" target=\"_blank\">den sikkerhetspolitiske situasjonen vi st\u00e5r i n\u00e5<\/a>, mener han det er viktigere enn noensinne at politikerne lykkes med det.<\/p>\n<p>If\u00f8lge Konjunkturbarometeret har Nord-Norge g\u00e5tt fra \u00e5 v\u00e6re perifer til \u00e5 bli en strategisk viktig region.<\/p>\n<p>Drevet av b\u00e5de globale markedsdynamikker og en ny geopolitisk rolle, har landsdelen blitt en strategisk leverand\u00f8r av mat, energi og mineraler til Europa.<\/p>\n<p>\u2013 Nordomr\u00e5depolitikk er \u00f2g sikkerhetspolitikk. Det er en verdi i seg selv at det bor folk i landsdelen v\u00e5r, fordi vi skal ivareta norske interesser, sier Svardal B\u00f8e.<\/p>\n<p><img decoding=\"async\"   src=\"data:image\/gif;base64,R0lGODlhAQABAIAAAAAAAP\/\/\/yH5BAEAAAAALAAAAAABAAEAAAIBRAA7\" loading=\"eager\" alt=\"en mann med \u00e5pen munn og hendene opp\" title=\"Foto: Elena Bulai L\u00f8vland \/ NRK\"\/><\/p>\n<p class=\"\">Erlend Svardal B\u00f8e (H) mener det m\u00e5 satses mer helhetlig p\u00e5 nordomr\u00e5dene.<\/p>\n<p>Foto: Elena Bulai L\u00f8vland \/ NRK<\/p>\n<p>\u2013 Lenge har det v\u00e6rt fokus p\u00e5 de personrettede tiltakene i tiltakssonen; lavere skatt og andre tiltak som er veldig bra.<\/p>\n<p>Men han vil ha mer.<\/p>\n<p>\u2013 Vi m\u00e5 se mer p\u00e5 samfunnsrettede tiltak.<\/p>\n<p> If\u00f8lge Svardal B\u00f8e handler det om \u00e5 sikre gode flyavganger, tilby et godt helsetilbud, og redusere skattene for b\u00e5de folk og bedrifter.<\/p>\n<p>\u00c5 bidra til \u00e5 styrke disse tilbudene, ser han p\u00e5 som en investering i nord.<\/p>\n<p><strong>\u2013 Vi m\u00e5 ha en skikkelig kraftsatsing p\u00e5 nord. N\u00e5 driver vi en lappeteppepolitikk der vi har litt penger der og litt penger der, og litt tiltak der og litt tiltak her. <\/strong><\/p>\n<p>Emil Raaen fra Arbeiderpartiet er statssekret\u00e6r i kommunal \u2013 og distriktsdepartementet, og er ikke enig i dette.<\/p>\n<p><strong>\u2013 Vi har nettopp lansert en nordomr\u00e5destrategi. Det er regjeringens og hele landets strategi for Norge i nord.<\/strong><\/p>\n<p>Planen inkluderer blant annet Forsvarsl\u00f8ftet, med over 50 milliarder kroner i investeringer og over 1700 nye jobber i Nord-Norge de neste 10 \u00e5rene.<\/p>\n<p>Tiltak rettet mot enkeltpersoner vil utgj\u00f8re totalt 2 milliarder kroner i 2025.<\/p>\n<p><img decoding=\"async\"   src=\"data:image\/gif;base64,R0lGODlhAQABAIAAAAAAAP\/\/\/yH5BAEAAAAALAAAAAABAAEAAAIBRAA7\" loading=\"eager\" alt=\"en mann i dress\" title=\"Foto: J\u00f8te Toftaker \/ NRK\"\/><\/p>\n<p class=\"\">Statssekret\u00e6r i kommunal \u2013 og distriktsdepartementet, Emil Raaen sier det ikke blir endringer i st\u00f8tten til Nordreisa.<\/p>\n<p>Foto: J\u00f8te Toftaker \/ NRK<\/p>\n<p>Livline<\/p>\n<p>N\u00e5 h\u00e5per B\u00e5rd Bendik Gr\u00f8tta Fanghol flere tiltak vil komme p\u00e5 plass.<\/p>\n<p>Han sier ogs\u00e5 at flytilbudet stadig blir d\u00e5rligere, og at busstilbudet er p\u00e5 et minimum.<\/p>\n<p><strong>\u2013 Flyplassen er den livlinen som man tenker er en mulighet til \u00e5 komme seg raskt hjem, eller raskt ut i verden for \u00e5 oppleve andre ting. \u00c5 ha et s\u00e5nt tilbud som blir stadig redusert, gir oss en pessimisme.<\/strong><\/p>\n<p><img decoding=\"async\"   src=\"data:image\/gif;base64,R0lGODlhAQABAIAAAAAAAP\/\/\/yH5BAEAAAAALAAAAAABAAEAAAIBRAA7\" loading=\"eager\" alt=\"en person som sykler\" title=\"Foto: Elena Bulai L\u00f8vland \/ NRK\"\/><\/p>\n<p class=\"\">B\u00e5rd Bendik Gr\u00f8tta Fagerhol er forn\u00f8yd med at han kan komme seg rundt p\u00e5 sykkel da han bor sentralt p\u00e5 Storslett. <\/p>\n<p>Foto: Elena Bulai L\u00f8vland \/ NRK<\/p>\n<p>\u2013 Det er noe jeg tror burde styrkes. Det h\u00f8rer jeg ogs\u00e5 n\u00e5r jeg snakker med mine venner og mine ansatte som ikke er herfra.<\/p>\n<p>P\u00e5 kontoret hvor B\u00e5rd Bendik er daglig leder, er ogs\u00e5 alle de andre ansatte tilflyttere som h\u00e5per \u00e5 bli v\u00e6rende. <\/p>\n<p><img decoding=\"async\"   src=\"data:image\/gif;base64,R0lGODlhAQABAIAAAAAAAP\/\/\/yH5BAEAAAAALAAAAAABAAEAAAIBRAA7\" loading=\"eager\" alt=\"en gruppe mennesker som st\u00e5r i en trapp\" title=\"Foto: Elena Bulai L\u00f8vland \/ NRK\"\/><\/p>\n<p class=\"\">Denne gjengen best\u00e5r av tilflyttere fra Oslo, Bergen, Stj\u00f8rdal og Nord-Odal.<\/p>\n<p>Foto: Elena Bulai L\u00f8vland \/ NRK<\/p>\n<p>Publisert<\/p>\n<p>02.12.2025, kl. 18.36<\/p>\n","protected":false},"excerpt":{"rendered":"\u2013 Vi har jo h\u00f8ner, oter over elva og fisk! Vi har masse her, forteller Hedly (3 \u00e5r)&hellip;\n","protected":false},"author":2,"featured_media":102555,"comment_status":"","ping_status":"","sticky":false,"template":"","format":"standard","meta":{"footnotes":""},"categories":[10],"tags":[20,21,24,25,15,22,23,13,30,28,29,14,16,26,27],"class_list":{"0":"post-102554","1":"post","2":"type-post","3":"status-publish","4":"format-standard","5":"has-post-thumbnail","7":"category-norge","8":"tag-breaking-news","9":"tag-breakingnews","10":"tag-featured-news","11":"tag-featurednews","12":"tag-headlines","13":"tag-latest-news","14":"tag-latestnews","15":"tag-news","16":"tag-no","17":"tag-norge","18":"tag-norway","19":"tag-nyheter","20":"tag-overskrifter","21":"tag-top-stories","22":"tag-topstories"},"share_on_mastodon":{"url":"https:\/\/pubeurope.com\/@no\/115651695359433557","error":""},"_links":{"self":[{"href":"https:\/\/www.europesays.com\/no\/wp-json\/wp\/v2\/posts\/102554","targetHints":{"allow":["GET"]}}],"collection":[{"href":"https:\/\/www.europesays.com\/no\/wp-json\/wp\/v2\/posts"}],"about":[{"href":"https:\/\/www.europesays.com\/no\/wp-json\/wp\/v2\/types\/post"}],"author":[{"embeddable":true,"href":"https:\/\/www.europesays.com\/no\/wp-json\/wp\/v2\/users\/2"}],"replies":[{"embeddable":true,"href":"https:\/\/www.europesays.com\/no\/wp-json\/wp\/v2\/comments?post=102554"}],"version-history":[{"count":0,"href":"https:\/\/www.europesays.com\/no\/wp-json\/wp\/v2\/posts\/102554\/revisions"}],"wp:featuredmedia":[{"embeddable":true,"href":"https:\/\/www.europesays.com\/no\/wp-json\/wp\/v2\/media\/102555"}],"wp:attachment":[{"href":"https:\/\/www.europesays.com\/no\/wp-json\/wp\/v2\/media?parent=102554"}],"wp:term":[{"taxonomy":"category","embeddable":true,"href":"https:\/\/www.europesays.com\/no\/wp-json\/wp\/v2\/categories?post=102554"},{"taxonomy":"post_tag","embeddable":true,"href":"https:\/\/www.europesays.com\/no\/wp-json\/wp\/v2\/tags?post=102554"}],"curies":[{"name":"wp","href":"https:\/\/api.w.org\/{rel}","templated":true}]}}