{"id":102556,"date":"2025-12-02T19:46:11","date_gmt":"2025-12-02T19:46:11","guid":{"rendered":"https:\/\/www.europesays.com\/no\/102556\/"},"modified":"2025-12-02T19:46:11","modified_gmt":"2025-12-02T19:46:11","slug":"annema-yuvali-spania-annema-yuvali-har-flyttet-utenlands-ingenting-til-overs-for-norge","status":"publish","type":"post","link":"https:\/\/www.europesays.com\/no\/102556\/","title":{"rendered":"AnneMa Yuvali, Spania | AnneMa Yuvali har flyttet utenlands: \u2013 Ingenting til overs for Norge"},"content":{"rendered":"\n<p>For snart en m\u00e5ned siden flyttet TV-profil og influenser <a rel=\"Follow nofollow noopener\" href=\"https:\/\/www.nettavisen.no\/kjendis\/annema-yuvali-har-funnet-seg-leilighet-i-spania\/s\/5-95-2670868\" target=\"_blank\">AnneMa Yuvali (66) til Torrevieja i Spania<\/a>. TV-profilen bosatte seg i G\u00f6teborg tidligere i \u00e5r, men avsl\u00f8rer n\u00e5 at hun det neste \u00e5ret skal pendle mellom \u00e5 bo i Spania og Sverige.<\/p>\n<p>\u2013 Det kan godt v\u00e6re at jeg bosetter meg fast her, jeg vet ikke riktig enda. N\u00e5 leier jeg i f\u00f8rste omgang fram til midten av mai, sier AnneMa Yuvali til Nettavisen.<\/p>\n<p><b>Les ogs\u00e5: <a rel=\"Follow nofollow noopener\" href=\"https:\/\/www.nettavisen.no\/kjendis\/annema-yuvali-gar-ut-mot-ryktene-om-at-hun-vant-norges-dummeste-for-a-fa-mest-mulig-penger\/s\/5-95-2690103\" target=\"_blank\">Reagerer p\u00e5 pengerykter: \u2013 Det er absurd<\/a><\/b><\/p>\n<p>66-\u00e5ringen har f\u00e5tt seg en romslig leilighet med to soverom og stor uteplass.<\/p>\n<p>\u2013 Jeg stortrives her. Jeg blir nok v\u00e6rende, men jeg vil veldig gjerne v\u00e6re i Sverige om sommeren, den leiligheten jeg har der er midt i blinken. Sverige og Spania er to veldig lettvinte steder \u00e5 bo.<\/p>\n<p>    Vil du se neste video?<\/p>\n<p>    <a href=\"https:\/\/www.nettavisen.no\/fredrik-solvang\/jonas-gahr-store\/debatten\/fredrik-solvang-himler-av-jonas-gahr-store-men-i-alle\/v\/5-95-2751917\" class=\"recommend-poster\" data-adp-clicklabel=\"video-recommend\" data-adp-clickvalue=\"poster\" rel=\"nofollow noopener\" target=\"_blank\"><br \/>\n      <img decoding=\"async\" width=\"200\" height=\"200\" loading=\"lazy\" src=\"https:\/\/www.europesays.com\/no\/wp-content\/uploads\/2025\/11\/Solvang+bredde.jpg\" alt=\"\" class=\"brick-c-cFOWSL\" style=\"--brick-image-ratio: 200 \/ 200;\"\/><\/p>\n<p>Himler av St\u00f8re: \u2013 Men i alle\u20261:06<\/p>\n<p>    <\/a><\/p>\n<p>Nytt liv: \u2013 Ferdig med Norge<\/p>\n<p>Norge har hun ingen planer om \u00e5 flytte tilbake til. I fremtiden kommer hun bare til \u00e5 dra hjem for TV-opptredener og andre jobboppdrag.<\/p>\n<p>\u2013 Norge er jeg ferdig med. Jeg er veldig forn\u00e6rmet p\u00e5 Norge. De har ikke gjort meg noe godt, sier Yuvali.<\/p>\n<p>Realityprofilen har en lang historie med den norske staten, som hun har v\u00e6rt i rettssak med i flere instanser for \u00e5 f\u00e5 eksmannen D\u00fcndar Yuvali til Norge. Senest i vinter <a href=\"https:\/\/www.nettavisen.no\/kjendis\/annema-yuvalis-ektemann-d-ndar-yuvali-30-forklarer-seg-i-retten-fridde-etter-13-minutter\/s\/5-95-2342870\" rel=\"Follow nofollow noopener\" target=\"_blank\">tapte de ankesaken i Borgarting lagmannsrett<\/a>.<\/p>\n<p><b>Les ogs\u00e5: <a rel=\"Follow nofollow noopener\" href=\"https:\/\/www.nettavisen.no\/kjendis\/raste-ned-i-vekt-etter-hun-brot-ekteskapet-stress-og-sorg\/s\/5-95-2480010\" target=\"_blank\">Raste ned i vekt etter bruddet: \u2013 Stress og sorg<\/a><\/b><\/p>\n<p>Omtrent samtidig tok det litt over fire \u00e5r lange ekteskapet slutt.<\/p>\n<p>\u2013 Norge er ingenting \u00e5 samle p\u00e5, sl\u00e5r AnneMa Yuvali fast.<\/p>\n<p>\u2013 Hvorfor ble det akkurat Spania?<\/p>\n<p>\u2013 Jeg spurte ChatGPT, som svarte at en kvinne p\u00e5 min alder og i min posisjon passet til \u00e5 bo i Torrevieja. S\u00e5 jeg spurte han og bare flyttet hit. Her bor jeg blant spanjoler og ikke blant nordmenn, det er ogs\u00e5 en fordel.<\/p>\n<p>    Vil du se neste video?<\/p>\n<p>    <a href=\"https:\/\/www.nettavisen.no\/fredrik-solvang\/jonas-gahr-store\/debatten\/fredrik-solvang-himler-av-jonas-gahr-store-men-i-alle\/v\/5-95-2751917\" class=\"recommend-poster\" data-adp-clicklabel=\"video-recommend\" data-adp-clickvalue=\"poster\" rel=\"nofollow noopener\" target=\"_blank\"><br \/>\n      <img decoding=\"async\" width=\"200\" height=\"200\" loading=\"lazy\" src=\"https:\/\/www.europesays.com\/no\/wp-content\/uploads\/2025\/11\/Solvang+bredde.jpg\" alt=\"\" class=\"brick-c-cFOWSL\" style=\"--brick-image-ratio: 200 \/ 200;\"\/><\/p>\n<p>Himler av St\u00f8re: \u2013 Men i alle\u20261:06<\/p>\n<p>    <\/a><\/p>\n<p>Slipper popl\u00e5t: \u2013 Blir en landeplage<\/p>\n<p>I Spania har 66-\u00e5ringen mange jern i ilden. Hun har tatt opp igjen negledesign-praksisen og har ogs\u00e5 begynt \u00e5 lage sjokolade som hun skal selge p\u00e5 det lokale markedet f\u00f8r jul.<\/p>\n<p>I tillegg har hun engasjert seg i Sj\u00f8mannskirken, der hun hjelper til med \u00e5 lage mat.<\/p>\n<p>Yuvali har allerede f\u00e5tt et godt nettverk i den popul\u00e6re feriebyen p\u00e5 Spanias solkyst.<\/p>\n<p><b>Les ogs\u00e5: <a rel=\"Follow nofollow noopener\" href=\"https:\/\/www.nettavisen.no\/kjendis\/annema-yuvali-65-nekter-a-bytte-etternavn-etter-bruddet-med-d-ndar-yuvali-31-mitt-til-odel-og-eie\/s\/5-95-2404056\" target=\"_blank\">Annema Yuvali nekter \u00e5 bytte etternavn: \u2013 Mitt til odel og eie<\/a><\/b><\/p>\n<p>\u2013 Etter \u00e5 ha v\u00e6rt her i bare ti dager, hadde jeg bursdag, og da var vi tolv rundt bordet. Det var kjempekoselig. Folk kommer lett i kontakt med meg, sier hun.<\/p>\n<p>F\u00f8rstkommende l\u00f8rdag har hun ogs\u00e5 lanseringsfest av den nye l\u00e5ten \u00abAnneMa gj\u00f8r som AnneMa vil\u00bb p\u00e5 den lokale puben Kvikkbaren i Torrevieja. L\u00e5ten er laget av Gro Mette L\u00f8vheim og slippes p\u00e5 Spotify og andre kanaler samme dag.<\/p>\n<p>Sangen er en slags hyllest til Yuvali.<\/p>\n<p>    Vil du se neste video?<\/p>\n<p>    <a href=\"https:\/\/www.nettavisen.no\/fredrik-solvang\/jonas-gahr-store\/debatten\/fredrik-solvang-himler-av-jonas-gahr-store-men-i-alle\/v\/5-95-2751917\" class=\"recommend-poster\" data-adp-clicklabel=\"video-recommend\" data-adp-clickvalue=\"poster\" rel=\"nofollow noopener\" target=\"_blank\"><br \/>\n      <img decoding=\"async\" width=\"200\" height=\"200\" loading=\"lazy\" src=\"https:\/\/www.europesays.com\/no\/wp-content\/uploads\/2025\/11\/Solvang+bredde.jpg\" alt=\"\" class=\"brick-c-cFOWSL\" style=\"--brick-image-ratio: 200 \/ 200;\"\/><\/p>\n<p>Himler av St\u00f8re: \u2013 Men i alle\u20261:06<\/p>\n<p>    <\/a><\/p>\n<p>\u2013 Det blir spennende. Jeg tror det blir en landeplage, jeg alts\u00e5, sier Yuvali forventningsfullt.<\/p>\n<p>66-\u00e5ringen avsl\u00f8rer imidlertid at hun ikke synger selv og at l\u00e5ten er laget ved hjelp av kunstig intelligens.<\/p>\n<p>\u2013 Nei, er du gal, jeg kan ikke synge, avslutter hun lattermildt.<\/p>\n","protected":false},"excerpt":{"rendered":"For snart en m\u00e5ned siden flyttet TV-profil og influenser AnneMa Yuvali (66) til Torrevieja i Spania. TV-profilen bosatte&hellip;\n","protected":false},"author":2,"featured_media":102557,"comment_status":"","ping_status":"","sticky":false,"template":"","format":"standard","meta":{"footnotes":""},"categories":[5],"tags":[20,21,24,25,15,19,22,23,17,18,13,30,28,29,14,16,26,27],"class_list":{"0":"post-102556","1":"post","2":"type-post","3":"status-publish","4":"format-standard","5":"has-post-thumbnail","7":"category-overskrifter","8":"tag-breaking-news","9":"tag-breakingnews","10":"tag-featured-news","11":"tag-featurednews","12":"tag-headlines","13":"tag-hovedoppslag","14":"tag-latest-news","15":"tag-latestnews","16":"tag-main-news","17":"tag-mainnews","18":"tag-news","19":"tag-no","20":"tag-norge","21":"tag-norway","22":"tag-nyheter","23":"tag-overskrifter","24":"tag-top-stories","25":"tag-topstories"},"share_on_mastodon":{"url":"https:\/\/pubeurope.com\/@no\/115651699665800679","error":""},"_links":{"self":[{"href":"https:\/\/www.europesays.com\/no\/wp-json\/wp\/v2\/posts\/102556","targetHints":{"allow":["GET"]}}],"collection":[{"href":"https:\/\/www.europesays.com\/no\/wp-json\/wp\/v2\/posts"}],"about":[{"href":"https:\/\/www.europesays.com\/no\/wp-json\/wp\/v2\/types\/post"}],"author":[{"embeddable":true,"href":"https:\/\/www.europesays.com\/no\/wp-json\/wp\/v2\/users\/2"}],"replies":[{"embeddable":true,"href":"https:\/\/www.europesays.com\/no\/wp-json\/wp\/v2\/comments?post=102556"}],"version-history":[{"count":0,"href":"https:\/\/www.europesays.com\/no\/wp-json\/wp\/v2\/posts\/102556\/revisions"}],"wp:featuredmedia":[{"embeddable":true,"href":"https:\/\/www.europesays.com\/no\/wp-json\/wp\/v2\/media\/102557"}],"wp:attachment":[{"href":"https:\/\/www.europesays.com\/no\/wp-json\/wp\/v2\/media?parent=102556"}],"wp:term":[{"taxonomy":"category","embeddable":true,"href":"https:\/\/www.europesays.com\/no\/wp-json\/wp\/v2\/categories?post=102556"},{"taxonomy":"post_tag","embeddable":true,"href":"https:\/\/www.europesays.com\/no\/wp-json\/wp\/v2\/tags?post=102556"}],"curies":[{"name":"wp","href":"https:\/\/api.w.org\/{rel}","templated":true}]}}