{"id":102558,"date":"2025-12-02T19:47:23","date_gmt":"2025-12-02T19:47:23","guid":{"rendered":"https:\/\/www.europesays.com\/no\/102558\/"},"modified":"2025-12-02T19:47:23","modified_gmt":"2025-12-02T19:47:23","slug":"casemiros-fremtid-i-united-vil-klubben-forlenge-kontrakten","status":"publish","type":"post","link":"https:\/\/www.europesays.com\/no\/102558\/","title":{"rendered":"Casemiros fremtid i United: Vil klubben forlenge kontrakten?"},"content":{"rendered":"<p>Casemiros kontrakt utl\u00f8per som kjent til sommeren, og b\u00e5de R\u00faben Amorim og brasilianeren selv har v\u00e6rt kryptiske rundt framtiden.<\/p>\n<p>\u2013 Vi vet ikke hva som kommer til \u00e5 skje, sa Amorim da han ble spurt om Casemiros kontrakt i november.\u00a0<\/p>\n<p>\u2013 M\u00e5let mitt er \u00e5 fortsatt kunne regne med Casemiro.\u00a0<\/p>\n<p>\u2013 Jeg er veldig forn\u00f8yd med Casemiro, han er veldig viktig.<\/p>\n<p>Casemiro unnlot \u00e5 svare direkte da han ble spurt om framtiden kort tid etter.<\/p>\n<p class=\"font-weight-bold m-font-weight-bold\" data-lab-font_weight=\"font-weight-bold\">United har muligheten til \u00e5 utl\u00f8se en ett\u00e5rsklausul som ville forlenget Casemiros kontrakt, men <a href=\"https:\/\/www.nytimes.com\/athletic\/6852550\/2025\/12\/02\/manchester-united-transfer-latest-january-summer-2026\/\" target=\"_blank\" rel=\"nofollow noopener\">Laurie Whitwell<\/a> fra The Athletic melder tirsdag at klubben ikke vil benytte seg av denne muligheten.<\/p>\n<p>                <img decoding=\"async\" src=\"https:\/\/www.europesays.com\/no\/wp-content\/uploads\/2025\/12\/1404127.webp\" width=\"480\" height=\"274\" title=\"2025\/26-sesongen blir trolig Casemiros siste i United-drakta.\" alt=\"\" loading=\"lazy\" style=\"\"\/><\/p>\n<p>\n            2025\/26-sesongen blir trolig Casemiros siste i United-drakta.<br \/>\n            Alex Dodd &#8211; CameraSport\n        <\/p>\n<p>Brasilianeren kom til klubben for litt over tre \u00e5r siden og rapporteres \u00e5 v\u00e6re Uniteds best betalte spiller. For \u00f8yeblikket tjener han rundt 280 000 pund per uke, noe som tilsvarer over 3,7 millioner norske kroner. Han st\u00e5r forel\u00f8pig med 137 kamper og 20 scoringer for klubben.<\/p>\n<p class=\"font-weight-bold m-font-weight-bold\" data-lab-font_weight=\"font-weight-bold\">Denne sesongen har han blitt hyppig brukt i Amorims system, men klubben er ikke villig til \u00e5 fortsette \u00e5 betale Casemiro denne l\u00f8nnen, spesielt uten Champions League-spill.<\/p>\n<p>Sp\u00f8rsm\u00e5let blir dermed om 33-\u00e5ringen er villig til \u00e5 inng\u00e5 en ny avtale med betydelig redusert l\u00f8nn. If\u00f8lge Whitwell virker dette lite sannsynlig.<\/p>\n","protected":false},"excerpt":{"rendered":"Casemiros kontrakt utl\u00f8per som kjent til sommeren, og b\u00e5de R\u00faben Amorim og brasilianeren selv har v\u00e6rt kryptiske rundt&hellip;\n","protected":false},"author":2,"featured_media":102559,"comment_status":"","ping_status":"","sticky":false,"template":"","format":"standard","meta":{"footnotes":""},"categories":[59],"tags":[30,28,29,83,82],"class_list":{"0":"post-102558","1":"post","2":"type-post","3":"status-publish","4":"format-standard","5":"has-post-thumbnail","7":"category-sport","8":"tag-no","9":"tag-norge","10":"tag-norway","11":"tag-sport","12":"tag-sports"},"share_on_mastodon":{"url":"https:\/\/pubeurope.com\/@no\/115651703182530341","error":""},"_links":{"self":[{"href":"https:\/\/www.europesays.com\/no\/wp-json\/wp\/v2\/posts\/102558","targetHints":{"allow":["GET"]}}],"collection":[{"href":"https:\/\/www.europesays.com\/no\/wp-json\/wp\/v2\/posts"}],"about":[{"href":"https:\/\/www.europesays.com\/no\/wp-json\/wp\/v2\/types\/post"}],"author":[{"embeddable":true,"href":"https:\/\/www.europesays.com\/no\/wp-json\/wp\/v2\/users\/2"}],"replies":[{"embeddable":true,"href":"https:\/\/www.europesays.com\/no\/wp-json\/wp\/v2\/comments?post=102558"}],"version-history":[{"count":0,"href":"https:\/\/www.europesays.com\/no\/wp-json\/wp\/v2\/posts\/102558\/revisions"}],"wp:featuredmedia":[{"embeddable":true,"href":"https:\/\/www.europesays.com\/no\/wp-json\/wp\/v2\/media\/102559"}],"wp:attachment":[{"href":"https:\/\/www.europesays.com\/no\/wp-json\/wp\/v2\/media?parent=102558"}],"wp:term":[{"taxonomy":"category","embeddable":true,"href":"https:\/\/www.europesays.com\/no\/wp-json\/wp\/v2\/categories?post=102558"},{"taxonomy":"post_tag","embeddable":true,"href":"https:\/\/www.europesays.com\/no\/wp-json\/wp\/v2\/tags?post=102558"}],"curies":[{"name":"wp","href":"https:\/\/api.w.org\/{rel}","templated":true}]}}