{"id":102560,"date":"2025-12-02T19:50:17","date_gmt":"2025-12-02T19:50:17","guid":{"rendered":"https:\/\/www.europesays.com\/no\/102560\/"},"modified":"2025-12-02T19:50:17","modified_gmt":"2025-12-02T19:50:17","slug":"populaert-bilmerke-deler-trist-beskjed","status":"publish","type":"post","link":"https:\/\/www.europesays.com\/no\/102560\/","title":{"rendered":"Popul\u00e6rt bilmerke deler trist beskjed"},"content":{"rendered":"<p>Et av verdens raskest voksende bilmerker st\u00e5r midt i et utfordrende \u00e5r. <\/p>\n<p>En ny og omfattende tilbakekalling har satt fart i debatten om kvalitet, sikkerhet og tempoet i den globale elektrifiseringen. <\/p>\n<p>Situasjonen viser hvor krevende det kan v\u00e6re for produsenter \u00e5 skalere opp produksjonen uten at kontroll og stabilitet kommer under press.<\/p>\n<p><strong>Ny stor tilbakekalling skaper uro<\/strong><\/p>\n<p>Det som skulle v\u00e6re et \u00e5r med fortsatt internasjonal vekst, er i stedet blitt preget av gjentatte meldinger om feil og tekniske uregelmessigheter. <\/p>\n<p>Den nyeste tilbakekallingen omfatter n\u00e6r 90.000 plug-in-hybridmodeller, og utfordringene henger tett sammen med bilens mest komplekse komponent: batteriet.<\/p>\n<p>Det skriver <a href=\"https:\/\/reidasofficial.lt\/naujienos\/byd-problemos-gileja-dar-viena-masine-atsaukimo-banga-ir-210-tukst-automobiliu\/\" target=\"_blank\" rel=\"noopener nofollow\">Reidasofficial<\/a>.<\/p>\n<p>F\u00f8rst n\u00e5 bekreftes det at det er BYD som igjen m\u00e5 kalle inn et betydelig antall biler til kontroll. <\/p>\n<p>Produsenten opplyser at det er funnet produksjonsavvik i batteripakkene, noe som kan f\u00f8re til redusert str\u00f8mforsyning og midlertidig bortfall av muligheten til \u00e5 kj\u00f8re p\u00e5 ren elektrisk drift. Problemet rammer dermed bilens helt sentrale funksjon.<\/p>\n<p><strong>Et \u00e5r dominert av kvalitetsutfordringer<\/strong><\/p>\n<p>Tilbakekallingen f\u00f8yer seg inn i en lengre rekke. Tidligere i \u00e5r ble over 115.000 kj\u00f8ret\u00f8y kalt inn som f\u00f8lge av konstruksjonsfeil og andre batterirelaterte problemer. <\/p>\n<p>Samlet sett er mer enn 210.000 biler ber\u00f8rt i 2025. <\/p>\n<p>Analytikere peker p\u00e5 at den massive veksten i produksjon kan ha presset selskapets kvalitetskontroll til bristepunktet.<\/p>\n<p><strong>Salgstall og tillit under press<\/strong><\/p>\n<p>Konsekvensene merkes allerede. Salget i oktober falt med 12 prosent sammenlignet med \u00e5ret f\u00f8r, mens tredje kvartal viste en nedgang i overskuddet p\u00e5 33 prosent. <\/p>\n<p>Bransjekilder mener at hyppige tilbakekallinger svekker tilliten hos forbrukere i b\u00e5de modne og fremvoksende elbilmarkeder.<\/p>\n<p><strong>Betydning for hele elbilsektoren<\/strong><\/p>\n<p>Saken har ogs\u00e5 bredere konsekvenser. <\/p>\n<p>Batterisikkerhet er et avgj\u00f8rende tema i moderne bilindustri, og myndigheter i Europa har allerede skjerpet kravene til sertifisering og produksjonsstandarder. <\/p>\n<p>Eksperter understreker at stabil og sikker batteriproduksjon er en forutsetning for fortsatt elektrifisering.<\/p>\n<p><strong>Relevans for europeiske bilkj\u00f8pere<\/strong><\/p>\n<p>Selv om den aktuelle tilbakekallingen gjelder det kinesiske markedet, b\u00f8r europeiske bilister f\u00f8lge utviklingen n\u00f8ye. <\/p>\n<p>Flere modeller deler plattform og komponenter p\u00e5 tvers av regioner. <\/p>\n<p>Det anbefales \u00e5 kontrollere eventuelle tilbakekallinger via understellsnummer og holde seg oppdatert gjennom forhandlere.<\/p>\n<p>Utviklingen viser at selv de st\u00f8rste nye akt\u00f8rene i elbilmarkedet m\u00f8ter betydelige utfordringer n\u00e5r tempoet i elektrifiseringen \u00f8ker.<\/p>\n","protected":false},"excerpt":{"rendered":"Et av verdens raskest voksende bilmerker st\u00e5r midt i et utfordrende \u00e5r. En ny og omfattende tilbakekalling har&hellip;\n","protected":false},"author":2,"featured_media":102561,"comment_status":"","ping_status":"","sticky":false,"template":"","format":"standard","meta":{"footnotes":""},"categories":[56],"tags":[60,61,62,30,28,29],"class_list":{"0":"post-102560","1":"post","2":"type-post","3":"status-publish","4":"format-standard","5":"has-post-thumbnail","7":"category-naeringsliv","8":"tag-business","9":"tag-economy","10":"tag-naeringsliv","11":"tag-no","12":"tag-norge","13":"tag-norway"},"share_on_mastodon":{"url":"https:\/\/pubeurope.com\/@no\/115651715105497330","error":""},"_links":{"self":[{"href":"https:\/\/www.europesays.com\/no\/wp-json\/wp\/v2\/posts\/102560","targetHints":{"allow":["GET"]}}],"collection":[{"href":"https:\/\/www.europesays.com\/no\/wp-json\/wp\/v2\/posts"}],"about":[{"href":"https:\/\/www.europesays.com\/no\/wp-json\/wp\/v2\/types\/post"}],"author":[{"embeddable":true,"href":"https:\/\/www.europesays.com\/no\/wp-json\/wp\/v2\/users\/2"}],"replies":[{"embeddable":true,"href":"https:\/\/www.europesays.com\/no\/wp-json\/wp\/v2\/comments?post=102560"}],"version-history":[{"count":0,"href":"https:\/\/www.europesays.com\/no\/wp-json\/wp\/v2\/posts\/102560\/revisions"}],"wp:featuredmedia":[{"embeddable":true,"href":"https:\/\/www.europesays.com\/no\/wp-json\/wp\/v2\/media\/102561"}],"wp:attachment":[{"href":"https:\/\/www.europesays.com\/no\/wp-json\/wp\/v2\/media?parent=102560"}],"wp:term":[{"taxonomy":"category","embeddable":true,"href":"https:\/\/www.europesays.com\/no\/wp-json\/wp\/v2\/categories?post=102560"},{"taxonomy":"post_tag","embeddable":true,"href":"https:\/\/www.europesays.com\/no\/wp-json\/wp\/v2\/tags?post=102560"}],"curies":[{"name":"wp","href":"https:\/\/api.w.org\/{rel}","templated":true}]}}