{"id":102562,"date":"2025-12-02T19:51:10","date_gmt":"2025-12-02T19:51:10","guid":{"rendered":"https:\/\/www.europesays.com\/no\/102562\/"},"modified":"2025-12-02T19:51:10","modified_gmt":"2025-12-02T19:51:10","slug":"laura-woods-england-drama-i-england-laura-woods-kollapset-direkte-pa-tv","status":"publish","type":"post","link":"https:\/\/www.europesays.com\/no\/102562\/","title":{"rendered":"Laura Woods, England | Drama i England: Laura Woods kollapset direkte p\u00e5 TV"},"content":{"rendered":"\n<p>Englands kvinnelandslag spiller tirsdag kveld mot Ghana p\u00e5 St Mary&#8217;s Stadium i Southampton.<\/p>\n<p>P\u00e5 ITVs sending i forkant av kampen ble det dramatisk da den kjente programlederen Laura Woods plutselig kollapset.<\/p>\n<p>Mens hennes kollega Ian Wright snakket om kampen, falt plutselig Woods framover, f\u00f8r hun ble tatt imot av en oppmerksom Wright.<\/p>\n<p>    Vil du se neste video?<\/p>\n<p>    <a href=\"https:\/\/www.nettavisen.no\/fredrik-solvang\/jonas-gahr-store\/debatten\/fredrik-solvang-himler-av-jonas-gahr-store-men-i-alle\/v\/5-95-2751917\" class=\"recommend-poster\" data-adp-clicklabel=\"video-recommend\" data-adp-clickvalue=\"poster\" rel=\"nofollow noopener\" target=\"_blank\"><br \/>\n      <img decoding=\"async\" width=\"200\" height=\"200\" loading=\"lazy\" src=\"https:\/\/www.europesays.com\/no\/wp-content\/uploads\/2025\/11\/Solvang+bredde.jpg\" alt=\"\" class=\"brick-c-cFOWSL\" style=\"--brick-image-ratio: 200 \/ 200;\"\/><\/p>\n<p>Himler av St\u00f8re: \u2013 Men i alle\u20261:06<\/p>\n<p>    <\/a><\/p>\n<p>If\u00f8lge Daily Mail ble deretter bildene fra sendingen kuttet, men p\u00e5 lyden skal man ha h\u00f8rt Wright sjekke hvordan det gikk med Woods, f\u00f8r sendingen gikk til reklamepause.<\/p>\n<p>Hendelsen skaper store overskrifter i England, og blant andre <a href=\"https:\/\/www.thetimes.com\/sport\/football\/womens-football\/article\/laura-woods-collapse-itv-england-ghana-score-lionesses-wfjnmg6tg\" rel=\"Follow nofollow noopener\" target=\"_blank\">The Times<\/a> og <a href=\"https:\/\/www.dailymail.co.uk\/sport\/football\/article-15346501\/laura-woods-collapse-itv-england-match.html?utm_social_handle_id=111556576&amp;ito=social-twitter_dailymailsport&amp;ns_mchannel=rss&amp;utm_social_post_id=612353323&amp;ns_campaign=1490\" rel=\"Follow nofollow noopener\" target=\"_blank\">Daily Mail<\/a> sl\u00e5r det stort opp.<\/p>\n<p>Etter hendelsen steppet Katie Shanahan inn som programleder. Hun sa at Woods ble syk.<\/p>\n<p>\u2013 Som dere sikkert har lagt merke til, har vi ikke den fantastiske Laura Woods fordi hun nettopp har blitt syk, men hun er i veldig gode hender, s\u00e5 jeg griper inn p\u00e5 kort varsel, sa Shanahan.<\/p>\n<p>Woods sin forlovede Adam Collard skriver p\u00e5 X at det g\u00e5r fint med henne.<\/p>\n<p>\u2013 Laura har det bra og er sammen med de rette menneskene. Takk for alle de hyggelige meldingene deres, skriver han.<\/p>\n<p>ITV har enn\u00e5 ikke kommet med noen uttalelse om hendelsen.<\/p>\n","protected":false},"excerpt":{"rendered":"Englands kvinnelandslag spiller tirsdag kveld mot Ghana p\u00e5 St Mary&#8217;s Stadium i Southampton. P\u00e5 ITVs sending i forkant&hellip;\n","protected":false},"author":2,"featured_media":102563,"comment_status":"","ping_status":"","sticky":false,"template":"","format":"standard","meta":{"footnotes":""},"categories":[12],"tags":[20,21,24,25,15,22,23,13,30,28,29,14,16,26,27,42,43,44,45],"class_list":{"0":"post-102562","1":"post","2":"type-post","3":"status-publish","4":"format-standard","5":"has-post-thumbnail","7":"category-verden","8":"tag-breaking-news","9":"tag-breakingnews","10":"tag-featured-news","11":"tag-featurednews","12":"tag-headlines","13":"tag-latest-news","14":"tag-latestnews","15":"tag-news","16":"tag-no","17":"tag-norge","18":"tag-norway","19":"tag-nyheter","20":"tag-overskrifter","21":"tag-top-stories","22":"tag-topstories","23":"tag-verden","24":"tag-world","25":"tag-world-news","26":"tag-worldnews"},"share_on_mastodon":{"url":"https:\/\/pubeurope.com\/@no\/115651719211244074","error":""},"_links":{"self":[{"href":"https:\/\/www.europesays.com\/no\/wp-json\/wp\/v2\/posts\/102562","targetHints":{"allow":["GET"]}}],"collection":[{"href":"https:\/\/www.europesays.com\/no\/wp-json\/wp\/v2\/posts"}],"about":[{"href":"https:\/\/www.europesays.com\/no\/wp-json\/wp\/v2\/types\/post"}],"author":[{"embeddable":true,"href":"https:\/\/www.europesays.com\/no\/wp-json\/wp\/v2\/users\/2"}],"replies":[{"embeddable":true,"href":"https:\/\/www.europesays.com\/no\/wp-json\/wp\/v2\/comments?post=102562"}],"version-history":[{"count":0,"href":"https:\/\/www.europesays.com\/no\/wp-json\/wp\/v2\/posts\/102562\/revisions"}],"wp:featuredmedia":[{"embeddable":true,"href":"https:\/\/www.europesays.com\/no\/wp-json\/wp\/v2\/media\/102563"}],"wp:attachment":[{"href":"https:\/\/www.europesays.com\/no\/wp-json\/wp\/v2\/media?parent=102562"}],"wp:term":[{"taxonomy":"category","embeddable":true,"href":"https:\/\/www.europesays.com\/no\/wp-json\/wp\/v2\/categories?post=102562"},{"taxonomy":"post_tag","embeddable":true,"href":"https:\/\/www.europesays.com\/no\/wp-json\/wp\/v2\/tags?post=102562"}],"curies":[{"name":"wp","href":"https:\/\/api.w.org\/{rel}","templated":true}]}}