{"id":102564,"date":"2025-12-02T19:52:14","date_gmt":"2025-12-02T19:52:14","guid":{"rendered":"https:\/\/www.europesays.com\/no\/102564\/"},"modified":"2025-12-02T19:52:14","modified_gmt":"2025-12-02T19:52:14","slug":"fyrst-albert-blokkerer-ny-abortlov-i-monaco-kvinner-ma-reise-utenlands","status":"publish","type":"post","link":"https:\/\/www.europesays.com\/no\/102564\/","title":{"rendered":"Fyrst Albert blokkerer ny abortlov i Monaco: Kvinner m\u00e5 reise utenlands"},"content":{"rendered":"<p class=\"kicker \" style=\"\">Fyrst Albert:<\/p>\n<p>  Kvinner i Monaco som vil ta abort m\u00e5 reise ut av landet. Det har fyrst Albert s\u00f8rget for.<\/p>\n<p>\n    SIER NEI: Fyrst Albert nekter \u00e5 la kvinner ta abort i Monaco. Her med kona fyrstinne Charlene. Foto: SplashNews \/ NTB\n  <\/p>\n<p>I Monaco er det i dag generelt ulovlig med selvbestemt abort. Det er bare i tre s\u00e6rtilfeller, som ved voldtekt, alvorlig fare for mor eller alvorlig fosterfeil, at det er tillatt.<\/p>\n<p>    <a itemprop=\"url\" href=\"https:\/\/www.dagbladet.no\/kjendis\/har-blitt-syk\/83925110\" rel=\"nofollow noopener\" target=\"_blank\"><\/p>\n<p>      <img loading=\"lazy\" decoding=\"async\" src=\"https:\/\/www.europesays.com\/no\/wp-content\/uploads\/2025\/12\/1764705131_497_83925138.webp\" width=\"980\" height=\"441\" title=\"Har blitt syk\" alt=\"\" class=\"lazyload\" style=\"--aspect-ratio-image: 2.22; \"\/><\/p>\n<p>        Har blitt syk<\/p>\n<p>    <\/a><\/p>\n<p>Fram til 2019 kunne kvinner til og med risikere \u00e5 bli straffet med fengsel dersom de fikk en abort utenfor unntakene.\u00a0<\/p>\n<p>I \u00e5r kom imidlertid et lovforslag som ville \u00e5pne for abort inntil uke tolv uten krav om medisinsk grunn, og inntil uke 16 dersom graviditeten skyldtes voldtekt. Det skulle ogs\u00e5 senke alderen for samtykke fra foresatte fra 18 til 15 \u00e5r.<\/p>\n<p>        KYSSET: Fyrsteparet overrasket p\u00e5 norgesbes\u00f8k. <\/p>\n<p>Nasjonalr\u00e5det stemte nesten enstemmig ja til forslaget, med 19 mot to stemmer.<\/p>\n<p class=\"font-weight-bold m-font-weight-bold\" data-lab-font_weight=\"font-weight-bold\">Men der stoppet det. <a href=\"https:\/\/www.dagbladet.no\/kjendis\/fyrstefamiliens-elleville-luksusliv\/83406261\" rel=\"nofollow noopener\" target=\"_blank\">Fyrst Albert (67)<\/a>, som m\u00e5 signere lover for at de skal tre i kraft, nektet \u00e5 skrive under p\u00e5 lovforslaget. Abortloven blir dermed uendret. Det melder <a href=\"https:\/\/people.com\/prince-albert-monaco-blocks-bill-legalize-abortion-explains-why-11856872\" rel=\"nofollow noopener\" target=\"_blank\">People<\/a>.<\/p>\n<p>    <a itemprop=\"url\" href=\"https:\/\/www.dagbladet.no\/kjendis\/lever-pa-lant-tid\/83921027\" rel=\"nofollow noopener\" target=\"_blank\"><\/p>\n<p>      <img loading=\"lazy\" decoding=\"async\" src=\"https:\/\/www.europesays.com\/no\/wp-content\/uploads\/2025\/12\/1764705132_191_83922634.webp\" width=\"980\" height=\"441\" title=\"- Lever p\u00e5 l\u00e5nt tid\" alt=\"\" class=\"lazyload\" style=\"--aspect-ratio-image: 2.22; \"\/><\/p>\n<p>        &#8211; Lever p\u00e5 l\u00e5nt tid<\/p>\n<p>    <\/a><\/p>\n<p>For kvinner i Monaco som \u00f8nsker \u00e5 f\u00e5 utf\u00f8rt en abort, betyr det at de m\u00e5 reise til utlandet.\u00a0<\/p>\n<p>&#8211; Jeg forst\u00e5r hvor f\u00f8lsomt emnet er, og hvilke f\u00f8lelser det kan vekke, sier fyrsten til <a href=\"https:\/\/www.monaco-tribune.com\/en\/2025\/11\/prince-albert-ii-rules-out-legalising-abortion-and-unveils-ambitions-for-la-rousse-development\/\" rel=\"nofollow noopener\" target=\"_blank\">Monaco-Tribune<\/a>.<\/p>\n<p>Han viser til den katolske religionen som grunn til avgj\u00f8relsen sin.<\/p>\n<p class=\"font-weight-bold m-font-weight-bold\" data-lab-font_weight=\"font-weight-bold\">&#8211; Jeg tror at det n\u00e5v\u00e6rende systemet uttrykker hvem vi er, med tanke p\u00e5 den katolske religionens rolle i landet v\u00e5rt, samtidig som det gir trygt og human st\u00f8tte.<\/p>\n<p>Monaco er en religi\u00f8s stat, der majoriteten tilh\u00f8rer den romersk-katolske kirke &#8211; fyrstehuset inkludert.<\/p>\n<p>          <img loading=\"lazy\" decoding=\"async\" src=\"https:\/\/www.europesays.com\/no\/wp-content\/uploads\/2025\/12\/83926194.webp\" width=\"686\" height=\"680\" title=\"FYRSTEBARN: Fyrstinne Charlene sammen med tvillingene Jacques og Gabriella. De fyller elleve \u00e5r 10. desember 2025. Foto: SplashNews \/ NTB\" alt=\"\" class=\"\" style=\"--aspect-ratio-image: 1.01; \"\/><\/p>\n<p>\n          FYRSTEBARN: Fyrstinne Charlene sammen med tvillingene Jacques og Gabriella. De fyller elleve \u00e5r 10. desember 2025. Foto: SplashNews \/ NTB\n      <\/p>\n<p>Dagbladets kommentator Sigrid Hvidsten omtaler det hele som\u00a0\u00abh\u00e5rreisende\u00bb.<\/p>\n<p>&#8211; I Norge er det kong Harald som underskriver lovene som vedtas av Stortinget. Han har aldri nektet \u00e5 underskrive en lov som Stortinget har vedtatt. I Monaco har fyrsten, s\u00e5 vidt jeg har skj\u00f8nt, mer reell makt og kan i st\u00f8rre grad p\u00e5virke styringen av landet, sier hun, og legger til:<\/p>\n<p>    <a itemprop=\"url\" href=\"https:\/\/www.dagbladet.no\/kjendis\/snakker-utetter-30-ar\/83787042\" rel=\"nofollow noopener\" target=\"_blank\"><\/p>\n<p>      <img loading=\"lazy\" decoding=\"async\" src=\"https:\/\/www.europesays.com\/no\/wp-content\/uploads\/2025\/12\/83786932.webp\" width=\"980\" height=\"441\" title=\"Snakker utetter 30 \u00e5r\" alt=\"\" class=\"lazyload\" style=\"--aspect-ratio-image: 2.22; \"\/><\/p>\n<p>        Snakker utetter 30 \u00e5r<\/p>\n<p>    <\/a><\/p>\n<p class=\"font-weight-bold m-font-weight-bold\" data-lab-font_weight=\"font-weight-bold\">&#8211; At han n\u00e5 bruker sin vetorett for \u00e5 forhindre legalisering av abort, synes jeg er oppsiktsvekkende og h\u00e5rreisende. Det er Monacos kvinner som burde kunne bestemme over egen kropp, ikke fyrst Albert.<\/p>\n<p>Fyrst Albert selv har fire barn. Han har tvillingene Gabriella og Jacques (10) med kona fyrstinne Charlene (47). Albert har ogs\u00e5 to eldre barn med to ulike kvinner,\u00a0Jazmin Grace Grimaldi (33) og Alexandre Coste (22). Siden Jazmin og\u00a0Alexandre er f\u00f8dt utenfor ekteskap, har ingen av dem rett p\u00e5 den monegaskiske tronen.<\/p>\n<p>        JUL: Melania Trump delte mandag en video av julepynten i Det hvite hus for 2025. Video: @FLOTUS<\/p>\n<p>Jazmin Grace Grimaldi, Alberts f\u00f8rstef\u00f8dte, hadde uansett hatt en tr\u00f8blete vei til tronen. Arverekkef\u00f8lgen i Monaco er regulert av en lov fra 2022, som sier at menn i teorien settes foran kvinner.<\/p>\n<p>Kvinner kan arve tronen, men menn er prioritert i arverekkef\u00f8lgen hvis det er b\u00e5de s\u00f8nner og d\u00f8tre i sammen slektskapsgrad.<\/p>\n","protected":false},"excerpt":{"rendered":"Fyrst Albert: Kvinner i Monaco som vil ta abort m\u00e5 reise ut av landet. Det har fyrst Albert&hellip;\n","protected":false},"author":2,"featured_media":102565,"comment_status":"","ping_status":"","sticky":false,"template":"","format":"standard","meta":{"footnotes":""},"categories":[10],"tags":[20,21,24,25,4887,8211,4885,15,479,22,23,13,30,28,29,14,16,26,27],"class_list":{"0":"post-102564","1":"post","2":"type-post","3":"status-publish","4":"format-standard","5":"has-post-thumbnail","7":"category-norge","8":"tag-breaking-news","9":"tag-breakingnews","10":"tag-featured-news","11":"tag-featurednews","12":"tag-fyrst-albert","13":"tag-fyrstedommet-i-monaco","14":"tag-fyrstinne-charlene","15":"tag-headlines","16":"tag-kjendis","17":"tag-latest-news","18":"tag-latestnews","19":"tag-news","20":"tag-no","21":"tag-norge","22":"tag-norway","23":"tag-nyheter","24":"tag-overskrifter","25":"tag-top-stories","26":"tag-topstories"},"share_on_mastodon":{"url":"https:\/\/pubeurope.com\/@no\/115651723270219309","error":""},"_links":{"self":[{"href":"https:\/\/www.europesays.com\/no\/wp-json\/wp\/v2\/posts\/102564","targetHints":{"allow":["GET"]}}],"collection":[{"href":"https:\/\/www.europesays.com\/no\/wp-json\/wp\/v2\/posts"}],"about":[{"href":"https:\/\/www.europesays.com\/no\/wp-json\/wp\/v2\/types\/post"}],"author":[{"embeddable":true,"href":"https:\/\/www.europesays.com\/no\/wp-json\/wp\/v2\/users\/2"}],"replies":[{"embeddable":true,"href":"https:\/\/www.europesays.com\/no\/wp-json\/wp\/v2\/comments?post=102564"}],"version-history":[{"count":0,"href":"https:\/\/www.europesays.com\/no\/wp-json\/wp\/v2\/posts\/102564\/revisions"}],"wp:featuredmedia":[{"embeddable":true,"href":"https:\/\/www.europesays.com\/no\/wp-json\/wp\/v2\/media\/102565"}],"wp:attachment":[{"href":"https:\/\/www.europesays.com\/no\/wp-json\/wp\/v2\/media?parent=102564"}],"wp:term":[{"taxonomy":"category","embeddable":true,"href":"https:\/\/www.europesays.com\/no\/wp-json\/wp\/v2\/categories?post=102564"},{"taxonomy":"post_tag","embeddable":true,"href":"https:\/\/www.europesays.com\/no\/wp-json\/wp\/v2\/tags?post=102564"}],"curies":[{"name":"wp","href":"https:\/\/api.w.org\/{rel}","templated":true}]}}