{"id":102566,"date":"2025-12-02T19:53:22","date_gmt":"2025-12-02T19:53:22","guid":{"rendered":"https:\/\/www.europesays.com\/no\/102566\/"},"modified":"2025-12-02T19:53:22","modified_gmt":"2025-12-02T19:53:22","slug":"varmen-kan-bli-et-stort-problem-under-fotball-vm-2026","status":"publish","type":"post","link":"https:\/\/www.europesays.com\/no\/102566\/","title":{"rendered":"Varmen kan bli et stort problem under fotball VM 2026"},"content":{"rendered":"<p>Da dommeren bl\u00e5ste i gang kampen mellom Borussia Dortmund og Mamelodi Sundowns i klubb-VM i sommer, var ikke alt som det pleier.<\/p>\n<p>P\u00e5 benken til Dortmund var det kun trener Niko Kovac og de andre fra st\u00f8tteapparatet.<\/p>\n<p>Ingen spillere.<\/p>\n<p>\u2013 Innbytterne v\u00e5re s\u00e5 f\u00f8rsteomgang fra garderoben for \u00e5 unng\u00e5 den stekende solen. Dette har vi aldri sett f\u00f8r, men i denne varmen gir det absolutt mening, skrev Dortmund p\u00e5 X.<\/p>\n<p>        <img class=\"image__img lazyload\" itemprop=\"image\" title=\"Foto: Kai Pfaffenbach \/ Reuters \/ NTB\" alt=\"ANDREOMGANG: Etter pausen flyttet spillerne seg ut, men fortsatt gjorde man det man kunne for \u00e5 skjerme spillerne fra den brennhete solen. Foto: Kai Pfaffenbach \/ Reuters \/ NTB\" width=\"675\" height=\"419\" bad-src=\"https:\/\/www.europesays.com\/no\/wp-content\/uploads\/2025\/12\/18341051.webp\" fetchpriority=\"auto\" \/><\/p>\n<p>      ANDREOMGANG: Etter pausen flyttet spillerne seg ut, men fortsatt gjorde man det man kunne for \u00e5 skjerme spillerne fra den brennhete solen.<br \/>\n         Foto: Kai Pfaffenbach \/ Reuters \/ NTB<\/p>\n<p>Klubb-VM var selve fors\u00f8kskaninen f\u00f8r neste sommers VM. USA fikk vist frem storsl\u00e5tte arenaer, men mesterskapet etterlot seg ogs\u00e5 en rekke sp\u00f8rsm\u00e5l.\u00a0<\/p>\n<p>For er det forsvarlig \u00e5 la spillere utsette seg for risikoen som kommer med den intense varmen?<\/p>\n<p>        <img class=\"image__img lazyload\" itemprop=\"image\" title=\"Foto: Matt Slocum \/ AP \/ NTB\" alt=\"UBEHAGELIG: Palmeiras-spiller Vitor Roque kj\u00f8ler seg ned etter \u00e5 ha blitt byttet ut under klubb-VM. Foto: Matt Slocum \/ AP \/ NTB\" width=\"675\" height=\"554\" bad-src=\"https:\/\/www.europesays.com\/no\/wp-content\/uploads\/2025\/12\/18322405.webp\" fetchpriority=\"auto\" \/><\/p>\n<p>      UBEHAGELIG: Palmeiras-spiller Vitor Roque kj\u00f8ler seg ned etter \u00e5 ha blitt byttet ut under klubb-VM.<br \/>\n         Foto: Matt Slocum \/ AP \/ NTB<\/p>\n<p>Fredag trekkes VM-gruppene, og Norge f\u00e5r vite sine tre motstandere i gruppespillet. L\u00f8rdag blir det klart hvilke byer og klokkeslett kampene skal spilles.\u00a0<\/p>\n<p class=\"bold m-bold\" data-lab-font_weight=\"bold\">Begge deler ser du selvsagt p\u00e5 TV 2 Play.<\/p>\n<p>Kamptidspunktene Norge kan f\u00e5 kamper p\u00e5 er 18.00, 21.00, 00.00 og 03.00 i norsk tid.<\/p>\n<p>VM strekker seg fra Los Angeles, Vancouver og Seattle i vest til Boston og New York i \u00f8st. Tidsforskjellen fra Los Angeles til Norge er p\u00e5 hele ni timer, mens det p\u00e5 \u00f8stkysten er seks timer.<\/p>\n<p>For europeiske TV-kanaler og supportere vil selvsagt kamper 18.00 og 21.00 v\u00e6re \u00e5 foretrekke.\u00a0Problemet er at dette er de verste tidspunktene for spillerne, for det er da det er varmest.<\/p>\n<p>\u2013 Varmen var utrolig. For noen dager siden ble jeg litt svimmel da jeg spilte, s\u00e5 jeg m\u00e5tte legge med ned p\u00e5 bakken. Det er rett og slett veldig farlig.<\/p>\n<p>Det sa Chelsea- og Argentina-stjernen Enzo Fern\u00e1ndez etter en trening i 37 grader, hvor luftfuktigheten var p\u00e5 45 prosent, noe som gj\u00f8r at de 37 gradene f\u00f8les betraktelig varmere.<\/p>\n<p>\u2013 Timingen er fin for europeiske TV-seere, men spillerne lider, sa PSG-sjef Luis Enrique under klubb-VM.<\/p>\n<p>        <img class=\"image__img lazyload\" itemprop=\"image\" title=\"Foto: VINCENT CARCHIETTA \/ Reuters \/ NTB\" alt=\"LUFTKANONER: P\u00e5 MetLife Stadium, hvor VM-finalen skal spilles, var det plassert ut luftkanoner for \u00e5 kj\u00f8le ned benkene under klubb-VM. Foto: VINCENT CARCHIETTA \/ Reuters \/ NTB\" width=\"978\" height=\"551\" bad-src=\"https:\/\/www.europesays.com\/no\/wp-content\/uploads\/2025\/12\/18322431.webp\" fetchpriority=\"auto\" \/><\/p>\n<p>      LUFTKANONER: P\u00e5 MetLife Stadium, hvor VM-finalen skal spilles, var det plassert ut luftkanoner for \u00e5 kj\u00f8le ned benkene under klubb-VM.<br \/>\n         Foto: VINCENT CARCHIETTA \/ Reuters \/ NTB<\/p>\n<p>Norsk USA-proff: \u2013 Helt annen f\u00f8lelse<\/p>\n<p>\u2013 Det er nesten som en badstue.<\/p>\n<p>Det sier bergenser og tidligere Troms\u00f8-profil Tomas Totland til TV 2.<\/p>\n<p>Han lever proffdr\u00f8mmen i St. Louis City i USA og vet n\u00f8yaktig hva som venter de norske spillerne neste sommer.<\/p>\n<p>\u2013 Det kan st\u00e5 30 grader p\u00e5 termometeret, men det f\u00f8les som 45 grader. Det starter allerede rundt halv ti om morgenen og varer stort sett hele dagen.<\/p>\n<p>        <img class=\"image__img lazyload\" itemprop=\"image\" title=\"Foto: MEGAN BRIGGS \/ AFP \/ NTB\" alt=\"STJERNER: Tomas Totland har m\u00f8tt store navn i MLS, her fra en duell med Inter Miamis Luis Su\u00e1rez. Foto: MEGAN BRIGGS \/ AFP \/ NTB\" width=\"675\" height=\"460\" bad-src=\"https:\/\/www.europesays.com\/no\/wp-content\/uploads\/2025\/12\/18339799.webp\" fetchpriority=\"auto\" \/><\/p>\n<p>      STJERNER: Tomas Totland har m\u00f8tt store navn i MLS, her fra en duell med Inter Miamis Luis Su\u00e1rez.<br \/>\n         Foto: MEGAN BRIGGS \/ AFP \/ NTB<\/p>\n<p>Han synes det er vanskelig \u00e5 forklare n\u00f8yaktig hvordan kroppen reagerer p\u00e5 varmen, men pr\u00f8ver \u00e5 sette det i kontekst for nordmenn:<\/p>\n<p>\u2013 Jeg har jo v\u00e6rt p\u00e5 treningsleirer i Marbella og lignende, s\u00e5 jeg tenkte det kanskje var litt lignende, men det er en helt annen f\u00f8lelse!<\/p>\n<p>H\u00e5per Norge slipper \u00e9n spesifikk by<\/p>\n<p>St. Louis ligger i delstaten Missouri, som ligger sentralt i USA. Noen timer vest ligger Kansas City, hvor det skal spilles VM-kamper.<\/p>\n<p>\u2013 Kansas blir nok en av de verste, sier nordmannen.<\/p>\n<p> Tre av de varmeste VM-byene\u00a0har taksystemer, som gj\u00f8r det mulig \u00e5 legge tak over arenaen. De er ogs\u00e5 utstyrt med klimaanlegg. Byene dette gjelder er Atlanta, Houston og Dallas.\u00a0 I disse byene kan temperaturen bli s\u00e5 mye som over 40 grader i sommerm\u00e5nedene.<\/p>\n<p class=\"italic m-italic\" data-lab-italic=\"italic\">\u2013 Hvor tror du det er best for Norge \u00e5 spille?<\/p>\n<p>\u2013 Langs kysten. Det blir varmt der ogs\u00e5, men luften er helt annerledes p\u00e5 grunn av sj\u00f8en. Det vil v\u00e6re en klar fordel. Varmt blir det uansett, men midt i landet er det verst.\u00a0<\/p>\n<p><a href=\"https:\/\/www.tv2.no\/sport\/fotball\/slik-blir-fotball-vm-2026-som-104-super-bowls\/18240632\/\" target=\"_blank\" rel=\"nofollow noopener\">Norge kommer til \u00e5 havne i \u00e9n<\/a> av tre soner. Vest, sentral eller \u00f8st. Alle sonene vil by p\u00e5 forskjellig klima, tidssoner og reiseavstander. Totland h\u00e5per alts\u00e5 at Norge slipper byene som er markert med bl\u00e5 farge.<\/p>\n<p>        <img class=\"image__img lazyload\" itemprop=\"image\" title=\"Foto: Grafikk: Fredrik William Blekstad.\" alt=\"HVA FRISTER MEST? Vest, sentralt eller \u00f8st? Det er sonene man vil bli plassert under gruppespillet. Foto: Grafikk: Fredrik William Blekstad.\" width=\"675\" height=\"392\" bad-src=\"https:\/\/www.europesays.com\/no\/wp-content\/uploads\/2025\/12\/18340998.webp\" fetchpriority=\"auto\" \/><\/p>\n<p>      HVA FRISTER MEST? Vest, sentralt eller \u00f8st? Det er sonene man vil bli plassert under gruppespillet.<br \/>\n         Foto: Grafikk: Fredrik William Blekstad.<\/p>\n<p>For det er ikke bare kampene som blir varme. Bare det \u00e5 v\u00e6re der om sommeren kan by p\u00e5 utfordringer.<\/p>\n<p>\u2013 Dersom du har en fridag og tenker deg ut en tur, s\u00e5 blir du sliten i det du g\u00e5r ut d\u00f8ren. Kroppen svetter med en gang. Du kan ikke finne p\u00e5 s\u00e5 mye aktiviteter ute, det er rett og slett for slitsomt for kroppen. Man blir p\u00e5virket selv om man ikke trener.<\/p>\n<p>Tomas Totland har god kontroll p\u00e5 hvilke forbehold og metoder man kan benytte seg av for \u00e5 minimere varmens p\u00e5virkning.\u00a0<\/p>\n<p>\u2013 Det er helt klart viktig \u00e5 ha fokus p\u00e5 elektrolytter, vann og \u00e5 minimere tid i solen.<\/p>\n<p>Elektrolytter regulerer kroppens v\u00e6skebalanse og er avgj\u00f8rende for en normal funksjon. N\u00e5r man svetter mister kroppen elektrolytter, som kan f\u00f8re til tretthet, kramper og svimmelhet, <a href=\"https:\/\/sml.snl.no\/elektrolytter_-_i_kroppen\" target=\"_blank\" rel=\"nofollow noopener\">if\u00f8lge SML.<\/a><\/p>\n<p>Lurer du p\u00e5 hvilke stadioner og byer det skal spilles i under VM? <a href=\"https:\/\/www.tv2.no\/sport\/fotball\/slik-blir-fotball-vm-2026-som-104-super-bowls\/18240632\/\" target=\"_blank\" rel=\"nofollow noopener\">Da kan du lese denne saken:<\/a>\u00a0<a href=\"https:\/\/www.tv2.no\/sport\/fotball\/slik-blir-fotball-vm-2026-som-104-super-bowls\/18240632\/\" target=\"_blank\" rel=\"nofollow noopener\">Stadionene, byene og mye annet!<\/a><\/p>\n<p>        <img class=\"image__img lazyload\" itemprop=\"image\" title=\"Foto: Scott Rovak \/ Reuters \/ NTB\" alt=\"VM: Tomas Totlands hjemby St. Louis er ikke blant byene hvor det skal spilles VM-kamper. Foto: Scott Rovak \/ Reuters \/ NTB\" width=\"978\" height=\"551\" bad-src=\"https:\/\/www.europesays.com\/no\/wp-content\/uploads\/2025\/12\/18340515.webp\" fetchpriority=\"auto\" \/><\/p>\n<p>      VM: Tomas Totlands hjemby St. Louis er ikke blant byene hvor det skal spilles VM-kamper.<br \/>\n         Foto: Scott Rovak \/ Reuters \/ NTB<\/p>\n<p>I St. Louis har klubben tatt flere grep. Blant annet har de oppbl\u00e5sbare basseng hvor man kan isbade og kj\u00f8le ned kroppen.\u00a0<\/p>\n<p>De har ogs\u00e5 tatt grep for \u00e5 kj\u00f8le ned kroppen innvendig.\u00a0If\u00f8lge Totland har det blitt sv\u00e6rt popul\u00e6rt blant klubbene i ligaen med en type slush, man drikker like etter trening og kamper.<\/p>\n<p>\u2013 Det finnes ting som kan lindre smerten, men varmen f\u00e5r man ikke gjort noe med. Det er beint\u00f8ft. Det er ikke mange steder i verden man opplever lignende. Det blir interessant \u00e5 se hvordan de h\u00e5ndterer det, for det er nok noen nasjoner som vil mestre det bedre, sier Totland.<\/p>\n<p>En som kan vise seg \u00e5 bli sv\u00e6rt viktig for Norges planlegging er Mario Pafundi.\u00a0<\/p>\n<p>Fysioen jobber til daglig for Manchester City, men har de siste \u00e5rene ogs\u00e5 v\u00e6rt en del av Norges landslag.\u00a0<\/p>\n<p>Han har trolig noen gode tips og erfaringer etter Manchester Citys opplevelse av klubb-VM.<\/p>\n<p class=\"bold m-bold\" data-lab-font_weight=\"bold\">Husk at du kan se trekningen av gruppene p\u00e5 fredag fra klokken 17.00! Du ser det selvsagt p\u00e5 TV 2 Play!<\/p>\n<p>        <img class=\"image__img lazyload\" itemprop=\"image\" title=\"Foto: Vegard Gr\u00f8tt \/ BILDBYR\u00c5N\" alt=\"TETT P\u00c5: Mario Pafundi (t.h) er ofte \u00e5 se i n\u00e6rheten av Erling Braut Haaland. Foto: Vegard Gr\u00f8tt \/ BILDBYR\u00c5N\" width=\"675\" height=\"460\" bad-src=\"https:\/\/www.europesays.com\/no\/wp-content\/uploads\/2025\/12\/18340927.webp\" fetchpriority=\"auto\" \/><\/p>\n<p>      TETT P\u00c5: Mario Pafundi (t.h) er ofte \u00e5 se i n\u00e6rheten av Erling Braut Haaland.<br \/>\n         Foto: Vegard Gr\u00f8tt \/ BILDBYR\u00c5N<\/p>\n","protected":false},"excerpt":{"rendered":"Da dommeren bl\u00e5ste i gang kampen mellom Borussia Dortmund og Mamelodi Sundowns i klubb-VM i sommer, var ikke&hellip;\n","protected":false},"author":2,"featured_media":102567,"comment_status":"","ping_status":"","sticky":false,"template":"","format":"standard","meta":{"footnotes":""},"categories":[5],"tags":[20,21,24,25,15,19,22,23,17,18,13,30,28,29,14,16,26,27],"class_list":{"0":"post-102566","1":"post","2":"type-post","3":"status-publish","4":"format-standard","5":"has-post-thumbnail","7":"category-overskrifter","8":"tag-breaking-news","9":"tag-breakingnews","10":"tag-featured-news","11":"tag-featurednews","12":"tag-headlines","13":"tag-hovedoppslag","14":"tag-latest-news","15":"tag-latestnews","16":"tag-main-news","17":"tag-mainnews","18":"tag-news","19":"tag-no","20":"tag-norge","21":"tag-norway","22":"tag-nyheter","23":"tag-overskrifter","24":"tag-top-stories","25":"tag-topstories"},"share_on_mastodon":{"url":"https:\/\/pubeurope.com\/@no\/115651726915165974","error":""},"_links":{"self":[{"href":"https:\/\/www.europesays.com\/no\/wp-json\/wp\/v2\/posts\/102566","targetHints":{"allow":["GET"]}}],"collection":[{"href":"https:\/\/www.europesays.com\/no\/wp-json\/wp\/v2\/posts"}],"about":[{"href":"https:\/\/www.europesays.com\/no\/wp-json\/wp\/v2\/types\/post"}],"author":[{"embeddable":true,"href":"https:\/\/www.europesays.com\/no\/wp-json\/wp\/v2\/users\/2"}],"replies":[{"embeddable":true,"href":"https:\/\/www.europesays.com\/no\/wp-json\/wp\/v2\/comments?post=102566"}],"version-history":[{"count":0,"href":"https:\/\/www.europesays.com\/no\/wp-json\/wp\/v2\/posts\/102566\/revisions"}],"wp:featuredmedia":[{"embeddable":true,"href":"https:\/\/www.europesays.com\/no\/wp-json\/wp\/v2\/media\/102567"}],"wp:attachment":[{"href":"https:\/\/www.europesays.com\/no\/wp-json\/wp\/v2\/media?parent=102566"}],"wp:term":[{"taxonomy":"category","embeddable":true,"href":"https:\/\/www.europesays.com\/no\/wp-json\/wp\/v2\/categories?post=102566"},{"taxonomy":"post_tag","embeddable":true,"href":"https:\/\/www.europesays.com\/no\/wp-json\/wp\/v2\/tags?post=102566"}],"curies":[{"name":"wp","href":"https:\/\/api.w.org\/{rel}","templated":true}]}}