{"id":102574,"date":"2025-12-02T19:59:09","date_gmt":"2025-12-02T19:59:09","guid":{"rendered":"https:\/\/www.europesays.com\/no\/102574\/"},"modified":"2025-12-02T19:59:09","modified_gmt":"2025-12-02T19:59:09","slug":"skred-snoskred-varsler-betydelig-snoskredfare","status":"publish","type":"post","link":"https:\/\/www.europesays.com\/no\/102574\/","title":{"rendered":"Skred, Sn\u00f8skred | Varsler betydelig sn\u00f8skredfare"},"content":{"rendered":"\n<p>Natt til onsdag sl\u00e5r v\u00e6ret om til sn\u00f8, og deretter regn. Det f\u00e5r konsekvenser for skredfaren.<\/p>\n<p>\u2013 Kompleks situasjon med opptil flere svake lag i sn\u00f8dekket. V\u00e6r ogs\u00e5 forsiktig i omr\u00e5der med fersk fokksn\u00f8, s\u00e6rlig n\u00e5r vinden tar seg opp utover dagen, <a href=\"https:\/\/www.varsom.no\/snoskred\/varsling\/varsel\/Troms%c3%b8\/?utm_source=abonner&amp;utm_medium=email&amp;utm_campaign=avalanche\" rel=\"Follow nofollow noopener\" target=\"_blank\">melder Varsom.no.<\/a><\/p>\n<p>De oppjusterer faregraden til 3 (betydelig) for regionene Lyngen, Troms\u00f8 og S\u00f8r-Troms.<\/p>\n<p>\u2013 Onsdag blir det potensielt en god del nedb\u00f8r i regionen, med vind fra \u00f8st og nord\u00f8st. Over ca. 200\u2013300 moh. vil all nedb\u00f8ren komme som sn\u00f8, og danne ferske nysn\u00f8flak i leheng. Disse kan v\u00e6re lette \u00e5 l\u00f8se ut, melder Varsom.<\/p>\n<p>Der det er lastet inn mest sn\u00f8 kan skred l\u00f8ses ut av seg selv. Her kan ogs\u00e5 vekten p\u00e5virke svake lag dypere i sn\u00f8dekket og gi st\u00f8rre skred.<\/p>\n<p>\u2013 Skredfaren vil v\u00e6re st\u00f8rst utover kvelden n\u00e5r sn\u00f8v\u00e6ret er kraftigst. Det er stor usikkerhet knyttet til hvor mildt det blir i regionen onsdag.<\/p>\n","protected":false},"excerpt":{"rendered":"Natt til onsdag sl\u00e5r v\u00e6ret om til sn\u00f8, og deretter regn. Det f\u00e5r konsekvenser for skredfaren. \u2013 Kompleks&hellip;\n","protected":false},"author":2,"featured_media":2176,"comment_status":"","ping_status":"","sticky":false,"template":"","format":"standard","meta":{"footnotes":""},"categories":[10],"tags":[36,20,21,24,25,15,22,23,13,30,28,29,14,16,4210,10502,1510,26,27,6405],"class_list":{"0":"post-102574","1":"post","2":"type-post","3":"status-publish","4":"format-standard","5":"has-post-thumbnail","7":"category-norge","8":"tag-art","9":"tag-breaking-news","10":"tag-breakingnews","11":"tag-featured-news","12":"tag-featurednews","13":"tag-headlines","14":"tag-latest-news","15":"tag-latestnews","16":"tag-news","17":"tag-no","18":"tag-norge","19":"tag-norway","20":"tag-nyheter","21":"tag-overskrifter","22":"tag-skred","23":"tag-snoskred","24":"tag-story","25":"tag-top-stories","26":"tag-topstories","27":"tag-varsom-no"},"share_on_mastodon":{"url":"https:\/\/pubeurope.com\/@no\/115651750324305801","error":""},"_links":{"self":[{"href":"https:\/\/www.europesays.com\/no\/wp-json\/wp\/v2\/posts\/102574","targetHints":{"allow":["GET"]}}],"collection":[{"href":"https:\/\/www.europesays.com\/no\/wp-json\/wp\/v2\/posts"}],"about":[{"href":"https:\/\/www.europesays.com\/no\/wp-json\/wp\/v2\/types\/post"}],"author":[{"embeddable":true,"href":"https:\/\/www.europesays.com\/no\/wp-json\/wp\/v2\/users\/2"}],"replies":[{"embeddable":true,"href":"https:\/\/www.europesays.com\/no\/wp-json\/wp\/v2\/comments?post=102574"}],"version-history":[{"count":0,"href":"https:\/\/www.europesays.com\/no\/wp-json\/wp\/v2\/posts\/102574\/revisions"}],"wp:featuredmedia":[{"embeddable":true,"href":"https:\/\/www.europesays.com\/no\/wp-json\/wp\/v2\/media\/2176"}],"wp:attachment":[{"href":"https:\/\/www.europesays.com\/no\/wp-json\/wp\/v2\/media?parent=102574"}],"wp:term":[{"taxonomy":"category","embeddable":true,"href":"https:\/\/www.europesays.com\/no\/wp-json\/wp\/v2\/categories?post=102574"},{"taxonomy":"post_tag","embeddable":true,"href":"https:\/\/www.europesays.com\/no\/wp-json\/wp\/v2\/tags?post=102574"}],"curies":[{"name":"wp","href":"https:\/\/api.w.org\/{rel}","templated":true}]}}