{"id":102577,"date":"2025-12-02T20:08:00","date_gmt":"2025-12-02T20:08:00","guid":{"rendered":"https:\/\/www.europesays.com\/no\/102577\/"},"modified":"2025-12-02T20:08:00","modified_gmt":"2025-12-02T20:08:00","slug":"hamar-arbeiderblad-tv-guide-hamar-arbeiderblad-lanserer-digital-tv-guide","status":"publish","type":"post","link":"https:\/\/www.europesays.com\/no\/102577\/","title":{"rendered":"Hamar arbeiderblad, TV-guide | Hamar Arbeiderblad lanserer digital TV-guide"},"content":{"rendered":"\n<p>Tjenesten, som er den f\u00f8rste i sitt slag blant Amedia-avisene, er utviklet av Erlend Teum i Kilde-konsernet og gir en omfattende oversikt over TV-programmet.<\/p>\n<p>Den skal bidra til \u00e5 digitalisere abonnementsmassen ytterligere og styrke avisas posisjon som en relevant digital akt\u00f8r.<\/p>\n<p><a href=\"https:\/\/www.h-a.no\/vis\/tema\/tv-guide\" rel=\"Follow nofollow noopener\" target=\"_blank\">TV-guiden<\/a> tilbyr en dynamisk og brukervennlig oversikt over TV-programmet.<\/p>\n<p>Den nye TV-guiden bruker data fra Inflow Media for \u00e5 vise oppdaterte programoversikter fra alle kjente TV-kanaler.<\/p>\n<p>Brukere kan enkelt se hvilke filmer som vises i dag, utvide hver kanal for \u00e5 f\u00e5 en detaljert oversikt over hele dagens program, og navigere i programtilbudet for en uke fram i tid \u2013 fra g\u00e5rsdagen til de seks neste dagene.<\/p>\n<p>Tjenesten er tilgjengelig for alle, enten via HAs hovedmeny eller direkte p\u00e5 <b><a href=\"https:\/\/www.h-a.no\/vis\/tema\/tv-guide\" rel=\"Follow nofollow noopener\" target=\"_blank\">h-a.no\/vis\/tema\/tv-guide<\/a>.<\/b><\/p>\n<p>Utvikler Erlend Teum er tilfreds med prosjektet.<\/p>\n<p>\u2013 Det har v\u00e6rt en spennende utfordring \u00e5 utvikle en selvstendig TV-guide for HA, med sanntidsdata fra Inflow Media og et brukervennlig grensesnitt. M\u00e5let har v\u00e6rt \u00e5 skape en intuitiv tjeneste som gir leserne en merverdi, sier Teum.<\/p>\n<p>Lanseringen av TV-guiden er en strategisk satsing som er tett knyttet til HAs ambisjon om \u00e5 digitalisere sin abonnementsbase.<\/p>\n<p>Spesielt h\u00e5per avisen at tjenesten vil appellere til eldre abonnenter som tradisjonelt har foretrukket papiravisen, og motivere dem til \u00e5 ta i bruk HAs digitale tilbud.<\/p>\n<p>   <img decoding=\"async\" width=\"2528\" height=\"1394\" fetchpriority=\"low\"  loading=\"lazy\"  src=\"https:\/\/www.europesays.com\/no\/wp-content\/uploads\/2025\/12\/TV-guide+HA+4.jpg\" alt=\"\" class=\"brick-c-cFOWSL\" style=\"--brick-image-ratio: 2528 \/ 1394;\"\/><\/p>\n<p>      Slik ser den nye TV-guiden til HA ut.<br \/>\n      Foto: Trond Lillebo\n    <\/p>\n<p>Ansvarlig redakt\u00f8r Rune Steen Hansen understreker viktigheten av slike initiativer i den p\u00e5g\u00e5ende digitale transformasjonen.<\/p>\n<p>Han var selv sentral i digitaliseringen av avisen da han ble nyhetsredakt\u00f8r, og har siden sin ansettelse som sjefredakt\u00f8r fortsatt \u00e5 drive denne utviklingen.<\/p>\n<p>\u2013 Med denne TV-guiden tilbyr vi noe unikt, samtidig som vi gir b\u00e5de nye og eksisterende lesere en ekstra grunn til \u00e5 bes\u00f8ke Hamar Arbeiderblad digitalt. Det handler om \u00e5 v\u00e6re relevant og tilgjengelig der folk er, sier Steen Hansen, og legger til:<\/p>\n<p>\u2013 Vi skal digitalisere enda flere av abonnentene v\u00e5re. Vi har hatt bra framgang p\u00e5 de under 50 \u00e5r og har et veldig bra tak p\u00e5 de eldre leserne, men veldig mange av disse er sterkt knyttet til papiravisen \u2013 p\u00e5 grunn av tjenester som for eksempel TV-guide. HA \u00f8nsker \u00e5 v\u00e6re relevant for s\u00e5 mange som mulig \u2013 ogs\u00e5 digitalt.<\/p>\n<p><b><a href=\"https:\/\/www.h-a.no\/vis\/tema\/tv-guide\" rel=\"Follow nofollow noopener\" target=\"_blank\">IGJEN: TV-guiden finner du her!<\/a><\/b><\/p>\n<p>Hamar Arbeiderblad har et solid fotfeste i sitt dekningsomr\u00e5de.<\/p>\n<p>If\u00f8lge Mediebedriftenes offisielle lesertall for tredje kvartal 2025 er HA n\u00e5 den st\u00f8rste avisen i Innlandet, med en daglig dekning p\u00e5 51.641 lesere.<\/p>\n<p>Denne sterke posisjonen gir avisen et godt utgangspunkt for \u00e5 implementere nye digitale tjenester og n\u00e5 ut til en bred lesergruppe.<\/p>\n<p>Nye tjenester som TV-guiden er et eksempel p\u00e5 hvordan avisen kontinuerlig jobber for \u00e5 opprettholde sin relevans og styrke sitt digitale tilbud.<\/p>\n<p>  <a href=\"https:\/\/www.h-a.no\/5-139-1883544\" class=\"related-teaser has-image default-story-teaser article--c-eRUmMG article--c-eRUmMG-jKCPdD-design-default\" rel=\"nofollow noopener\" target=\"_blank\"><\/p>\n<p>    <img decoding=\"async\" loading=\"lazy\"  src=\"https:\/\/www.europesays.com\/no\/wp-content\/uploads\/2025\/12\/08f7ff21-d956-4abd-be24-51ca22b31096.jpg\" alt=\"\" class=\"brick-c-cFOWSL\" style=\"\"\/><\/p>\n<p>\n            Les ogs\u00e5<\/p>\n<p>              Hamar Arbeiderblad vant gjev pris: \u2013 Utrolig stolt\n        <\/p>\n<p>  <\/a><\/p>\n<p>  <a href=\"https:\/\/www.h-a.no\/5-139-1873032\" class=\"related-teaser has-image default-story-teaser article--c-eRUmMG article--c-eRUmMG-jKCPdD-design-default\" rel=\"nofollow noopener\" target=\"_blank\"><\/p>\n<p>    <img decoding=\"async\" loading=\"lazy\"  src=\"https:\/\/www.europesays.com\/no\/wp-content\/uploads\/2025\/12\/photo+%282%29.jpg\" alt=\"\" class=\"brick-c-cFOWSL\" style=\"\"\/><\/p>\n<p>\n            Les ogs\u00e5<\/p>\n<p>              Prisdryss for HA: \u2013 Det har v\u00e6rt en str\u00e5lende kveld\n        <\/p>\n<p>  <\/a><\/p>\n","protected":false},"excerpt":{"rendered":"Tjenesten, som er den f\u00f8rste i sitt slag blant Amedia-avisene, er utviklet av Erlend Teum i Kilde-konsernet og&hellip;\n","protected":false},"author":2,"featured_media":102578,"comment_status":"","ping_status":"","sticky":false,"template":"","format":"standard","meta":{"footnotes":""},"categories":[56],"tags":[36,60,61,823,12971,62,30,28,29,1510,12972],"class_list":{"0":"post-102577","1":"post","2":"type-post","3":"status-publish","4":"format-standard","5":"has-post-thumbnail","7":"category-naeringsliv","8":"tag-art","9":"tag-business","10":"tag-economy","11":"tag-forbruker","12":"tag-hamar-arbeiderblad","13":"tag-naeringsliv","14":"tag-no","15":"tag-norge","16":"tag-norway","17":"tag-story","18":"tag-tv-guide"},"share_on_mastodon":{"url":"","error":""},"_links":{"self":[{"href":"https:\/\/www.europesays.com\/no\/wp-json\/wp\/v2\/posts\/102577","targetHints":{"allow":["GET"]}}],"collection":[{"href":"https:\/\/www.europesays.com\/no\/wp-json\/wp\/v2\/posts"}],"about":[{"href":"https:\/\/www.europesays.com\/no\/wp-json\/wp\/v2\/types\/post"}],"author":[{"embeddable":true,"href":"https:\/\/www.europesays.com\/no\/wp-json\/wp\/v2\/users\/2"}],"replies":[{"embeddable":true,"href":"https:\/\/www.europesays.com\/no\/wp-json\/wp\/v2\/comments?post=102577"}],"version-history":[{"count":0,"href":"https:\/\/www.europesays.com\/no\/wp-json\/wp\/v2\/posts\/102577\/revisions"}],"wp:featuredmedia":[{"embeddable":true,"href":"https:\/\/www.europesays.com\/no\/wp-json\/wp\/v2\/media\/102578"}],"wp:attachment":[{"href":"https:\/\/www.europesays.com\/no\/wp-json\/wp\/v2\/media?parent=102577"}],"wp:term":[{"taxonomy":"category","embeddable":true,"href":"https:\/\/www.europesays.com\/no\/wp-json\/wp\/v2\/categories?post=102577"},{"taxonomy":"post_tag","embeddable":true,"href":"https:\/\/www.europesays.com\/no\/wp-json\/wp\/v2\/tags?post=102577"}],"curies":[{"name":"wp","href":"https:\/\/api.w.org\/{rel}","templated":true}]}}