{"id":102581,"date":"2025-12-02T20:10:19","date_gmt":"2025-12-02T20:10:19","guid":{"rendered":"https:\/\/www.europesays.com\/no\/102581\/"},"modified":"2025-12-02T20:10:19","modified_gmt":"2025-12-02T20:10:19","slug":"forde-politi-nye-funn-i-oliver-etterforskinga","status":"publish","type":"post","link":"https:\/\/www.europesays.com\/no\/102581\/","title":{"rendered":"F\u00f8rde, Politi | Nye funn i Oliver-etterforskinga"},"content":{"rendered":"\n<p>Tysdag ettermiddag informerer norsk politi i ei pressemelding om at det er gjort nye funn i etterforskinga knytt til sakna Oliver Rivedal i Polen.<\/p>\n<p>Polsk politi har sikra videoovervaking og vitneobservasjonar som passar skildringa av Oliver, til ei hending i elva Wisla. Ogs\u00e5 s\u00f8kshundar har f\u00f8lgt spor etter sakna til elva.<\/p>\n<p>P\u00e5 bakgrunn av dette trur politiet at den sakna sunnfjordingen kan ha hamna i elva og drukna.<\/p>\n<p><b>\u2013 Familien st\u00e5r i ein veldig krevjande situasjon. Dei har formidla til oss at det var ein vanskeleg beskjed \u00e5 f\u00e5, seier politietterforskar Oda Thorstad til Firda. <\/b><\/p>\n<p>Sunnfjordingen vart meldt sakna av p\u00e5r\u00f8rande laurdag 22. november. Han vart sist observert ved ein utestad i Warszawa, der han var p\u00e5 venetur.<\/p>\n<p>Politiet vil halde fram med \u00e5 s\u00f8ke etter sunnfjordingen og fortel at dei vil sette i verk alle moglege tiltak for \u00e5 finne han.<\/p>\n<p>\u2013 Politiet i Polen fokuserer s\u00f8ket etter mannen i elva og elvekanten, seier Thorstad.<\/p>\n<p>  <a href=\"https:\/\/www.firda.no\/5-15-1982745\" class=\"related-teaser has-image default-story-teaser article--c-eRUmMG article--c-eRUmMG-jKCPdD-design-default\" wp_automatic_readability=\"1\" rel=\"nofollow noopener\" target=\"_blank\"><\/p>\n<p>    <img decoding=\"async\" loading=\"lazy\"  src=\"https:\/\/www.europesays.com\/no\/wp-content\/uploads\/2025\/12\/Skjermbilde+2025-11-25+144026.jpg\" alt=\"\" class=\"brick-c-cFOWSL\" style=\"\"\/><\/p>\n<p>\n            Les ogs\u00e5<\/p>\n<p>  Familien vil bidra i s\u00f8ket: Har f\u00e5tt inn over 270.000 kroner<\/p>\n<p>  <\/a><\/p>\n<p>  <a href=\"https:\/\/www.firda.no\/5-15-1982550\" class=\"related-teaser has-image default-story-teaser article--c-eRUmMG article--c-eRUmMG-jKCPdD-design-default\" wp_automatic_readability=\"1\" rel=\"nofollow noopener\" target=\"_blank\"><\/p>\n<p>    For abonnentar<\/p>\n<p>    <img decoding=\"async\" loading=\"lazy\"  src=\"https:\/\/www.europesays.com\/no\/wp-content\/uploads\/2025\/12\/IMG_6586.jpg\" alt=\"\" class=\"brick-c-cFOWSL\" style=\"\"\/><\/p>\n<p>\n            Les ogs\u00e5<\/p>\n<p>  Leitar framleis etter Oliver. Politiet f\u00e5r lite info fr\u00e5 Polen<\/p>\n<p>  <\/a><\/p>\n<p>  <a href=\"https:\/\/www.firda.no\/5-15-1979590\" class=\"related-teaser has-image default-story-teaser article--c-eRUmMG article--c-eRUmMG-jKCPdD-design-default\" wp_automatic_readability=\"1\" rel=\"nofollow noopener\" target=\"_blank\"><\/p>\n<p>    <img decoding=\"async\" loading=\"lazy\"  src=\"https:\/\/www.europesays.com\/no\/wp-content\/uploads\/2025\/12\/1764706218_354_Skjermbilde+2025-11-25+144026.jpg\" alt=\"\" class=\"brick-c-cFOWSL\" style=\"\"\/><\/p>\n<p>\n            Les ogs\u00e5<\/p>\n<p>  Det er Oliver Rivedal som er sakna <\/p>\n<p>  <\/a><\/p>\n<p>  <a href=\"https:\/\/www.firda.no\/5-15-1979498\" class=\"related-teaser has-image default-story-teaser article--c-eRUmMG article--c-eRUmMG-jKCPdD-design-default\" wp_automatic_readability=\"1\" rel=\"nofollow noopener\" target=\"_blank\"><\/p>\n<p>    For abonnentar<\/p>\n<p>    <img decoding=\"async\" loading=\"lazy\"  src=\"https:\/\/www.europesays.com\/no\/wp-content\/uploads\/2025\/11\/1764063448_305_NTB_wySCQadbf2I.jpg\" alt=\"\" class=\"brick-c-cFOWSL\" style=\"\"\/><\/p>\n<p>\n            Les ogs\u00e5<\/p>\n<p>  Sakna sunnfjording snakka med kompisar i 05-tida <\/p>\n<p>  <\/a><\/p>\n<p>  <a href=\"https:\/\/www.firda.no\/5-15-1979342\" class=\"related-teaser default-story-teaser article--c-eRUmMG article--c-eRUmMG-jKCPdD-design-default article--c-eRUmMG-kpKLOW-cv\" wp_automatic_readability=\"1\" rel=\"nofollow noopener\" target=\"_blank\"><\/p>\n<p>\n            Les ogs\u00e5<\/p>\n<p>  Dette gjer polsk politi<\/p>\n<p>  <\/a><\/p>\n<p>  <a href=\"https:\/\/www.firda.no\/5-15-1979089\" class=\"related-teaser has-image default-story-teaser article--c-eRUmMG article--c-eRUmMG-jKCPdD-design-default\" wp_automatic_readability=\"1\" rel=\"nofollow noopener\" target=\"_blank\"><\/p>\n<p>    <img decoding=\"async\" loading=\"lazy\"  src=\"https:\/\/www.europesays.com\/no\/wp-content\/uploads\/2025\/11\/1764063448_305_NTB_wySCQadbf2I.jpg\" alt=\"\" class=\"brick-c-cFOWSL\" style=\"\"\/><\/p>\n<p>\n            Les ogs\u00e5<\/p>\n<p>  Ung mann fr\u00e5 Sunnfjord er sakna i Polen<\/p>\n<p>  <\/a><\/p>\n","protected":false},"excerpt":{"rendered":"Tysdag ettermiddag informerer norsk politi i ei pressemelding om at det er gjort nye funn i etterforskinga knytt&hellip;\n","protected":false},"author":2,"featured_media":231,"comment_status":"","ping_status":"","sticky":false,"template":"","format":"standard","meta":{"footnotes":""},"categories":[10],"tags":[36,20,21,24,25,3687,15,22,23,930,13,30,28,29,14,16,254,1510,26,27],"class_list":{"0":"post-102581","1":"post","2":"type-post","3":"status-publish","4":"format-standard","5":"has-post-thumbnail","7":"category-norge","8":"tag-art","9":"tag-breaking-news","10":"tag-breakingnews","11":"tag-featured-news","12":"tag-featurednews","13":"tag-forde","14":"tag-headlines","15":"tag-latest-news","16":"tag-latestnews","17":"tag-leiteaksjon","18":"tag-news","19":"tag-no","20":"tag-norge","21":"tag-norway","22":"tag-nyheter","23":"tag-overskrifter","24":"tag-politi","25":"tag-story","26":"tag-top-stories","27":"tag-topstories"},"share_on_mastodon":{"url":"https:\/\/pubeurope.com\/@no\/115651794100172518","error":""},"_links":{"self":[{"href":"https:\/\/www.europesays.com\/no\/wp-json\/wp\/v2\/posts\/102581","targetHints":{"allow":["GET"]}}],"collection":[{"href":"https:\/\/www.europesays.com\/no\/wp-json\/wp\/v2\/posts"}],"about":[{"href":"https:\/\/www.europesays.com\/no\/wp-json\/wp\/v2\/types\/post"}],"author":[{"embeddable":true,"href":"https:\/\/www.europesays.com\/no\/wp-json\/wp\/v2\/users\/2"}],"replies":[{"embeddable":true,"href":"https:\/\/www.europesays.com\/no\/wp-json\/wp\/v2\/comments?post=102581"}],"version-history":[{"count":0,"href":"https:\/\/www.europesays.com\/no\/wp-json\/wp\/v2\/posts\/102581\/revisions"}],"wp:featuredmedia":[{"embeddable":true,"href":"https:\/\/www.europesays.com\/no\/wp-json\/wp\/v2\/media\/231"}],"wp:attachment":[{"href":"https:\/\/www.europesays.com\/no\/wp-json\/wp\/v2\/media?parent=102581"}],"wp:term":[{"taxonomy":"category","embeddable":true,"href":"https:\/\/www.europesays.com\/no\/wp-json\/wp\/v2\/categories?post=102581"},{"taxonomy":"post_tag","embeddable":true,"href":"https:\/\/www.europesays.com\/no\/wp-json\/wp\/v2\/tags?post=102581"}],"curies":[{"name":"wp","href":"https:\/\/api.w.org\/{rel}","templated":true}]}}