{"id":102582,"date":"2025-12-02T20:11:08","date_gmt":"2025-12-02T20:11:08","guid":{"rendered":"https:\/\/www.europesays.com\/no\/102582\/"},"modified":"2025-12-02T20:11:08","modified_gmt":"2025-12-02T20:11:08","slug":"usa-pete-hegseth-hegseth-om-narkobat-angrepene-vi-har-bare-sa-vidt-begynt","status":"publish","type":"post","link":"https:\/\/www.europesays.com\/no\/102582\/","title":{"rendered":"USA, Pete Hegseth | Hegseth om narkob\u00e5t-angrepene: \u2013 Vi har bare s\u00e5 vidt begynt"},"content":{"rendered":"\n<p>\u2013 Vi har bare s\u00e5 vidt begynt \u00e5 angripe narkotikab\u00e5ter og sende narkoterrorister ned p\u00e5 havets bunn, for de har forgiftet det amerikanske folket, sa Hegseth under et kabinettsm\u00f8te tirsdag, if\u00f8lge Reuters.<\/p>\n<p>Hegseth sier det har v\u00e6rt en pause i angrepene fordi det er vanskelig \u00e5 finne b\u00e5ter n\u00e5.<\/p>\n<p>Uttalelsene kommer midt i \u00f8kende kritikk over angrep som kritikere sier utgj\u00f8r ulovlige drap.<\/p>\n<p><b>Les ogs\u00e5: <a class=\"simple-relation related-teaser article--c-eRUmMG article--c-eRUmMG-fZoQSp-design-nettavisen article--c-eRUmMG-gwthdJ-cv\" href=\"https:\/\/www.nettavisen.no\/pete-hegseth-kan-vare-i-alvorlig-trobbel\/s\/5-95-2755984\" rel=\"nofollow noopener\" target=\"_blank\">\u2013 Pete Hegseth kan v\u00e6re i alvorlig tr\u00f8bbel<\/a><\/b><\/p>\n<p>USA har de siste m\u00e5nedene bombet en rekke sm\u00e5b\u00e5ter som de mener smugler narkotika fra Venezuela til USA. Minst 83 mennesker er drept i disse luftangrepene, som har funnet sted i internasjonalt farvann.<\/p>\n<p>Hegseth er i hardt v\u00e6r etter at <a href=\"https:\/\/www.washingtonpost.com\/national-security\/2025\/11\/28\/hegseth-kill-them-all-survivors-boat-strike\/\" rel=\"nofollow noopener\" target=\"_blank\">The Washington Post<\/a> rapporterte at han skal ha gitt en muntlig ordre om \u00e5 \u00abdrepe alle\u00bb p\u00e5 en b\u00e5t i september. To personer overlevde det f\u00f8rste angrepet, men ble if\u00f8lge avisen angrepet p\u00e5 nytt og drept.<\/p>\n<p>Det hvite hus sa mandag at viseadmiral Frank \u00abMitch\u00bb Bradley beordret det andre angrepet og at han var \u00abinnenfor sin myndighet og loven\u00bb. Hegseth kaller rapportene \u00abfalske nyheter\u00bb, og president Donald Trump forsvarer ham.<\/p>\n<p><b>Les ogs\u00e5: <a class=\"simple-relation related-teaser article--c-eRUmMG article--c-eRUmMG-fZoQSp-design-nettavisen article--c-eRUmMG-gwthdJ-cv\" href=\"https:\/\/www.nettavisen.no\/usa-med-nytt-batangrep-i-stillehavet\/s\/5-95-2730896\" rel=\"nofollow noopener\" target=\"_blank\">USA med nytt b\u00e5tangrep i Stillehavet<\/a><\/b><\/p>\n<p>Demokratenes representant Ted Lieu krever at justisdepartementet gjennomf\u00f8re en etterforskning av angrepene.<\/p>\n<p>\u2013 \u00c5 drepe skipbrudne overlevende er en krigsforbrytelse, sier Lieu.<\/p>\n<p>(\u00a9NTB)<\/p>\n","protected":false},"excerpt":{"rendered":"\u2013 Vi har bare s\u00e5 vidt begynt \u00e5 angripe narkotikab\u00e5ter og sende narkoterrorister ned p\u00e5 havets bunn, for&hellip;\n","protected":false},"author":2,"featured_media":102583,"comment_status":"","ping_status":"","sticky":false,"template":"","format":"standard","meta":{"footnotes":""},"categories":[5],"tags":[20,21,24,25,15,19,22,23,17,18,13,30,28,29,14,16,26,27],"class_list":{"0":"post-102582","1":"post","2":"type-post","3":"status-publish","4":"format-standard","5":"has-post-thumbnail","7":"category-overskrifter","8":"tag-breaking-news","9":"tag-breakingnews","10":"tag-featured-news","11":"tag-featurednews","12":"tag-headlines","13":"tag-hovedoppslag","14":"tag-latest-news","15":"tag-latestnews","16":"tag-main-news","17":"tag-mainnews","18":"tag-news","19":"tag-no","20":"tag-norge","21":"tag-norway","22":"tag-nyheter","23":"tag-overskrifter","24":"tag-top-stories","25":"tag-topstories"},"share_on_mastodon":{"url":"https:\/\/pubeurope.com\/@no\/115651797593130065","error":""},"_links":{"self":[{"href":"https:\/\/www.europesays.com\/no\/wp-json\/wp\/v2\/posts\/102582","targetHints":{"allow":["GET"]}}],"collection":[{"href":"https:\/\/www.europesays.com\/no\/wp-json\/wp\/v2\/posts"}],"about":[{"href":"https:\/\/www.europesays.com\/no\/wp-json\/wp\/v2\/types\/post"}],"author":[{"embeddable":true,"href":"https:\/\/www.europesays.com\/no\/wp-json\/wp\/v2\/users\/2"}],"replies":[{"embeddable":true,"href":"https:\/\/www.europesays.com\/no\/wp-json\/wp\/v2\/comments?post=102582"}],"version-history":[{"count":0,"href":"https:\/\/www.europesays.com\/no\/wp-json\/wp\/v2\/posts\/102582\/revisions"}],"wp:featuredmedia":[{"embeddable":true,"href":"https:\/\/www.europesays.com\/no\/wp-json\/wp\/v2\/media\/102583"}],"wp:attachment":[{"href":"https:\/\/www.europesays.com\/no\/wp-json\/wp\/v2\/media?parent=102582"}],"wp:term":[{"taxonomy":"category","embeddable":true,"href":"https:\/\/www.europesays.com\/no\/wp-json\/wp\/v2\/categories?post=102582"},{"taxonomy":"post_tag","embeddable":true,"href":"https:\/\/www.europesays.com\/no\/wp-json\/wp\/v2\/tags?post=102582"}],"curies":[{"name":"wp","href":"https:\/\/api.w.org\/{rel}","templated":true}]}}