{"id":102590,"date":"2025-12-02T20:20:14","date_gmt":"2025-12-02T20:20:14","guid":{"rendered":"https:\/\/www.europesays.com\/no\/102590\/"},"modified":"2025-12-02T20:20:14","modified_gmt":"2025-12-02T20:20:14","slug":"sjokkerende-salg-av-tidligere-nazi-bordell-uten-historisk-kontekst","status":"publish","type":"post","link":"https:\/\/www.europesays.com\/no\/102590\/","title":{"rendered":"Sjokkerende salg av tidligere nazi-bordell uten historisk kontekst"},"content":{"rendered":"<p class=\"kicker \" style=\"\">\u00d8sterrike:<\/p>\n<p>  Eiendommen beskrives i salgsannonsen som et \u00abhus med potensial\u00bb, men den m\u00f8rke historien blir ikke nevnt.<\/p>\n<p>\n    BRUTAL HISTORIE: I salgsannonsen beskrives boligen som familievennlig med n\u00e6rhet til skole og butikker. Annonsen framhever \u00abgod basis for individuell utforming\u00bb, men nevner ikke at boligen ble brukt som bordell for fanger under krigen. Foto: Skjermdump \/ Google streetview\n  <\/p>\n<p>Lokale myndigheter og en n\u00e6rliggende minnestedsorganisasjon uttrykte sjokk etter at en tomannsbolig ble lagt ut for salg, uten at den tilh\u00f8rende grusomme krigshistorien ble nevnt.<\/p>\n<p> Huset, som ligger i \u00d8sterrike, ble opprinnelig bygget som en del av Gusen-leiren, som nazistene etablerte i 1939. Fra juni 1942 ble bygningen brukt som bordell, hvor kvinnelige fanger ble tvunget til \u00e5 gi seksuelle tjenester til utvalgte innsatte, skriver <a href=\"https:\/\/www.independent.co.uk\/news\/world\/europe\/austria-gusen-concentration-camp-sale-estate-agent-b2875639.html\" target=\"_blank\" rel=\"nofollow noopener\">The independent.<\/a><\/p>\n<p>    <a itemprop=\"url\" href=\"https:\/\/www.dagbladet.no\/nyheter\/erdogan-reagerer-uakseptabelt\/83924207\" rel=\"nofollow noopener\" target=\"_blank\"><\/p>\n<p>      <img loading=\"lazy\" decoding=\"async\" src=\"https:\/\/www.europesays.com\/no\/wp-content\/uploads\/2025\/12\/1764706812_849_83924214.webp\" width=\"980\" height=\"441\" title=\"Erdogan reagerer: - Uakseptabelt\" alt=\"\" class=\"lazyload\" style=\"--aspect-ratio-image: 2.22; \"\/><\/p>\n<p>        Erdogan reagerer: &#8211; Uakseptabelt<\/p>\n<p>    <\/a><\/p>\n<p> Boligen, et\u00a0\u00abkoselige rekkehus\u00bb, ligger f\u00e5 kilometer fra Gausen konsentrasjonsleir og markedsf\u00f8res som et familievennlig hjem med n\u00e6rhet til skole og barnehage. <\/p>\n<p>Det er derimot ikke nevnt at det tidligere hadde tilknytninger til Holocaust under andre verdenskrig.<\/p>\n<p>Annonsen, som f\u00f8rst ble omtalt av lokalavisa\u00a0<a href=\"https:\/\/www.nachrichten.at\/oberoesterreich\/ehemaliges-haeftlingsbordell-gusen-im-internet-inseriert;art4,4112815\" rel=\"nofollow noopener\" target=\"_blank\">O\u00d6N<\/a>, framhever \u00abhus med historie\u00bb og \u00abgodt grunnlag for individuell utforming\u00bb, men nevner ikke at huset ble brukt som bordell for fanger under krigen.<\/p>\n<p>        BRANN: En voldsom brann br\u00f8t ut i Sydney i Australia l\u00f8rdag 28. november. Video: Fire and Rescue NSW.<\/p>\n<p>Lokalsamfunnet sjokkert\t<\/p>\n<p>Barbara Gl\u00fcck, direkt\u00f8r ved Mauthausen-minnesmerket, ble overrasket over annonsen, if\u00f8lge <a href=\"https:\/\/www.nachrichten.at\/oberoesterreich\/ehemaliges-haeftlingsbordell-gusen-im-internet-inseriert;art4,4112815\" rel=\"nofollow noopener\" target=\"_blank\">O\u00d6N<\/a>.<\/p>\n<p>&#8211; Vi ble f\u00f8rst kjent med annonsen 21. november, og vi er ganske overrasket, sier hun.<\/p>\n<p>Om en mulig overtakelse av eiendommen la hun til:\u00a0<\/p>\n<p>&#8211; Vi vil vurdere disse nye faktaene sammen med historikere, organisasjon for overlevende, det \u00f8sterrikske innenriksdepartementet, og selvf\u00f8lgelig med innbyggerne i Gusen, f\u00f8r vi tar en beslutning.<\/p>\n<p>Lokale myndigheter var ogs\u00e5 uvitende om at boligen ble lagt ut for salg, if\u00f8lge <a href=\"https:\/\/www.nachrichten.at\/oberoesterreich\/ehemaliges-haeftlingsbordell-gusen-im-internet-inseriert;art4,4112815\" rel=\"nofollow noopener\" target=\"_blank\">O\u00d6N<\/a>.<\/p>\n<p>17.november la innenriksdepartementet fram planer om \u00e5 utvide Gusen-minnesmerket, men det tidligere bordellet ble ikke inkludert i forslaget.<\/p>\n<p>    <a itemprop=\"url\" href=\"https:\/\/www.dagbladet.no\/sport\/brutalt-angrep\/83923579\" rel=\"nofollow noopener\" target=\"_blank\"><\/p>\n<p>      <img loading=\"lazy\" decoding=\"async\" src=\"https:\/\/www.europesays.com\/no\/wp-content\/uploads\/2025\/12\/83923841.webp\" width=\"980\" height=\"441\" title=\"- Brutalt angrep\" alt=\"\" class=\"lazyload\" style=\"--aspect-ratio-image: 2.22; \"\/><\/p>\n<p>        &#8211; Brutalt angrep <\/p>\n<p>    <\/a><\/p>\n<p>Grusom historie\t<\/p>\n<p>Gusen-leiren, som var en underleir av den st\u00f8rre Mauthausen-leiren, rommet mer enn 71 000 mennesker under krigen. Minst 35 800 d\u00f8de som f\u00f8lge av tvangsarbeid, sult eller henrettelser, if\u00f8lge The independent.<\/p>\n<p>Levetiden for fanger var ekstremt kort, s\u00e5 kort som seks m\u00e5neder for noen, og over 35 000 personer antas \u00e5 ha mistet livet i leiren. Huset som n\u00e5 selges, beholder fortsatt mange av sine opprinnelige trekk, inkludert steinvegger og s\u00f8yler.<\/p>\n","protected":false},"excerpt":{"rendered":"\u00d8sterrike: Eiendommen beskrives i salgsannonsen som et \u00abhus med potensial\u00bb, men den m\u00f8rke historien blir ikke nevnt. BRUTAL&hellip;\n","protected":false},"author":2,"featured_media":102591,"comment_status":"","ping_status":"","sticky":false,"template":"","format":"standard","meta":{"footnotes":""},"categories":[12],"tags":[12976,12977,20,21,24,25,15,22,23,13,30,28,29,14,16,5433,26,27,412,42,43,44,45],"class_list":{"0":"post-102590","1":"post","2":"type-post","3":"status-publish","4":"format-standard","5":"has-post-thumbnail","7":"category-verden","8":"tag-andre_verdenskrig","9":"tag-bordell","10":"tag-breaking-news","11":"tag-breakingnews","12":"tag-featured-news","13":"tag-featurednews","14":"tag-headlines","15":"tag-latest-news","16":"tag-latestnews","17":"tag-news","18":"tag-no","19":"tag-norge","20":"tag-norway","21":"tag-nyheter","22":"tag-overskrifter","23":"tag-osterrike","24":"tag-top-stories","25":"tag-topstories","26":"tag-utenriks","27":"tag-verden","28":"tag-world","29":"tag-world-news","30":"tag-worldnews"},"share_on_mastodon":{"url":"https:\/\/pubeurope.com\/@no\/115651833461793584","error":""},"_links":{"self":[{"href":"https:\/\/www.europesays.com\/no\/wp-json\/wp\/v2\/posts\/102590","targetHints":{"allow":["GET"]}}],"collection":[{"href":"https:\/\/www.europesays.com\/no\/wp-json\/wp\/v2\/posts"}],"about":[{"href":"https:\/\/www.europesays.com\/no\/wp-json\/wp\/v2\/types\/post"}],"author":[{"embeddable":true,"href":"https:\/\/www.europesays.com\/no\/wp-json\/wp\/v2\/users\/2"}],"replies":[{"embeddable":true,"href":"https:\/\/www.europesays.com\/no\/wp-json\/wp\/v2\/comments?post=102590"}],"version-history":[{"count":0,"href":"https:\/\/www.europesays.com\/no\/wp-json\/wp\/v2\/posts\/102590\/revisions"}],"wp:featuredmedia":[{"embeddable":true,"href":"https:\/\/www.europesays.com\/no\/wp-json\/wp\/v2\/media\/102591"}],"wp:attachment":[{"href":"https:\/\/www.europesays.com\/no\/wp-json\/wp\/v2\/media?parent=102590"}],"wp:term":[{"taxonomy":"category","embeddable":true,"href":"https:\/\/www.europesays.com\/no\/wp-json\/wp\/v2\/categories?post=102590"},{"taxonomy":"post_tag","embeddable":true,"href":"https:\/\/www.europesays.com\/no\/wp-json\/wp\/v2\/tags?post=102590"}],"curies":[{"name":"wp","href":"https:\/\/api.w.org\/{rel}","templated":true}]}}