{"id":102592,"date":"2025-12-02T20:21:16","date_gmt":"2025-12-02T20:21:16","guid":{"rendered":"https:\/\/www.europesays.com\/no\/102592\/"},"modified":"2025-12-02T20:21:16","modified_gmt":"2025-12-02T20:21:16","slug":"koronavaksine-soksmal-saksoker-staten-etter-a-ha-tatt-astrazeneca-vaksinen","status":"publish","type":"post","link":"https:\/\/www.europesays.com\/no\/102592\/","title":{"rendered":"Koronavaksine, S\u00f8ksm\u00e5l | Saks\u00f8ker staten etter \u00e5 ha tatt AstraZeneca-vaksinen"},"content":{"rendered":"\n<p>OSLO TINGRETT (Nettavisen): Mandag startet rettssaken, hvor en 28 \u00e5r gammel kvinne har saks\u00f8kt Staten ved Pasientskadenemnda.<\/p>\n<p>Hun tok AstraZeneca-vaksinen mars 2021, og kun noen dager senere kom de f\u00f8rste kraftige bivirkningene.<\/p>\n<p><b>Les ogs\u00e5:<\/b> <a rel=\"Follow nofollow noopener\" href=\"https:\/\/www.nettavisen.no\/nyheter\/fikk-cfs-me-etter-koronavaksine-na-saksoker-hun-staten\/s\/5-95-2755771\" target=\"_blank\">Hevder koronavaksine ga kronisk utmattelsessyndrom<\/a><\/p>\n<p>\u2013 Slapp, sliten, mageplager. Det var s\u00e5 vidt hun kunne reise seg for \u00e5 sm\u00f8re en br\u00f8dskive. Situasjonen er n\u00e5 i 2025 den samme som i 2021. Hun har  og muskelsmerter, fortalte kvinnens advokat, Kjell Inge Ambj\u00f8rndalen.<\/p>\n<p>Kvinnen mener at vaksinen ga henne , og n\u00e5 \u00f8nsker hun erstatning fra Staten ved Pasientskadenemnda.<\/p>\n<p>Staten er uenig i at vaksinen er \u00e5rsaken, og mandag sa advokat Anders Wyller blant annet dette:<\/p>\n<p>\u2013 \u00c5rsaksmekanismene bak ME er ukjent. Det mangler en biologisk forklaringsmodell som viser at vaksinen kan v\u00e6re \u00e5rsak til CFS\/ME.<\/p>\n<p>Saks\u00f8ker: \u2013 Som \u00e5 bli p\u00e5kj\u00f8rt av en lastebil<\/p>\n<p>P\u00e5 dag to av rettssaken var det kvinnen som startet med \u00e5 forklare seg.<\/p>\n<p>\u2013 Jeg fikk vaksinen p\u00e5 formiddagen og da jeg skulle hjem p\u00e5 ettermiddagen, s\u00e5 kjente jeg at noe var unormalt. I l\u00f8pet av natten fikk jeg en reaksjon jeg ikke forventet. Da jeg v\u00e5knet dagen etter var det som \u00e5 bli p\u00e5kj\u00f8rt av en lastebil. Det var helt ekstremt, sa hun om hva som skjedde rett etter at hun tok AstraZeneca-vaksinen i mars 2021.<\/p>\n<p>Og de neste dagene beskrev kvinnen som et mareritt:<\/p>\n<p>\u2013 Det var grusomt. Jeg trodde jeg skulle d\u00f8. Tilstanden ble bare verre og verre de neste ukene. Jeg ble fullstendig sengeliggende, svarte hun p\u00e5 sp\u00f8rsm\u00e5l fra Ambj\u00f8rndalen.<\/p>\n<p><b>Les ogs\u00e5: <\/b><a rel=\"Follow nofollow noopener\" href=\"https:\/\/www.nettavisen.no\/nyheter\/massiv-uenighet-om-koronavaksine-i-norge-de-som-ikke-tok-vaksinen-tok-det-beste-valget\/s\/5-95-2265279\" target=\"_blank\">Full vaksinekrangel i Norge: \u2013 Ganske problematisk<\/a><\/p>\n<p>\u2013 Livet l\u00e5 foran meg og n\u00e5 var jeg bare et skall av meg selv, sa hun tydelig preget i rettssalen.<\/p>\n<p>\u2013 Du fortalte til meg at du ba om et spesifikt tidspunkt for \u00e5 forklare deg i retten, sa Ambj\u00f8rndalen til 28-\u00e5ringen.<\/p>\n<p>\u2013 Ja, jeg ville forklare meg tidlig p\u00e5 dagen, slik at jeg kunne ha mest mulig overskudd. Men for \u00e5 forberede meg var jeg sengeliggende i noen dager i forkant, sa hun tilbake.<\/p>\n<p>   <img decoding=\"async\" width=\"4000\" height=\"3000\" fetchpriority=\"low\"  loading=\"lazy\"  src=\"https:\/\/www.europesays.com\/no\/wp-content\/uploads\/2025\/12\/1764706871_438_20251201_151856%280%29.jpg\" alt=\"VAKSINE-S\u00d8KSM\u00c5L: Kjell Inge Ambj\u00f8rndalen representerer kvinnen som har saks\u00f8kt staten for vaksineskade.\" class=\"brick-c-cFOWSL\" style=\"--brick-image-ratio: 4000 \/ 3000;\"\/><\/p>\n<p>      VAKSINE-S\u00d8KSM\u00c5L: Kjell Inge Ambj\u00f8rndalen representerer kvinnen som har saks\u00f8kt staten for vaksineskade.<br \/>\n      Foto: Mario Torres (Nettavisen)\n    <\/p>\n<p>Dommer Sanna Karlsrud spurte hvordan hun samlet overskudd for en vanlig dag.<\/p>\n<p>\u2013 Det kan hende jeg f\u00f8ler meg noenlunde vanlig, hvis jeg har sovet 10\u201312 timer. Da kan jeg blant annet dra ut til senteret i n\u00e6rheten, sa hun til dommerens sp\u00f8rsm\u00e5l.<\/p>\n<p>I etterkant \u00f8nsket ikke kvinnen \u00e5 uttale seg til Nettavisen, men hun sier at tematikken er viktig \u00e5 belyse, og if\u00f8lge Ambj\u00f8rndalen er det 24 lignende saker som er oppe i rettssystemet per dags dato.<\/p>\n<p>Professors vitneforklaring<\/p>\n<p>Lege og professor Elling Ulvestad ved Universitet i Bergen (UIB) var innkalt som vitne, og han snakket om .<\/p>\n<p>Ulvestad har forsket p\u00e5 dette en stund, og i fjor konkluderte han i <a rel=\"Follow nofollow noopener\" href=\"https:\/\/www.forskning.no\/covid19-vaksiner\/rapport-hevder-at-koronavaksinene-kan-ha-gjort-folk-langvarig-syke-ikke-mulig-a-sla-fast-sier-forsker\/2411496\" target=\"_blank\">en rapport<\/a> at det er sjeldent, men at noen f\u00e5 kan utvikle alvorlige bivirkninger etter \u00e5 ha tatt koronavaksine.<\/p>\n<p><b>Les ogs\u00e5:<\/b> <a rel=\"Follow nofollow noopener\" href=\"https:\/\/www.nettavisen.no\/koronavaksine\/vaksine\/covid\/studie-koronavaksinen-reddet-over-to-millioner-liv\/s\/5-95-2541376\" target=\"_blank\">Studie: Koronavaksinen reddet over to millioner liv<\/a><\/p>\n<p>I retten sa han ogs\u00e5 at det er vanskelig \u00e5 stadfeste om noen kan f\u00e5 kronisk utmattelsessyndrom etter koronavaksine.<\/p>\n<p>\u2013 ME er i grenseland over hva vitenskapen kan h\u00e5ndtere, sa han.<\/p>\n<p>Professoren nevnte ogs\u00e5 f\u00f8lgende om koronavaksiner:<\/p>\n<p>\u2013 Vi vet ogs\u00e5 at covid-vaksinene er veldig gode mot alvorlig sykdom.<\/p>\n<p>Ulvestad tok opp blant annet en<a rel=\"Follow nofollow noopener\" href=\"https:\/\/medicine.yale.edu\/lab\/iwasaki\/projects\/immunology-long-covid\/\" target=\"_blank\"> studie fra eliteuniversitetet Yale i USA<\/a>, hvor det konkluderes i forbindelse med \u00ab\u00bb at CFS\/ME er noe som m\u00e5 forskes videre p\u00e5, og at man ogs\u00e5 anerkjenner vaksineskader som et viktig forskningsomr\u00e5de.<\/p>\n<p>   <img decoding=\"async\" width=\"4000\" height=\"3000\" fetchpriority=\"low\"  loading=\"lazy\"  src=\"https:\/\/www.europesays.com\/no\/wp-content\/uploads\/2025\/12\/20251202_115037.jpg\" alt=\"EKSPERT: Lege og professor Elling Ulvestad har forsket p\u00e5 langtidsskader etter koronavaksiner.\" class=\"brick-c-cFOWSL\" style=\"--brick-image-ratio: 4000 \/ 3000;\"\/><\/p>\n<p>      EKSPERT: Lege og professor Elling Ulvestad har forsket p\u00e5 langtidsskader etter koronavaksiner.<br \/>\n      Foto: Mario Torres (Nettavisen)\n    <\/p>\n<p>\u2013 Har det et navn, s\u00e5 er det en ting med bestemte karakteristika. Og at det er noe inne i den tingen som gj\u00f8r tingen til det det er. Med ME er vi ikke sikre p\u00e5 om vi har en ting og hva som er inne i den tingen, sier professoren til Nettavisen.<\/p>\n<p>Og han utdyper videre:<\/p>\n<p>\u2013 ME blir en diagnose som leger bruker n\u00e5r de ikke kan sette p\u00e5 andre navn p\u00e5 det. Da blir det det som blir igjen. Mange har ment at ME skyldes en , men det ser ikke s\u00e5nn ut. Mange har ment at det er et virussykdom, men det ser ikke s\u00e5nn ut. Det ser ut som at b\u00e5de B-celler og virus er involvert p\u00e5 et eller annet vis, men vi klarer ikke \u00e5 finne det.<\/p>\n<p>    Vil du se neste video?<\/p>\n<p>    <a href=\"https:\/\/www.nettavisen.no\/fredrik-solvang\/jonas-gahr-store\/debatten\/fredrik-solvang-himler-av-jonas-gahr-store-men-i-alle\/v\/5-95-2751917\" class=\"recommend-poster\" data-adp-clicklabel=\"video-recommend\" data-adp-clickvalue=\"poster\" rel=\"nofollow noopener\" target=\"_blank\"><br \/>\n      <img decoding=\"async\" width=\"200\" height=\"200\" loading=\"lazy\" src=\"https:\/\/www.europesays.com\/no\/wp-content\/uploads\/2025\/11\/Solvang+bredde.jpg\" alt=\"\" class=\"brick-c-cFOWSL\" style=\"--brick-image-ratio: 200 \/ 200;\"\/><\/p>\n<p>Himler av St\u00f8re: \u2013 Men i alle\u20261:06<\/p>\n<p>    <\/a><\/p>\n<p>        Donald Trumps vaksine-sjef fikk gjennomg\u00e5 under en senatsh\u00f8ring torsdag.<br \/>\n        Lege: \u2013 Kraftige vaksiner<\/p>\n<p>Bedriftsoverlege ved Oslo universitetssykehus (OUS), P\u00e5l Brenno, har jobbet med vaksiner i en \u00e5rrekke og fulgte opp flere under pandemien.<\/p>\n<p>\u2013 Jeg har ikke sett s\u00e5 kraftige vaksiner som koronavaksinene. Noen folk fikk for eksempel utslett over hele kroppen og det har jeg ikke sett med noen andre vaksiner, sa han.<\/p>\n<p><b>Les ogs\u00e5:<\/b> <a href=\"https:\/\/www.nettavisen.no\/nyheter\/ny-blodprove-kan-avdekke-me-revolusjonerende\/s\/5-95-2690376\" rel=\"Follow nofollow noopener\" target=\"_blank\">Blodpr\u00f8ve splitter forskerne: \u2013 G\u00e5r for hardt ut<\/a><\/p>\n<p>Legen snakket om at han s\u00e5 flere eksempler med personer som hadde f\u00e5tt .<\/p>\n<p>\u2013 De var p\u00e5 st\u00f8rrelse med golfballer, sa han til retten gjennom videolink.<\/p>\n<p>ME-spesialist i retten<\/p>\n<p>Spesialist i indremedisin og infeksjonssykdommer, Dag Storla, var ogs\u00e5 p\u00e5 vitnelisten til saks\u00f8ker. Han fortalte innledningsvis at han har jobbet med ME-feltet i 20 \u00e5r og at han har hatt kvinnen som pasient.<\/p>\n<p>\u2013 Etter \u00e5 ha g\u00e5tt gjennom plagene hennes og funn i laboratoriet, s\u00e5 kan jeg stille meg bak at kvinnen fikk CFS\/ME etter \u00e5 ha tatt AstraZeneca-vaksinen.<\/p>\n<p>Storla driver i dag B\u00e6rum CFS\/ME-klinikken, og han har tidligere v\u00e6rt faglig leder ved CFS\/ME senteret ved OUS Aker.<\/p>\n<p>   <img decoding=\"async\" width=\"3180\" height=\"2314\" fetchpriority=\"low\"  loading=\"lazy\"  src=\"https:\/\/www.europesays.com\/no\/wp-content\/uploads\/2025\/12\/20251202_155430_1.jpg\" alt=\"\" class=\"brick-c-cFOWSL\" style=\"--brick-image-ratio: 3180 \/ 2314;\"\/><\/p>\n<p>      ME-SPESIALIST: Lege Dag Storla har jobbet med ME-pasienter i 20 \u00e5r, og var innkalt som vitne av saks\u00f8ker.<br \/>\n      Foto: Mario Torres (Nettavisen)\n    <\/p>\n<p>  Var friske og h\u00f8yt fungerende<\/p>\n<p>I retten nevnte han at 75 prosent av de som blir diagnostisert med ME f\u00e5r det over tid, og at dette utl\u00f8ses av en \u00abtrigger.\u00bb<\/p>\n<p>\u2013 En av disse \u00abtriggerne\u00bb kan v\u00e6re vaksine. De fleste ledende forskningsmilj\u00f8er i dag er enige i at ME er en , sa han i retten.<\/p>\n<p>\u2013 Hvor mange pasienter har du hatt siden koronapandemien?, ville advokat Ambj\u00f8rndalen vite.<\/p>\n<p>\u2013 Det er 10\u201320 pasienter. De kommer til meg og har v\u00e6rt naturlig friske og h\u00f8yt fungerende. Og plutselig blir de alvorlig syke etter vaksine, s\u00e5 jeg ser ingen annen forklaring, var svaret han ga.<\/p>\n<p><b>Les ogs\u00e5:<\/b> <a href=\"https:\/\/www.nettavisen.no\/nyheter\/vilde-33-med-i-ny-me-studie-pa-haukeland-gir-meg-hap\/s\/5-95-2631063\" rel=\"Follow nofollow noopener\" target=\"_blank\">Vilde ble uf\u00f8r som 25-\u00e5ring<\/a><\/p>\n<p>\u2013 Er ME en  eller ikke?, spurte statens advokat Wyller.<\/p>\n<p>\u2013 ME er en immunologisk og autoimmun sykdom, sa Storla og viste til britisk og amerikansk forskning.<\/p>\n<p>\u2013 Oppfatningen i Norge er at det ikke er en autoimmun sykdom, kontret Wyller tilbake med og viste til de st\u00f8rste ME-milj\u00f8ene i landet.<\/p>\n<p>\u2013 De er i et lite mindretall, sa Storla, og s\u00e5 ble Wyller og ME-spesialisten enige om \u00e5 legge ballen d\u00f8d etter temperatur i ordvekslingen<\/p>\n<p>\u2013 Den underliggende biologien er uavklart, sa Wyller og viste til et avsnitt Storla selv har skrevet om vaksine og ME.<\/p>\n<p>\u2013 Det er fortsatt mye forskning som gjenst\u00e5r, det er derfor jeg sier at dette er uklart, poengterte ME-spesialisten.<\/p>\n<p>   <img decoding=\"async\" width=\"4000\" height=\"3000\" fetchpriority=\"low\"  loading=\"lazy\"  src=\"https:\/\/www.europesays.com\/no\/wp-content\/uploads\/2025\/12\/20251201_151841.jpg\" alt=\"STATENS ADVOKAT: Anders Wyller representerer Staten ved Pasientskadenemnda i denne saken.\" class=\"brick-c-cFOWSL\" style=\"--brick-image-ratio: 4000 \/ 3000;\"\/><\/p>\n<p>      STATENS ADVOKAT: Anders Wyller representerer Staten ved Pasientskadenemnda i denne saken.<br \/>\n      Foto: Mario Torres (Nettavisen)\n    <\/p>\n<p>  Nevrolog og ME-spesialist uenige<\/p>\n<p>Helt p\u00e5 tampen av en lang rettsdag i Oslo tingrett fikk staten f\u00f8re sitt f\u00f8rste vitne i saken.  Stephan Sch\u00fcler la fram flere hypoteser om hva som kan gi ME, men sa ogs\u00e5 at ME ikke kvalifiseres som en autoimmun sykdom.<\/p>\n<p>\u2013 Det er ikke funnet en klar og definert infeksjons\u00e5rsak for ME, sa nevrologen som vitnet digitalt.<\/p>\n<p><b>Les ogs\u00e5:<\/b> <a href=\"https:\/\/www.nettavisen.no\/nyheter\/dramatiske-korona-funn-fem-ganger-mer-sannsynlig-a-fa-me\/s\/5-95-2234239\" rel=\"Follow nofollow noopener\" target=\"_blank\">Dramatiske korona-funn: \u2013 Store m\u00f8rketall<\/a><\/p>\n<p>Han nevnte andre faktorer som stress, lite s\u00f8vn, overvekt, d\u00e5rlig kosthold og manglende fysisk aktivitet som mulige \u00e5rsaker. Dette var imidlertid ME-spesialist Storla uenig i, mens han satt i salen og h\u00f8rte p\u00e5.<\/p>\n<p>Etter en verbal konfrontasjon fikk dommer Karlsrud nok og takket for forklaringen. Onsdag fortsetter hovedforhandlingen, og da skal blant annet den profilerte vaksineforskeren Gunnveig Gr\u00f8deland avgi forklaring.<\/p>\n","protected":false},"excerpt":{"rendered":"OSLO TINGRETT (Nettavisen): Mandag startet rettssaken, hvor en 28 \u00e5r gammel kvinne har saks\u00f8kt Staten ved Pasientskadenemnda. Hun&hellip;\n","protected":false},"author":2,"featured_media":102593,"comment_status":"","ping_status":"","sticky":false,"template":"","format":"standard","meta":{"footnotes":""},"categories":[10],"tags":[20,21,24,25,15,22,23,13,30,28,29,14,16,26,27],"class_list":{"0":"post-102592","1":"post","2":"type-post","3":"status-publish","4":"format-standard","5":"has-post-thumbnail","7":"category-norge","8":"tag-breaking-news","9":"tag-breakingnews","10":"tag-featured-news","11":"tag-featurednews","12":"tag-headlines","13":"tag-latest-news","14":"tag-latestnews","15":"tag-news","16":"tag-no","17":"tag-norge","18":"tag-norway","19":"tag-nyheter","20":"tag-overskrifter","21":"tag-top-stories","22":"tag-topstories"},"share_on_mastodon":{"url":"https:\/\/pubeurope.com\/@no\/115651837125500124","error":""},"_links":{"self":[{"href":"https:\/\/www.europesays.com\/no\/wp-json\/wp\/v2\/posts\/102592","targetHints":{"allow":["GET"]}}],"collection":[{"href":"https:\/\/www.europesays.com\/no\/wp-json\/wp\/v2\/posts"}],"about":[{"href":"https:\/\/www.europesays.com\/no\/wp-json\/wp\/v2\/types\/post"}],"author":[{"embeddable":true,"href":"https:\/\/www.europesays.com\/no\/wp-json\/wp\/v2\/users\/2"}],"replies":[{"embeddable":true,"href":"https:\/\/www.europesays.com\/no\/wp-json\/wp\/v2\/comments?post=102592"}],"version-history":[{"count":0,"href":"https:\/\/www.europesays.com\/no\/wp-json\/wp\/v2\/posts\/102592\/revisions"}],"wp:featuredmedia":[{"embeddable":true,"href":"https:\/\/www.europesays.com\/no\/wp-json\/wp\/v2\/media\/102593"}],"wp:attachment":[{"href":"https:\/\/www.europesays.com\/no\/wp-json\/wp\/v2\/media?parent=102592"}],"wp:term":[{"taxonomy":"category","embeddable":true,"href":"https:\/\/www.europesays.com\/no\/wp-json\/wp\/v2\/categories?post=102592"},{"taxonomy":"post_tag","embeddable":true,"href":"https:\/\/www.europesays.com\/no\/wp-json\/wp\/v2\/tags?post=102592"}],"curies":[{"name":"wp","href":"https:\/\/api.w.org\/{rel}","templated":true}]}}