{"id":102594,"date":"2025-12-02T20:22:11","date_gmt":"2025-12-02T20:22:11","guid":{"rendered":"https:\/\/www.europesays.com\/no\/102594\/"},"modified":"2025-12-02T20:22:11","modified_gmt":"2025-12-02T20:22:11","slug":"russland-fis-mdg-topp-hardt-ut-etter-russland-nyhet-bor-utstede-innreiseforbud","status":"publish","type":"post","link":"https:\/\/www.europesays.com\/no\/102594\/","title":{"rendered":"Russland, FIS | MDG-topp hardt ut etter Russland-nyhet: \u2013 B\u00f8r utstede innreiseforbud"},"content":{"rendered":"\n<p>\u2013 S\u00e5 lenge Russland fortsetter sin brutale og ulovlige angrepskrig mot Ukraina, har de ingen plass i internasjonal idrett.<\/p>\n<p>Det sier Siren Jensen, stortingsrepresentant i kulturkomiteen for Milj\u00f8partiet De Gr\u00f8nne (MDG), i en uttalelse til Nettavisen.<\/p>\n<p>Tirsdag besluttet Idrettens voldgiftsrett (CAS) \u00e5 \u00e5pne opp for s\u00e5kalte n\u00f8ytrale russiske ut\u00f8vere i verdenscupen og de kommende olympiske lekene i Italia.<\/p>\n<p>Den russiske langrennstreneren Jegor Sorin bekrefter overfor TV 2 at de ser p\u00e5 mulighetene for \u00e5 delta allerede i den kommende verdenscuphelgen i Trondheim.<\/p>\n<p>Jensen i MDG vil ikke ha noe av russiske ut\u00f8vere p\u00e5 norsk jord.<\/p>\n<p>\u2013 Norske myndigheter b\u00f8r utstede innreiseforbud for alle russiske ut\u00f8vere inntil Russland avslutter sin ulovlige krigf\u00f8ring mot Ukraina. Vi kan ikke v\u00e6re bekjent av at russiske ut\u00f8vere som fungerer som en ideologisk arm for Putin i idretten f\u00e5r konkurrere p\u00e5 arrangementer i Norge. At idrettens egne organer n\u00e5 \u00e5pner for dette internasjonalt er en enorm blemme som Norge ikke b\u00f8r akseptere, tordner hun til Nettavisen.<\/p>\n<p>Nettavisen har v\u00e6rt i kontakt med Utlendingsdirektoratet (UDI), som har varslet at de vil komme med en uttalelse senere tirsdag.<\/p>\n<p>   <img decoding=\"async\" width=\"3936\" height=\"2624\" fetchpriority=\"low\"  loading=\"lazy\"  src=\"https:\/\/www.europesays.com\/no\/wp-content\/uploads\/2025\/12\/DSC09197.JPG\" alt=\"\" class=\"brick-c-cFOWSL\" style=\"--brick-image-ratio: 3936 \/ 2624;\"\/><\/p>\n<p>      TORDNER: Siren Jensen i Milj\u00f8partiet De Gr\u00f8nne.<br \/>\n      Foto: Milj\u00f8partiet De Gr\u00f8nne\n    <\/p>\n<p>  Trondheim-ordf\u00f8rer med klar tale<\/p>\n<p>Daniel Helgestad, leder av verdenscupen i Trondheim, sier til Nettavisen at avgj\u00f8relsen rundt russiske deltakelse er opp til FIS.<\/p>\n<p>Byens ordf\u00f8rer, Kent Ranum (H), er imidlertid klar p\u00e5 at russerne ikke er velkomne i Gran\u00e5sen.<\/p>\n<p>\u2013 Det er jeg stor motstander av. Akkurat n\u00e5 kjemper ukrainske soldater mot Russland sin brutale invasjon av landet deres. At russiske ut\u00f8vere likevel skal kunne delta i skirenn her i Norge, blant annet mot ukrainske ut\u00f8vere, mener jeg er helt feil, sier Ranum til <a href=\"https:\/\/www.tv2.no\/sport\/ordforer-nei-til-russiske-utovere-i-trondheim-ikke-velkomne\/18213390\/\" rel=\"Follow nofollow noopener\" target=\"_blank\">TV 2<\/a>.<\/p>\n<p>\u2013 Jeg sa det f\u00f8r VM p\u00e5 ski, og jeg sier det igjen: Russiske ut\u00f8vere er ikke velkomne til Trondheim, fortsetter han.<\/p>\n<p>Russerne har v\u00e6rt utestengt siden Ukraina-invasjonen i februar 2022.<\/p>\n<p>Sorin p\u00e5peker overfor VG at de enn s\u00e5 lenge ikke f\u00e5r komme inn i Norge.<\/p>\n<p>\u2013 Russere kan ikke komme til Norge p\u00e5 grunn av reglene p\u00e5 grensen. De burde ha egne regler for n\u00f8ytrale ut\u00f8vere fra FIS, sier han til avisen.<\/p>\n<p>    Vil du se neste video?<\/p>\n<p>    <a href=\"https:\/\/www.nettavisen.no\/fredrik-solvang\/jonas-gahr-store\/debatten\/fredrik-solvang-himler-av-jonas-gahr-store-men-i-alle\/v\/5-95-2751917\" class=\"recommend-poster\" data-adp-clicklabel=\"video-recommend\" data-adp-clickvalue=\"poster\" rel=\"nofollow noopener\" target=\"_blank\"><br \/>\n      <img decoding=\"async\" width=\"200\" height=\"200\" loading=\"lazy\" src=\"https:\/\/www.europesays.com\/no\/wp-content\/uploads\/2025\/11\/Solvang+bredde.jpg\" alt=\"\" class=\"brick-c-cFOWSL\" style=\"--brick-image-ratio: 200 \/ 200;\"\/><\/p>\n<p>Himler av St\u00f8re: \u2013 Men i alle\u20261:06<\/p>\n<p>    <\/a><\/p>\n<p>Skiforbundet reagerer<\/p>\n<p>Norges Skiforbund har hele veien v\u00e6rt tydelige p\u00e5 at de ikke \u00f8nsker russiske deltakelse s\u00e5 lange krigen i Ukraina p\u00e5g\u00e5r.<\/p>\n<p>De reagerer n\u00e5 negativt p\u00e5 tirsdagens avgj\u00f8relse i CAS.<\/p>\n<p>\u2013 Vi er ikke overrasket over beslutningen i CAS, men er naturligvis skuffet over at dette ble konklusjonen. Norges syn i denne saken st\u00e5r fast, men sammen med de andre medlemsnasjonene i FIS m\u00e5 vi naturligvis forholde oss til dette, sier skipresident Tove Moe Dyrhaug i en uttalelse.<\/p>\n","protected":false},"excerpt":{"rendered":"\u2013 S\u00e5 lenge Russland fortsetter sin brutale og ulovlige angrepskrig mot Ukraina, har de ingen plass i internasjonal&hellip;\n","protected":false},"author":2,"featured_media":102595,"comment_status":"","ping_status":"","sticky":false,"template":"","format":"standard","meta":{"footnotes":""},"categories":[5],"tags":[20,21,24,25,15,19,22,23,17,18,13,30,28,29,14,16,26,27],"class_list":{"0":"post-102594","1":"post","2":"type-post","3":"status-publish","4":"format-standard","5":"has-post-thumbnail","7":"category-overskrifter","8":"tag-breaking-news","9":"tag-breakingnews","10":"tag-featured-news","11":"tag-featurednews","12":"tag-headlines","13":"tag-hovedoppslag","14":"tag-latest-news","15":"tag-latestnews","16":"tag-main-news","17":"tag-mainnews","18":"tag-news","19":"tag-no","20":"tag-norge","21":"tag-norway","22":"tag-nyheter","23":"tag-overskrifter","24":"tag-top-stories","25":"tag-topstories"},"share_on_mastodon":{"url":"https:\/\/pubeurope.com\/@no\/115651841143278614","error":""},"_links":{"self":[{"href":"https:\/\/www.europesays.com\/no\/wp-json\/wp\/v2\/posts\/102594","targetHints":{"allow":["GET"]}}],"collection":[{"href":"https:\/\/www.europesays.com\/no\/wp-json\/wp\/v2\/posts"}],"about":[{"href":"https:\/\/www.europesays.com\/no\/wp-json\/wp\/v2\/types\/post"}],"author":[{"embeddable":true,"href":"https:\/\/www.europesays.com\/no\/wp-json\/wp\/v2\/users\/2"}],"replies":[{"embeddable":true,"href":"https:\/\/www.europesays.com\/no\/wp-json\/wp\/v2\/comments?post=102594"}],"version-history":[{"count":0,"href":"https:\/\/www.europesays.com\/no\/wp-json\/wp\/v2\/posts\/102594\/revisions"}],"wp:featuredmedia":[{"embeddable":true,"href":"https:\/\/www.europesays.com\/no\/wp-json\/wp\/v2\/media\/102595"}],"wp:attachment":[{"href":"https:\/\/www.europesays.com\/no\/wp-json\/wp\/v2\/media?parent=102594"}],"wp:term":[{"taxonomy":"category","embeddable":true,"href":"https:\/\/www.europesays.com\/no\/wp-json\/wp\/v2\/categories?post=102594"},{"taxonomy":"post_tag","embeddable":true,"href":"https:\/\/www.europesays.com\/no\/wp-json\/wp\/v2\/tags?post=102594"}],"curies":[{"name":"wp","href":"https:\/\/api.w.org\/{rel}","templated":true}]}}